{"id":22092,"date":"2023-12-01T16:01:44","date_gmt":"2023-12-01T15:01:44","guid":{"rendered":"https:\/\/bergers-schlagerparadies.de\/?p=22092"},"modified":"2023-12-01T16:01:44","modified_gmt":"2023-12-01T15:01:44","slug":"duo-wer-weihnachtszeit-%c2%b7-bergers-schlagerparadies","status":"publish","type":"post","link":"https:\/\/bergers-schlagerparadies.de\/?p=22092","title":{"rendered":"Duo WeR &#8211; Weihnachtszeit \u00b7 Berger\u00b4s Schlagerparadies"},"content":{"rendered":"<p><img loading=\"lazy\" decoding=\"async\" class=\"size-medium wp-image-22093 alignleft\" src=\"https:\/\/bergers-schlagerparadies.de\/wp-content\/uploads\/2023\/12\/Duo-WeR-Weihnachtszeit-300x300.jpg\" alt=\"\" width=\"300\" height=\"300\" srcset=\"https:\/\/bergers-schlagerparadies.de\/wp-content\/uploads\/2023\/12\/Duo-WeR-Weihnachtszeit-300x300.jpg 300w, https:\/\/bergers-schlagerparadies.de\/wp-content\/uploads\/2023\/12\/Duo-WeR-Weihnachtszeit-1024x1024.jpg 1024w, https:\/\/bergers-schlagerparadies.de\/wp-content\/uploads\/2023\/12\/Duo-WeR-Weihnachtszeit-150x150.jpg 150w, https:\/\/bergers-schlagerparadies.de\/wp-content\/uploads\/2023\/12\/Duo-WeR-Weihnachtszeit-768x768.jpg 768w, https:\/\/bergers-schlagerparadies.de\/wp-content\/uploads\/2023\/12\/Duo-WeR-Weihnachtszeit-1536x1536.jpg 1536w, https:\/\/bergers-schlagerparadies.de\/wp-content\/uploads\/2023\/12\/Duo-WeR-Weihnachtszeit-2048x2048.jpg 2048w, https:\/\/bergers-schlagerparadies.de\/wp-content\/uploads\/2023\/12\/Duo-WeR-Weihnachtszeit-1200x1200.jpg 1200w, https:\/\/bergers-schlagerparadies.de\/wp-content\/uploads\/2023\/12\/Duo-WeR-Weihnachtszeit-1188x1188.jpg 1188w, https:\/\/bergers-schlagerparadies.de\/wp-content\/uploads\/2023\/12\/Duo-WeR-Weihnachtszeit-100x100.jpg 100w\" sizes=\"auto, (max-width: 300px) 100vw, 300px\" \/>Da das Duo WeR mit seinen bereits in der Vergangenheit ver\u00f6ffentlichten Titeln einen regen<br \/>\nZuspruch verzeichnen konnte, hat es sich nun entschieden, passend zur Advents- und<br \/>\nVorweihnachtszeit, einen ersten eigenen Weihnachtssong mit dem Titel \u201eWeihnachtszeit\u201c<br \/>\nzu pr\u00e4sentieren.<br \/>\nEin sch\u00f6ner Titel, der beschreibt, wie sich die Welt beim jahreszeitlichen \u00dcbergang vom<br \/>\nHerbst zum Winter hin ver\u00e4ndert, mit seiner besinnlichen Weihnachtszeit, die die Herzen<br \/>\nder Menschen zum Leuchten bringt, und allj\u00e4hrlich die Hoffnung auf Frieden in der Welt<br \/>\naussendet.<br \/>\nMit diesem Song m\u00f6chten die beiden beliebten S\u00e4nger Wolfgang und Reinhardt Ihre Zuh\u00f6rer<br \/>\neinf\u00fchlsam auf die \u201esch\u00f6nste Zeit im Jahr\u201c einstimmen und durch diesen Song ein Licht in<br \/>\nden Herzen Ihrer Fans entz\u00fcnden, was ihnen sicherlich gelingen wird.<br \/>\nDas Duo WeR besteht aus den beiden S\u00e4ngern Wolfgang Steiner und Reinhardt Helwig,<br \/>\nderen Anfangsbuchstaben ihrer Vornamen sich auch in der Bezeichnung des Duos<br \/>\nwiederfinden (\u201eWe\u201c wie Wolfgang und \u201eeR\u201c wie Reinhardt). Beide sind in Baden<br \/>\nW\u00fcrttemberg zu Hause und stammen aus dem sch\u00f6nen Siebenb\u00fcrgen im Karpatenbogen,<br \/>\ndem heutigen Rum\u00e4nien. Schon in jungen Jahren fanden Wolfgang und Reinhardt Gefallen<br \/>\nam deutschen Schlager, dem sie bis heute verbunden geblieben sind.<\/p>\n<p><span style=\"color: #800000;\"><strong>Quelle: <span style=\"font-size: 10pt; font-family: Arial, sans-serif;\">Eckhard Bieker<\/span><\/strong><\/span><\/p>\n<p><span style=\"color: #800000;\"><strong>Dieser Song ist ab dem 01.12.2023 in allen bekannten Onlineshops erh\u00e4ltlich!<\/strong><\/span><\/p>\n<p><span style=\"color: #800000;\"><strong>Airdate (f\u00fcr Radiosender): 01.12.2023<\/strong><\/span><\/p>\n","protected":false},"excerpt":{"rendered":"<p>Da das Duo WeR mit seinen bereits in der Vergangenheit ver\u00f6ffentlichten Titeln einen regen Zuspruch verzeichnen konnte, hat es sich nun entschieden, passend zur Advents- und Vorweihnachtszeit, einen ersten eigenen Weihnachtssong mit dem Titel \u201eWeihnachtszeit\u201c zu pr\u00e4sentieren. Ein sch\u00f6ner Titel, der beschreibt, wie sich die Welt beim jahreszeitlichen \u00dcbergang vom Herbst zum Winter hin ver\u00e4ndert, mit seiner besinnlichen Weihnachtszeit, die die Herzen der Menschen zum Leuchten bringt, und allj\u00e4hrlich die Hoffnung auf Frieden in der Welt aussendet. Mit diesem Song m\u00f6chten die beiden beliebten S\u00e4nger Wolfgang und Reinhardt Ihre Zuh\u00f6rer einf\u00fchlsam auf die \u201esch\u00f6nste Zeit im Jahr\u201c einstimmen und durch diesen Song ein Licht in&#8230;<\/p>\n","protected":false},"author":1,"featured_media":22093,"comment_status":"open","ping_status":"open","sticky":false,"template":"","format":"standard","meta":{"footnotes":""},"categories":[2],"tags":[1458],"class_list":["post-22092","post","type-post","status-publish","format-standard","has-post-thumbnail","hentry","category-schlager","tag-duo-wer","wpcat-2-id"],"_links":{"self":[{"href":"https:\/\/bergers-schlagerparadies.de\/index.php?rest_route=\/wp\/v2\/posts\/22092","targetHints":{"allow":["GET"]}}],"collection":[{"href":"https:\/\/bergers-schlagerparadies.de\/index.php?rest_route=\/wp\/v2\/posts"}],"about":[{"href":"https:\/\/bergers-schlagerparadies.de\/index.php?rest_route=\/wp\/v2\/types\/post"}],"author":[{"embeddable":true,"href":"https:\/\/bergers-schlagerparadies.de\/index.php?rest_route=\/wp\/v2\/users\/1"}],"replies":[{"embeddable":true,"href":"https:\/\/bergers-schlagerparadies.de\/index.php?rest_route=%2Fwp%2Fv2%2Fcomments&post=22092"}],"version-history":[{"count":1,"href":"https:\/\/bergers-schlagerparadies.de\/index.php?rest_route=\/wp\/v2\/posts\/22092\/revisions"}],"predecessor-version":[{"id":22094,"href":"https:\/\/bergers-schlagerparadies.de\/index.php?rest_route=\/wp\/v2\/posts\/22092\/revisions\/22094"}],"wp:featuredmedia":[{"embeddable":true,"href":"https:\/\/bergers-schlagerparadies.de\/index.php?rest_route=\/wp\/v2\/media\/22093"}],"wp:attachment":[{"href":"https:\/\/bergers-schlagerparadies.de\/index.php?rest_route=%2Fwp%2Fv2%2Fmedia&parent=22092"}],"wp:term":[{"taxonomy":"category","embeddable":true,"href":"https:\/\/bergers-schlagerparadies.de\/index.php?rest_route=%2Fwp%2Fv2%2Fcategories&post=22092"},{"taxonomy":"post_tag","embeddable":true,"href":"https:\/\/bergers-schlagerparadies.de\/index.php?rest_route=%2Fwp%2Fv2%2Ftags&post=22092"}],"curies":[{"name":"wp","href":"https:\/\/api.w.org\/{rel}","templated":true}]}}