{"id":22041,"date":"2023-12-04T10:30:52","date_gmt":"2023-12-04T09:30:52","guid":{"rendered":"https:\/\/bergers-schlagerparadies.de\/?p=22041"},"modified":"2023-12-01T09:17:59","modified_gmt":"2023-12-01T08:17:59","slug":"duo-augenblick-weihnachtsmorgen-%c2%b7-bergers-schlagerparadies","status":"publish","type":"post","link":"https:\/\/bergers-schlagerparadies.de\/?p=22041","title":{"rendered":"Duo Augenblick &#8211; Weihnachtsmorgen \u00b7 Berger\u00b4s Schlagerparadies"},"content":{"rendered":"<p><img loading=\"lazy\" decoding=\"async\" class=\"size-medium wp-image-22042 alignleft\" src=\"https:\/\/bergers-schlagerparadies.de\/wp-content\/uploads\/2023\/12\/Duo-Augenblick-Weihnachtsmorgen-300x300.jpeg\" alt=\"\" width=\"300\" height=\"300\" srcset=\"https:\/\/bergers-schlagerparadies.de\/wp-content\/uploads\/2023\/12\/Duo-Augenblick-Weihnachtsmorgen-300x300.jpeg 300w, https:\/\/bergers-schlagerparadies.de\/wp-content\/uploads\/2023\/12\/Duo-Augenblick-Weihnachtsmorgen-1024x1024.jpeg 1024w, https:\/\/bergers-schlagerparadies.de\/wp-content\/uploads\/2023\/12\/Duo-Augenblick-Weihnachtsmorgen-150x150.jpeg 150w, https:\/\/bergers-schlagerparadies.de\/wp-content\/uploads\/2023\/12\/Duo-Augenblick-Weihnachtsmorgen-768x768.jpeg 768w, https:\/\/bergers-schlagerparadies.de\/wp-content\/uploads\/2023\/12\/Duo-Augenblick-Weihnachtsmorgen-1188x1188.jpeg 1188w, https:\/\/bergers-schlagerparadies.de\/wp-content\/uploads\/2023\/12\/Duo-Augenblick-Weihnachtsmorgen-100x100.jpeg 100w, https:\/\/bergers-schlagerparadies.de\/wp-content\/uploads\/2023\/12\/Duo-Augenblick-Weihnachtsmorgen.jpeg 1200w\" sizes=\"auto, (max-width: 300px) 100vw, 300px\" \/>Das Duo Augenblick bringt dieses Jahr ihren ersten Weihnachts-Titel raus. &#8222;Weihnachtsmorgen&#8220; so hei\u00dft der Titel. Mit sch\u00f6nen Weihnachtselementen , aber doch im typischen Duo Augenblick Style, ist dieser Song ein gelungener Weihnachtsschlager geworden. &#8222;Wenn der Weihnachtsmorgen kommt Und man h\u00f6rt vom Horizont Halleluja halleluja&#8220; So ein kleiner Auszug aus dem Refrain. Das Duo Augenblick w\u00fcnscht mit diesem Titel eine Frohe und besinnliche Weihnachtszeit und ein gl\u00fcckliches neues Jahr.<\/p>\n<p>&nbsp;<\/p>\n<p>&nbsp;<\/p>\n<p><span style=\"color: #800000;\"><strong>Quelle: JP Music Records<\/strong><\/span><\/p>\n<p><span style=\"color: #800000;\"><strong>Dieser Song ist ab dem 08.12.2023 in allen bekannten Onlineshops erh\u00e4ltlich!<\/strong><\/span><\/p>\n<p><span style=\"color: #800000;\"><strong>Airdate (f\u00fcr Radiosender): 08.12.2023<\/strong><\/span><\/p>\n","protected":false},"excerpt":{"rendered":"<p>Das Duo Augenblick bringt dieses Jahr ihren ersten Weihnachts-Titel raus. &#8222;Weihnachtsmorgen&#8220; so hei\u00dft der Titel. Mit sch\u00f6nen Weihnachtselementen , aber doch im typischen Duo Augenblick Style, ist dieser Song ein gelungener Weihnachtsschlager geworden. &#8222;Wenn der Weihnachtsmorgen kommt Und man h\u00f6rt vom Horizont Halleluja halleluja&#8220; So ein kleiner Auszug aus dem Refrain. Das Duo Augenblick w\u00fcnscht mit diesem Titel eine Frohe und besinnliche Weihnachtszeit und ein gl\u00fcckliches neues Jahr. &nbsp; &nbsp; Quelle: JP Music Records Dieser Song ist ab dem 08.12.2023 in allen bekannten Onlineshops erh\u00e4ltlich! Airdate (f\u00fcr Radiosender): 08.12.2023<\/p>\n","protected":false},"author":1,"featured_media":22042,"comment_status":"open","ping_status":"open","sticky":false,"template":"","format":"standard","meta":{"footnotes":""},"categories":[2],"tags":[681],"class_list":["post-22041","post","type-post","status-publish","format-standard","has-post-thumbnail","hentry","category-schlager","tag-duo-augenblick","wpcat-2-id"],"_links":{"self":[{"href":"https:\/\/bergers-schlagerparadies.de\/index.php?rest_route=\/wp\/v2\/posts\/22041","targetHints":{"allow":["GET"]}}],"collection":[{"href":"https:\/\/bergers-schlagerparadies.de\/index.php?rest_route=\/wp\/v2\/posts"}],"about":[{"href":"https:\/\/bergers-schlagerparadies.de\/index.php?rest_route=\/wp\/v2\/types\/post"}],"author":[{"embeddable":true,"href":"https:\/\/bergers-schlagerparadies.de\/index.php?rest_route=\/wp\/v2\/users\/1"}],"replies":[{"embeddable":true,"href":"https:\/\/bergers-schlagerparadies.de\/index.php?rest_route=%2Fwp%2Fv2%2Fcomments&post=22041"}],"version-history":[{"count":1,"href":"https:\/\/bergers-schlagerparadies.de\/index.php?rest_route=\/wp\/v2\/posts\/22041\/revisions"}],"predecessor-version":[{"id":22043,"href":"https:\/\/bergers-schlagerparadies.de\/index.php?rest_route=\/wp\/v2\/posts\/22041\/revisions\/22043"}],"wp:featuredmedia":[{"embeddable":true,"href":"https:\/\/bergers-schlagerparadies.de\/index.php?rest_route=\/wp\/v2\/media\/22042"}],"wp:attachment":[{"href":"https:\/\/bergers-schlagerparadies.de\/index.php?rest_route=%2Fwp%2Fv2%2Fmedia&parent=22041"}],"wp:term":[{"taxonomy":"category","embeddable":true,"href":"https:\/\/bergers-schlagerparadies.de\/index.php?rest_route=%2Fwp%2Fv2%2Fcategories&post=22041"},{"taxonomy":"post_tag","embeddable":true,"href":"https:\/\/bergers-schlagerparadies.de\/index.php?rest_route=%2Fwp%2Fv2%2Ftags&post=22041"}],"curies":[{"name":"wp","href":"https:\/\/api.w.org\/{rel}","templated":true}]}}