{"id":22026,"date":"2023-12-04T10:30:27","date_gmt":"2023-12-04T09:30:27","guid":{"rendered":"https:\/\/bergers-schlagerparadies.de\/?p=22026"},"modified":"2023-11-30T21:00:00","modified_gmt":"2023-11-30T20:00:00","slug":"daniela-martinez-dann-leuchten-die-kerzen-%c2%b7-bergers-schlagerparadies","status":"publish","type":"post","link":"https:\/\/bergers-schlagerparadies.de\/?p=22026","title":{"rendered":"DANIELA MARTINEZ &#8211; Dann leuchten die Kerzen \u00b7 Berger\u00b4s Schlagerparadies"},"content":{"rendered":"<p><img loading=\"lazy\" decoding=\"async\" class=\"size-medium wp-image-22027 alignleft\" src=\"https:\/\/bergers-schlagerparadies.de\/wp-content\/uploads\/2023\/11\/DANIELA-MARTINEZ-Dann-leuchten-die-Kerzen-300x300.jpeg\" alt=\"\" width=\"300\" height=\"300\" srcset=\"https:\/\/bergers-schlagerparadies.de\/wp-content\/uploads\/2023\/11\/DANIELA-MARTINEZ-Dann-leuchten-die-Kerzen-300x300.jpeg 300w, https:\/\/bergers-schlagerparadies.de\/wp-content\/uploads\/2023\/11\/DANIELA-MARTINEZ-Dann-leuchten-die-Kerzen-1024x1024.jpeg 1024w, https:\/\/bergers-schlagerparadies.de\/wp-content\/uploads\/2023\/11\/DANIELA-MARTINEZ-Dann-leuchten-die-Kerzen-150x150.jpeg 150w, https:\/\/bergers-schlagerparadies.de\/wp-content\/uploads\/2023\/11\/DANIELA-MARTINEZ-Dann-leuchten-die-Kerzen-768x768.jpeg 768w, https:\/\/bergers-schlagerparadies.de\/wp-content\/uploads\/2023\/11\/DANIELA-MARTINEZ-Dann-leuchten-die-Kerzen-1188x1188.jpeg 1188w, https:\/\/bergers-schlagerparadies.de\/wp-content\/uploads\/2023\/11\/DANIELA-MARTINEZ-Dann-leuchten-die-Kerzen-100x100.jpeg 100w, https:\/\/bergers-schlagerparadies.de\/wp-content\/uploads\/2023\/11\/DANIELA-MARTINEZ-Dann-leuchten-die-Kerzen.jpeg 1200w\" sizes=\"auto, (max-width: 300px) 100vw, 300px\" \/>Mit 2 ganz besonderen Singles unterhielt uns die sympathische Schwarzw\u00e4lderin Daniela Martinez im Jahr 2023. &#8222;Schwarzw\u00e4lder Charme&#8220;, der Titelsong ihrer gleichnamigen TV-Sendung auf Stimmungsgarten TV, unterstrich ihre Liebe zur Heimat. Mit &#8222;Du wei\u00dft ja nicht was du tust&#8220; pr\u00e4sentierte sie sich erneut schlagerhaft und erfolgreich.<\/p>\n<p>Zur Adventszeit ver\u00f6ffentlicht sie nun ihren brandneuen Weihnachtsschlager &#8222;Dann leuchten die Kerzen&#8220;. Eine romantische Nummer, eingepackt in schlagerhaft-weihnachtliche Kl\u00e4nge und gef\u00fchlvoll interpretiert von einer charmanten K\u00fcnstlerin, die als S\u00e4ngerin und Moderatorin ihr Publikum bestens unterh\u00e4lt.<\/p>\n<p><span style=\"color: #800000;\"><strong>Quelle: Tyrolis<\/strong><\/span><\/p>\n<p><span style=\"color: #800000;\"><strong>Dieser Song ist ab dem 30.11.2023 in allen bekannten Onlineshops erh\u00e4ltlich!<\/strong><\/span><\/p>\n<p><span style=\"color: #800000;\"><strong>Airdate (f\u00fcr Radiosender): 30.11.2023<\/strong><\/span><\/p>\n","protected":false},"excerpt":{"rendered":"<p>Mit 2 ganz besonderen Singles unterhielt uns die sympathische Schwarzw\u00e4lderin Daniela Martinez im Jahr 2023. &#8222;Schwarzw\u00e4lder Charme&#8220;, der Titelsong ihrer gleichnamigen TV-Sendung auf Stimmungsgarten TV, unterstrich ihre Liebe zur Heimat. Mit &#8222;Du wei\u00dft ja nicht was du tust&#8220; pr\u00e4sentierte sie sich erneut schlagerhaft und erfolgreich. Zur Adventszeit ver\u00f6ffentlicht sie nun ihren brandneuen Weihnachtsschlager &#8222;Dann leuchten die Kerzen&#8220;. Eine romantische Nummer, eingepackt in schlagerhaft-weihnachtliche Kl\u00e4nge und gef\u00fchlvoll interpretiert von einer charmanten K\u00fcnstlerin, die als S\u00e4ngerin und Moderatorin ihr Publikum bestens unterh\u00e4lt. Quelle: Tyrolis Dieser Song ist ab dem 30.11.2023 in allen bekannten Onlineshops erh\u00e4ltlich! Airdate (f\u00fcr Radiosender): 30.11.2023<\/p>\n","protected":false},"author":1,"featured_media":22027,"comment_status":"open","ping_status":"open","sticky":false,"template":"","format":"standard","meta":{"footnotes":""},"categories":[2],"tags":[1859],"class_list":["post-22026","post","type-post","status-publish","format-standard","has-post-thumbnail","hentry","category-schlager","tag-daniela-martinez","wpcat-2-id"],"_links":{"self":[{"href":"https:\/\/bergers-schlagerparadies.de\/index.php?rest_route=\/wp\/v2\/posts\/22026","targetHints":{"allow":["GET"]}}],"collection":[{"href":"https:\/\/bergers-schlagerparadies.de\/index.php?rest_route=\/wp\/v2\/posts"}],"about":[{"href":"https:\/\/bergers-schlagerparadies.de\/index.php?rest_route=\/wp\/v2\/types\/post"}],"author":[{"embeddable":true,"href":"https:\/\/bergers-schlagerparadies.de\/index.php?rest_route=\/wp\/v2\/users\/1"}],"replies":[{"embeddable":true,"href":"https:\/\/bergers-schlagerparadies.de\/index.php?rest_route=%2Fwp%2Fv2%2Fcomments&post=22026"}],"version-history":[{"count":1,"href":"https:\/\/bergers-schlagerparadies.de\/index.php?rest_route=\/wp\/v2\/posts\/22026\/revisions"}],"predecessor-version":[{"id":22028,"href":"https:\/\/bergers-schlagerparadies.de\/index.php?rest_route=\/wp\/v2\/posts\/22026\/revisions\/22028"}],"wp:featuredmedia":[{"embeddable":true,"href":"https:\/\/bergers-schlagerparadies.de\/index.php?rest_route=\/wp\/v2\/media\/22027"}],"wp:attachment":[{"href":"https:\/\/bergers-schlagerparadies.de\/index.php?rest_route=%2Fwp%2Fv2%2Fmedia&parent=22026"}],"wp:term":[{"taxonomy":"category","embeddable":true,"href":"https:\/\/bergers-schlagerparadies.de\/index.php?rest_route=%2Fwp%2Fv2%2Fcategories&post=22026"},{"taxonomy":"post_tag","embeddable":true,"href":"https:\/\/bergers-schlagerparadies.de\/index.php?rest_route=%2Fwp%2Fv2%2Ftags&post=22026"}],"curies":[{"name":"wp","href":"https:\/\/api.w.org\/{rel}","templated":true}]}}