{"id":21998,"date":"2023-11-29T21:02:14","date_gmt":"2023-11-29T20:02:14","guid":{"rendered":"https:\/\/bergers-schlagerparadies.de\/?p=21998"},"modified":"2023-11-29T21:02:14","modified_gmt":"2023-11-29T20:02:14","slug":"stefan-dietl-und-die-aufdreher-herr-lass-frieden-werden-%c2%b7-bergers-schlagerparadies-2","status":"publish","type":"post","link":"https:\/\/bergers-schlagerparadies.de\/?p=21998","title":{"rendered":"Stefan Dietl und die Aufdreher &#8211; Herr Lass Frieden werden \u00b7 Berger\u00b4s Schlagerparadies"},"content":{"rendered":"<p><img loading=\"lazy\" decoding=\"async\" class=\"size-medium wp-image-21999 alignleft\" src=\"https:\/\/bergers-schlagerparadies.de\/wp-content\/uploads\/2023\/11\/Stefan-Dietl-und-die-Aufdreher-Herr-Lass-Frieden-werden-300x300.jpeg\" alt=\"\" width=\"300\" height=\"300\" srcset=\"https:\/\/bergers-schlagerparadies.de\/wp-content\/uploads\/2023\/11\/Stefan-Dietl-und-die-Aufdreher-Herr-Lass-Frieden-werden-300x300.jpeg 300w, https:\/\/bergers-schlagerparadies.de\/wp-content\/uploads\/2023\/11\/Stefan-Dietl-und-die-Aufdreher-Herr-Lass-Frieden-werden-1024x1024.jpeg 1024w, https:\/\/bergers-schlagerparadies.de\/wp-content\/uploads\/2023\/11\/Stefan-Dietl-und-die-Aufdreher-Herr-Lass-Frieden-werden-150x150.jpeg 150w, https:\/\/bergers-schlagerparadies.de\/wp-content\/uploads\/2023\/11\/Stefan-Dietl-und-die-Aufdreher-Herr-Lass-Frieden-werden-768x768.jpeg 768w, https:\/\/bergers-schlagerparadies.de\/wp-content\/uploads\/2023\/11\/Stefan-Dietl-und-die-Aufdreher-Herr-Lass-Frieden-werden-1536x1536.jpeg 1536w, https:\/\/bergers-schlagerparadies.de\/wp-content\/uploads\/2023\/11\/Stefan-Dietl-und-die-Aufdreher-Herr-Lass-Frieden-werden-2048x2048.jpeg 2048w, https:\/\/bergers-schlagerparadies.de\/wp-content\/uploads\/2023\/11\/Stefan-Dietl-und-die-Aufdreher-Herr-Lass-Frieden-werden-1200x1200.jpeg 1200w, https:\/\/bergers-schlagerparadies.de\/wp-content\/uploads\/2023\/11\/Stefan-Dietl-und-die-Aufdreher-Herr-Lass-Frieden-werden-1188x1188.jpeg 1188w, https:\/\/bergers-schlagerparadies.de\/wp-content\/uploads\/2023\/11\/Stefan-Dietl-und-die-Aufdreher-Herr-Lass-Frieden-werden-100x100.jpeg 100w\" sizes=\"auto, (max-width: 300px) 100vw, 300px\" \/>Liebe Freunde von Stefan &amp; die Aufdreher, liebe Mariandl-G\u00e4ste. Vor rund 20 Jahren hat Erfolgstexter Rudolph Schambeck u.a. eines der bekanntesten Weihnachtslieder &#8222;A Weihnacht wies fr\u00fcher war&#8220; geschrieben. Jetzt hat er nochmal seinen Bleistift gespitzt und f\u00fcr seinen Freund Stefan Dietl und seinen Aufdrehern f\u00fcr die jetzige Zeit wieder ein tolles Weihnachtslied gezaubert. Stefan&#8217;s Musikcrew J\u00fcrgen &amp; Wolfgang Groiss dazu die passende Musik. Heute Abend schicken wir es als Friedensbotschaft aus der Elisabethszeller Kirche hinaus in die ganze Welt und w\u00fcnschen euch allen eine sch\u00f6ne Weihnachtszeit. Herzlichst euer Stefan.<\/p>\n<p><span style=\"color: #800000;\"><strong>Quelle: YOYO<\/strong><\/span><\/p>\n<p><span style=\"color: #800000;\"><strong>Dieser Song ist ab dem 01.12.2023 in allen bekannten Onlineshops erh\u00e4ltlich!<\/strong><\/span><\/p>\n<p><span style=\"color: #800000;\"><strong>Airdate (f\u00fcr Radiosender): 01.12.2023<\/strong><\/span><\/p>\n","protected":false},"excerpt":{"rendered":"<p>Liebe Freunde von Stefan &amp; die Aufdreher, liebe Mariandl-G\u00e4ste. Vor rund 20 Jahren hat Erfolgstexter Rudolph Schambeck u.a. eines der bekanntesten Weihnachtslieder &#8222;A Weihnacht wies fr\u00fcher war&#8220; geschrieben. Jetzt hat er nochmal seinen Bleistift gespitzt und f\u00fcr seinen Freund Stefan Dietl und seinen Aufdrehern f\u00fcr die jetzige Zeit wieder ein tolles Weihnachtslied gezaubert. Stefan&#8217;s Musikcrew J\u00fcrgen &amp; Wolfgang Groiss dazu die passende Musik. Heute Abend schicken wir es als Friedensbotschaft aus der Elisabethszeller Kirche hinaus in die ganze Welt und w\u00fcnschen euch allen eine sch\u00f6ne Weihnachtszeit. Herzlichst euer Stefan. Quelle: YOYO Dieser Song ist ab dem 01.12.2023 in allen bekannten Onlineshops erh\u00e4ltlich! Airdate (f\u00fcr Radiosender):&#8230;<\/p>\n","protected":false},"author":1,"featured_media":21999,"comment_status":"open","ping_status":"open","sticky":false,"template":"","format":"standard","meta":{"footnotes":""},"categories":[2],"tags":[1591],"class_list":["post-21998","post","type-post","status-publish","format-standard","has-post-thumbnail","hentry","category-schlager","tag-stefan-dietl-und-die-aufdreher","wpcat-2-id"],"_links":{"self":[{"href":"https:\/\/bergers-schlagerparadies.de\/index.php?rest_route=\/wp\/v2\/posts\/21998","targetHints":{"allow":["GET"]}}],"collection":[{"href":"https:\/\/bergers-schlagerparadies.de\/index.php?rest_route=\/wp\/v2\/posts"}],"about":[{"href":"https:\/\/bergers-schlagerparadies.de\/index.php?rest_route=\/wp\/v2\/types\/post"}],"author":[{"embeddable":true,"href":"https:\/\/bergers-schlagerparadies.de\/index.php?rest_route=\/wp\/v2\/users\/1"}],"replies":[{"embeddable":true,"href":"https:\/\/bergers-schlagerparadies.de\/index.php?rest_route=%2Fwp%2Fv2%2Fcomments&post=21998"}],"version-history":[{"count":1,"href":"https:\/\/bergers-schlagerparadies.de\/index.php?rest_route=\/wp\/v2\/posts\/21998\/revisions"}],"predecessor-version":[{"id":22000,"href":"https:\/\/bergers-schlagerparadies.de\/index.php?rest_route=\/wp\/v2\/posts\/21998\/revisions\/22000"}],"wp:featuredmedia":[{"embeddable":true,"href":"https:\/\/bergers-schlagerparadies.de\/index.php?rest_route=\/wp\/v2\/media\/21999"}],"wp:attachment":[{"href":"https:\/\/bergers-schlagerparadies.de\/index.php?rest_route=%2Fwp%2Fv2%2Fmedia&parent=21998"}],"wp:term":[{"taxonomy":"category","embeddable":true,"href":"https:\/\/bergers-schlagerparadies.de\/index.php?rest_route=%2Fwp%2Fv2%2Fcategories&post=21998"},{"taxonomy":"post_tag","embeddable":true,"href":"https:\/\/bergers-schlagerparadies.de\/index.php?rest_route=%2Fwp%2Fv2%2Ftags&post=21998"}],"curies":[{"name":"wp","href":"https:\/\/api.w.org\/{rel}","templated":true}]}}