{"id":21936,"date":"2023-12-27T10:30:15","date_gmt":"2023-12-27T09:30:15","guid":{"rendered":"https:\/\/bergers-schlagerparadies.de\/?p=21936"},"modified":"2023-11-30T21:57:58","modified_gmt":"2023-11-30T20:57:58","slug":"ella-endlich-du-ich-%c2%b7-bergers-schlagerparadies","status":"publish","type":"post","link":"https:\/\/bergers-schlagerparadies.de\/?p=21936","title":{"rendered":"Ella Endlich &#8211; Du &#038; Ich \u00b7 Berger\u00b4s Schlagerparadies"},"content":{"rendered":"<p><img loading=\"lazy\" decoding=\"async\" class=\"size-medium wp-image-21937 alignleft\" src=\"https:\/\/bergers-schlagerparadies.de\/wp-content\/uploads\/2023\/11\/Ella-Endlich-Du-Ich-300x300.jpg\" alt=\"\" width=\"300\" height=\"300\" srcset=\"https:\/\/bergers-schlagerparadies.de\/wp-content\/uploads\/2023\/11\/Ella-Endlich-Du-Ich-300x300.jpg 300w, https:\/\/bergers-schlagerparadies.de\/wp-content\/uploads\/2023\/11\/Ella-Endlich-Du-Ich-1024x1024.jpg 1024w, https:\/\/bergers-schlagerparadies.de\/wp-content\/uploads\/2023\/11\/Ella-Endlich-Du-Ich-150x150.jpg 150w, https:\/\/bergers-schlagerparadies.de\/wp-content\/uploads\/2023\/11\/Ella-Endlich-Du-Ich-768x768.jpg 768w, https:\/\/bergers-schlagerparadies.de\/wp-content\/uploads\/2023\/11\/Ella-Endlich-Du-Ich-1200x1200.jpg 1200w, https:\/\/bergers-schlagerparadies.de\/wp-content\/uploads\/2023\/11\/Ella-Endlich-Du-Ich-1188x1188.jpg 1188w, https:\/\/bergers-schlagerparadies.de\/wp-content\/uploads\/2023\/11\/Ella-Endlich-Du-Ich-100x100.jpg 100w, https:\/\/bergers-schlagerparadies.de\/wp-content\/uploads\/2023\/11\/Ella-Endlich-Du-Ich.jpg 1400w\" sizes=\"auto, (max-width: 300px) 100vw, 300px\" \/>Wenn das Jahr 2023 zu Ende geht, dann war es ein sehr besonderes f\u00fcr Ella Endlich. Die Geburt eines gesunden Sohnes im Juni und das zu Grabe tragen ihres Gro\u00dfvaters im gleichen Sommer, das bewegte die S\u00e4ngerin und Texterin zu ihrem Song \u201eDu &amp; Ich\u201c.<\/p>\n<p>\u201eEs ist der gro\u00dfe Kreislauf des Lebens und ich bin mittendrin\u201c, sagt sie. Mit gro\u00dfem Stimmumfang widmet sie nun ihren Song, den sie mit Matthias Heising geschrieben hat, allen Kindern auf der Welt. \u201eUnsere Kinder sind ein Segen und ich erlebe die wohltuende Einfachheit aller Dinge. Es ist eine emotionale Zeit f\u00fcr mich privat und ich w\u00fcnschte kein Kind m\u00fcsste jemals Krieg erfahren\u201c.<\/p>\n<p>Demnach gibt es f\u00fcr alle kommend die Weihnachts-Version des Titels, den sie in den kommenden Wochen in einigen TV Shows pr\u00e4sentieren wird, aber auch eine Version, die ganzj\u00e4hrig zu h\u00f6ren ist mit einer Textvariation.<\/p>\n<p>Beim gro\u00dfen Streicher-Arrangement der Single \u201eDu &amp;ich\u201c setzte sie wieder ganz auf das Handwerk eines mittlerweile guten Freundes, Manuel Stix. Er stattete damals auch ihren M\u00e4rchen-Hit mit Orchester aus.<\/p>\n<p><span style=\"color: #800000;\"><strong>Quelle: Unendlich Musik<\/strong><\/span><\/p>\n<p><span style=\"color: #800000;\"><strong>Dieser Song ist ab dem 24.11.2023 in allen bekannten Onlineshops erh\u00e4ltlich!<\/strong><\/span><\/p>\n<p><span style=\"color: #800000;\"><strong>Airdate (f\u00fcr Radiosender): 24.11.2023<\/strong><\/span><\/p>\n","protected":false},"excerpt":{"rendered":"<p>Wenn das Jahr 2023 zu Ende geht, dann war es ein sehr besonderes f\u00fcr Ella Endlich. Die Geburt eines gesunden Sohnes im Juni und das zu Grabe tragen ihres Gro\u00dfvaters im gleichen Sommer, das bewegte die S\u00e4ngerin und Texterin zu ihrem Song \u201eDu &amp; Ich\u201c. \u201eEs ist der gro\u00dfe Kreislauf des Lebens und ich bin mittendrin\u201c, sagt sie. Mit gro\u00dfem Stimmumfang widmet sie nun ihren Song, den sie mit Matthias Heising geschrieben hat, allen Kindern auf der Welt. \u201eUnsere Kinder sind ein Segen und ich erlebe die wohltuende Einfachheit aller Dinge. Es ist eine emotionale Zeit f\u00fcr mich privat und ich w\u00fcnschte kein Kind m\u00fcsste&#8230;<\/p>\n","protected":false},"author":1,"featured_media":21937,"comment_status":"open","ping_status":"open","sticky":false,"template":"","format":"standard","meta":{"footnotes":""},"categories":[2],"tags":[1386],"class_list":["post-21936","post","type-post","status-publish","format-standard","has-post-thumbnail","hentry","category-schlager","tag-ella-endlich","wpcat-2-id"],"_links":{"self":[{"href":"https:\/\/bergers-schlagerparadies.de\/index.php?rest_route=\/wp\/v2\/posts\/21936","targetHints":{"allow":["GET"]}}],"collection":[{"href":"https:\/\/bergers-schlagerparadies.de\/index.php?rest_route=\/wp\/v2\/posts"}],"about":[{"href":"https:\/\/bergers-schlagerparadies.de\/index.php?rest_route=\/wp\/v2\/types\/post"}],"author":[{"embeddable":true,"href":"https:\/\/bergers-schlagerparadies.de\/index.php?rest_route=\/wp\/v2\/users\/1"}],"replies":[{"embeddable":true,"href":"https:\/\/bergers-schlagerparadies.de\/index.php?rest_route=%2Fwp%2Fv2%2Fcomments&post=21936"}],"version-history":[{"count":1,"href":"https:\/\/bergers-schlagerparadies.de\/index.php?rest_route=\/wp\/v2\/posts\/21936\/revisions"}],"predecessor-version":[{"id":21938,"href":"https:\/\/bergers-schlagerparadies.de\/index.php?rest_route=\/wp\/v2\/posts\/21936\/revisions\/21938"}],"wp:featuredmedia":[{"embeddable":true,"href":"https:\/\/bergers-schlagerparadies.de\/index.php?rest_route=\/wp\/v2\/media\/21937"}],"wp:attachment":[{"href":"https:\/\/bergers-schlagerparadies.de\/index.php?rest_route=%2Fwp%2Fv2%2Fmedia&parent=21936"}],"wp:term":[{"taxonomy":"category","embeddable":true,"href":"https:\/\/bergers-schlagerparadies.de\/index.php?rest_route=%2Fwp%2Fv2%2Fcategories&post=21936"},{"taxonomy":"post_tag","embeddable":true,"href":"https:\/\/bergers-schlagerparadies.de\/index.php?rest_route=%2Fwp%2Fv2%2Ftags&post=21936"}],"curies":[{"name":"wp","href":"https:\/\/api.w.org\/{rel}","templated":true}]}}