{"id":21923,"date":"2023-11-24T11:44:01","date_gmt":"2023-11-24T10:44:01","guid":{"rendered":"https:\/\/bergers-schlagerparadies.de\/?p=21923"},"modified":"2023-11-24T11:44:01","modified_gmt":"2023-11-24T10:44:01","slug":"bernhard-brink-frohe-weihnachten-mit-bernhard-brink-%c2%b7-bergers-schlagerparadies","status":"publish","type":"post","link":"https:\/\/bergers-schlagerparadies.de\/?p=21923","title":{"rendered":"Bernhard Brink &#8211; Frohe Weihnachten mit Bernhard Brink \u00b7 Berger\u00b4s Schlagerparadies"},"content":{"rendered":"<p><img loading=\"lazy\" decoding=\"async\" class=\"size-medium wp-image-21924 alignleft\" src=\"https:\/\/bergers-schlagerparadies.de\/wp-content\/uploads\/2023\/11\/Bernhard-Brink-Frohe-Weihnachten-mit-Bernhard-Brink-300x300.jpg\" alt=\"\" width=\"300\" height=\"300\" srcset=\"https:\/\/bergers-schlagerparadies.de\/wp-content\/uploads\/2023\/11\/Bernhard-Brink-Frohe-Weihnachten-mit-Bernhard-Brink-300x300.jpg 300w, https:\/\/bergers-schlagerparadies.de\/wp-content\/uploads\/2023\/11\/Bernhard-Brink-Frohe-Weihnachten-mit-Bernhard-Brink-1022x1024.jpg 1022w, https:\/\/bergers-schlagerparadies.de\/wp-content\/uploads\/2023\/11\/Bernhard-Brink-Frohe-Weihnachten-mit-Bernhard-Brink-150x150.jpg 150w, https:\/\/bergers-schlagerparadies.de\/wp-content\/uploads\/2023\/11\/Bernhard-Brink-Frohe-Weihnachten-mit-Bernhard-Brink-768x769.jpg 768w, https:\/\/bergers-schlagerparadies.de\/wp-content\/uploads\/2023\/11\/Bernhard-Brink-Frohe-Weihnachten-mit-Bernhard-Brink-1198x1200.jpg 1198w, https:\/\/bergers-schlagerparadies.de\/wp-content\/uploads\/2023\/11\/Bernhard-Brink-Frohe-Weihnachten-mit-Bernhard-Brink-1188x1190.jpg 1188w, https:\/\/bergers-schlagerparadies.de\/wp-content\/uploads\/2023\/11\/Bernhard-Brink-Frohe-Weihnachten-mit-Bernhard-Brink-100x100.jpg 100w, https:\/\/bergers-schlagerparadies.de\/wp-content\/uploads\/2023\/11\/Bernhard-Brink-Frohe-Weihnachten-mit-Bernhard-Brink.jpg 1200w\" sizes=\"auto, (max-width: 300px) 100vw, 300px\" \/>\u2026 das zweite Weihnachtsalbum seiner Karriere!Bernhard Brink\u201eFrohe Weihnachten mit Bernhard Brink\u201c++ ab 24. November im Handel ++<\/p>\n<p>Nach den Feierlichkeiten zum runden B\u00fchnenjubil\u00e4um \u2013 das Doppelalbum \u201e50\u201c stieg wie der Vorg\u00e4nger direkt in die Top-10 der deutschen Charts ein \u2013 widmet sich Bernhard Brink in diesem Jahr einem ganz anderen Fest: Auf \u201eFrohe Weihnachten mit Bernhard Brink\u201c, dem zweiten Weihnachtsalbum seiner Karriere, dr\u00fcckt der stimmgewaltige Entertainer ausgew\u00e4hlten Festtags-Klassikern seinen unverkennbaren Stempel auf. So klingt Weihnachten beim Schlagertitan! Vorbestellungen des Albums, das am 24. November erscheint, sind ab sofort m\u00f6glich.<\/p>\n<p>W\u00e4hrend die letzten Singleauskopplungen vom Jubil\u00e4umsalbum \u201e50\u201c nacheinander auch die Top-10 der deutschen Airplay-Charts aufmischen konnten (u.a. \u201eEs geht immer weiter\u201c, \u201eLeb laut\u201c), vertont Bernhard Brink im Verlauf von insgesamt 13 Weihnachtstiteln jene einzigartige Stimmung, die sich meistens ab Ende November in den Stra\u00dfen und Wohnzimmern ausbreitet. Tats\u00e4chlich ist es auch schon wieder ganze 28 Jahre her, dass er dieser so besonderen Jahreszeit einen Soundtrack verpasst hat \u2013 h\u00f6chste Zeit also f\u00fcr ein Update, das besinnlich und ausgelassen, zeitlos und zeitgen\u00f6ssisch zugleich klingt!<\/p>\n<p>\u201eEin farbenfroher Herbst ist nun vor\u00fcber\u201c, hei\u00dft es im Er\u00f6ffnungstitel \u201eWenn es kalt wird\u201c, den Brink schon vergangenes Jahr als Exklusiv-Single vorweggeschickt hatte. Auch im schwungvollen Update jenes \u201eOriginal-Weihnachtstitels, der vor \u00fcber 20 Jahren eigens f\u00fcr mich geschrieben wurde\u201c, \u201eversuchen sich\/die Menschen zu verstehen\u201c \u2013 und sie hoffen gemeinsam auf den Frieden (und auf Schnee), was sich wie ein roter Faden durch dieses Album zieht.<\/p>\n<p>\u201eWarum k\u00f6nnen Menschen sich nur heute\/und warum wohl nicht immer gut verstehen?\u201c<\/p>\n<p>W\u00e4hrend Zeilen wie \u201eWie schnell f\u00fcr uns die Jahre doch vergehen\u201c f\u00fcr den 71-J\u00e4hrigen und seine angestammten Fans heute noch einen ganz anderen Klang haben als vor der Jahrtausendwende, ist die Frage nach dem Frieden die heimliche und aktuell noch sehr viel wichtigere Botschaft dieses wundersch\u00f6nen Weihnachtstitels aus der Feder von Roland Eberhart (Calimeros). F\u00fcr den satten, aufregend orchestrierten Sound zeichnet dabei Produzent Simon Allert verantwortlich, der auch den gesamten Longplayer produziert hat.<\/p>\n<p>Auf die unbeschwerte Leichtigkeit von \u201eLass es schneien\u201c, einem winterlichen Abstecher in die Welt des Swing-Pop, l\u00e4sst der Schlagertitan eine mit wundersch\u00f6nen Chorges\u00e4ngen durchzogene Neuinterpretation von \u201eIch fahr Weihnachten nach Hause\u201c folgen \u2013 der deutschen Version von Chris Reas Welthit \u201eDriving Home For Christmas\u201c (der \u00fcbrigens tats\u00e4chlich einst im Stau entstand). Verspielt arrangiert und angetrieben von maximaler Festtagsfreude, nimmt der S\u00e4nger Kurs auf \u201eEmotionen ohne Pause\u201c \u2013 und man h\u00f6rt seine Vorfreude ganz klar, wenn er \u201eso schnell ich kann\u201c das festlich geschm\u00fcckte Heim ansteuert, um dann nat\u00fcrlich erst mal blo\u00df \u201erote Lichter \u00fcberall\u201c zu sehen, anstatt der bunten Lichter am Baum \u2026<\/p>\n<p>\u201e\u2026 doch bald werd\u2019 ich die Ausfahrt sehen\/werd\u2019 auf heiligem Boden stehen\u201c, hei\u00dft es voller Zuversicht weiter, gefolgt von einem weltbekannten Weihnachtsgru\u00df auf Spanisch (\u201eFeliz Navidad\u201c) und einem musikalischen Ruhepol, wenn die Akustikgitarren von \u201eAuf der Suche nach Weihnachten\u201c genau das Gef\u00fchl der Ruhe ausl\u00f6sen, das auch der Songwriter Rolf Zuckowski im Sinn hatte. \u201eIch kann nur hoffen, dass es das nochmal gibt\/Ein Weihnachtsabend an dem ich mich verlieb\u201c, lautet daraufhin der gr\u00f6\u00dfte Wunsch in seiner Interpretation von Wham!s \u201eLast Christmas\u201c (\u201eLetzte Weihnachten\u201c), in der es neben mehr Gitarrendruck auch l\u00e4ngst Mobiltelefone gibt. Von der Liebe und einem emotionalen Wiedersehen unterm Weihnachtsbaum erz\u00e4hlt schlie\u00dflich auch Brinks Version vom \u201eLittle Drummer Boy\u201c: Der Rhythmus ist unverkennbar, aber anstatt sich dem kleinen Trommler zu widmen, geht es um Sehnsucht und den Wunsch nach Zweisamkeit, der sich in der heiligen Nacht erf\u00fcllt.<\/p>\n<p>Zu den absoluten Highlights des Albums z\u00e4hlt auch Brinks \u201eWei\u00dfer Winterwald\u201c: \u201eKein Mensch weit und breit\/nur wir sind zu zweit\/wandern durch den wei\u00dfen Winterwald\u201c, hei\u00dft es da \u2013 und wie im knapp 90 Jahre alten US-Original (\u201eWinter Wonderland\u201c) trifft auch hier Schneepracht auf Streicher, Swing-Feeling auf eine Gem\u00fctlichkeit, die sich nur in den letzten Wochen des Jahres ausbreitet: \u201eAm Kamin ist ein Pl\u00e4tzchen\/das geh\u00f6rt unserem K\u00e4tzchen\u201c. Danach hat auch das \u201emost famous reindeer of all\u201c (\u201eRudolph\u201c) seinen Auftritt \u2013 gesungen auf Englisch, wobei Brink obendrein auch seine Qualit\u00e4ten als Geschichtenerz\u00e4hler beweist, wenn er die Essenz, die f\u00fcr Rentiere und Menschen gleicherma\u00dfen gilt, auch noch mal auf Deutsch zusammenfasst. Die Jesusgeschichte darf nat\u00fcrlich auch nicht fehlen \u2013 hier packend arrangiert als \u201eDenn es ist Weihnachtszeit\u201c (\u201eMary\u2019s Boychild\u201c).<\/p>\n<p>Zum gro\u00dfen Finale setzt Brink neben inspirierenden Akzenten (\u201eWeihnachtszeit\u201c) und dem vielleicht bekanntesten Wiegenlied \u00fcberhaupt \u2013 \u201eAba Heidschi Bumbeidschi\u201c \u2013 auf eine Neuinterpretation des Cohen-Klassikers \u201eHallelujah\u201c. \u201eNow I\u2019ve done my best\/I know it wasn\u2019t much\u201c, hei\u00dft es im Verlauf der ikonischen Kompositionen, in deren Songtext auch die Harmonien selbst Thema sind. W\u00e4hrend Leonard Cohen gut f\u00fcnf Jahre an dieser Komposition gesessen haben soll, macht das wundersch\u00f6ne Arrangement diese Neuaufnahme zum perfekten Schlusspunkt f\u00fcrs zweite Weihnachtsalbum des Schlagertitans.<\/p>\n<p>Wie schnell so ein halbes Jahrhundert doch vergeht: Obwohl er urspr\u00fcnglich mit ganz anderen Pl\u00e4nen aus Niedersachsen nach West-Berlin umgesiedelt war (nur: die Musik war dann doch spannender als Jura), sollte der sympathische, ungemein geerdete Bernhard Brink die Charts schon in den Siebzigern mit einer ganzen Serie von Hits aufmischen \u2013 man denke etwa an \u201eIch h\u00f6r ein Lied\u201c, \u201eLiebe auf Zeit\u201c oder \u201eIch w\u00e4r\u2019 so gern wie Du\u201c. Danach legte er nicht nur als Musiker mit immer neuen Hits (von \u201eBlondes Wunder\u201c bis \u201eVon hier bis zur Unendlichkeit\u201c), sondern auch als Moderator und echter Allround-Entertainer eine Kontinuit\u00e4t an den Tag, die man sonst lange suchen muss in der Welt des Schlagers.<\/p>\n<p>Neben der Moderation seiner Erfolgsshow \u201eSchlager des Monats\u201c ging es gerade in den letzten Jahren nur noch steil bergauf f\u00fcr den 71-J\u00e4hrigen: Auf die Top-15-Alben \u201eMit dem Herz durch die Wand\u201c (2017) und \u201eDiamanten\u201c (2019), lie\u00df er 2021 \u201elieben und leben\u201c folgen und eroberte damit direkt die Top-10 in Deutschland (#8) und \u00d6sterreich (#7). W\u00e4hrend sein \u201eBernhard Brink: Das Beste\u201c-Album mit Gold ausgezeichnet wurde, entpuppte sich auch das zuletzt ver\u00f6ffentlichte Jubil\u00e4umsalbum \u201e50\u201c als massiver Charterfolg, als das Doppelalbum im Oktober 2022 ein weiteres Mal die Top-10 erst\u00fcrmte. Seit 2004 Schirmherr der \u201eKids K\u00fcche\u201c (eine Initiative f\u00fcr sozial-schwache Kinder in Berlin), ist er au\u00dferdem Botschafter f\u00fcr die Deutsche Jos\u00e9 Carreras Leuk\u00e4mie-Stiftung.<\/p>\n<p>Es ist der n\u00e4chste feierliche H\u00f6hepunkt nach dem runden Jubil\u00e4um \u2013 und ein bewegender, inspirierender Soundtrack f\u00fcr die besinnliche Jahreszeit: \u201eFrohe Weihnachten mit Bernhard Brink\u201c erscheint am 24. November 2023 bei TELAMO.<\/p>\n<p><span style=\"color: #800000;\"><strong>Quelle: Telamo<\/strong><\/span><\/p>\n<p><span style=\"color: #800000;\"><strong>Dieses Album ist ab dem 24.11.2023 in allen bekannten Onlineshops erh\u00e4ltlich!<\/strong><\/span><\/p>\n<p><span style=\"color: #800000;\"><strong>Airdate (f\u00fcr Radiosender): 24.11.2023<\/strong><\/span><\/p>\n","protected":false},"excerpt":{"rendered":"<p>\u2026 das zweite Weihnachtsalbum seiner Karriere!Bernhard Brink\u201eFrohe Weihnachten mit Bernhard Brink\u201c++ ab 24. November im Handel ++ Nach den Feierlichkeiten zum runden B\u00fchnenjubil\u00e4um \u2013 das Doppelalbum \u201e50\u201c stieg wie der Vorg\u00e4nger direkt in die Top-10 der deutschen Charts ein \u2013 widmet sich Bernhard Brink in diesem Jahr einem ganz anderen Fest: Auf \u201eFrohe Weihnachten mit Bernhard Brink\u201c, dem zweiten Weihnachtsalbum seiner Karriere, dr\u00fcckt der stimmgewaltige Entertainer ausgew\u00e4hlten Festtags-Klassikern seinen unverkennbaren Stempel auf. So klingt Weihnachten beim Schlagertitan! Vorbestellungen des Albums, das am 24. November erscheint, sind ab sofort m\u00f6glich. W\u00e4hrend die letzten Singleauskopplungen vom Jubil\u00e4umsalbum \u201e50\u201c nacheinander auch die Top-10 der deutschen Airplay-Charts aufmischen konnten&#8230;<\/p>\n","protected":false},"author":1,"featured_media":21924,"comment_status":"open","ping_status":"open","sticky":false,"template":"","format":"standard","meta":{"footnotes":""},"categories":[2],"tags":[780],"class_list":["post-21923","post","type-post","status-publish","format-standard","has-post-thumbnail","hentry","category-schlager","tag-bernhard-brink","wpcat-2-id"],"_links":{"self":[{"href":"https:\/\/bergers-schlagerparadies.de\/index.php?rest_route=\/wp\/v2\/posts\/21923","targetHints":{"allow":["GET"]}}],"collection":[{"href":"https:\/\/bergers-schlagerparadies.de\/index.php?rest_route=\/wp\/v2\/posts"}],"about":[{"href":"https:\/\/bergers-schlagerparadies.de\/index.php?rest_route=\/wp\/v2\/types\/post"}],"author":[{"embeddable":true,"href":"https:\/\/bergers-schlagerparadies.de\/index.php?rest_route=\/wp\/v2\/users\/1"}],"replies":[{"embeddable":true,"href":"https:\/\/bergers-schlagerparadies.de\/index.php?rest_route=%2Fwp%2Fv2%2Fcomments&post=21923"}],"version-history":[{"count":1,"href":"https:\/\/bergers-schlagerparadies.de\/index.php?rest_route=\/wp\/v2\/posts\/21923\/revisions"}],"predecessor-version":[{"id":21925,"href":"https:\/\/bergers-schlagerparadies.de\/index.php?rest_route=\/wp\/v2\/posts\/21923\/revisions\/21925"}],"wp:featuredmedia":[{"embeddable":true,"href":"https:\/\/bergers-schlagerparadies.de\/index.php?rest_route=\/wp\/v2\/media\/21924"}],"wp:attachment":[{"href":"https:\/\/bergers-schlagerparadies.de\/index.php?rest_route=%2Fwp%2Fv2%2Fmedia&parent=21923"}],"wp:term":[{"taxonomy":"category","embeddable":true,"href":"https:\/\/bergers-schlagerparadies.de\/index.php?rest_route=%2Fwp%2Fv2%2Fcategories&post=21923"},{"taxonomy":"post_tag","embeddable":true,"href":"https:\/\/bergers-schlagerparadies.de\/index.php?rest_route=%2Fwp%2Fv2%2Ftags&post=21923"}],"curies":[{"name":"wp","href":"https:\/\/api.w.org\/{rel}","templated":true}]}}