{"id":21903,"date":"2023-11-23T14:08:22","date_gmt":"2023-11-23T13:08:22","guid":{"rendered":"https:\/\/bergers-schlagerparadies.de\/?p=21903"},"modified":"2023-11-23T14:08:22","modified_gmt":"2023-11-23T13:08:22","slug":"silvio-samoni-weihnachten-fuer-mich-album-%c2%b7-bergers-schlagerparadies","status":"publish","type":"post","link":"https:\/\/bergers-schlagerparadies.de\/?p=21903","title":{"rendered":"Silvio Samoni &#8211; Weihnachten f\u00fcr mich (Album) \u00b7 Berger\u00b4s Schlagerparadies"},"content":{"rendered":"<p><img loading=\"lazy\" decoding=\"async\" class=\"size-medium wp-image-21904 alignleft\" src=\"https:\/\/bergers-schlagerparadies.de\/wp-content\/uploads\/2023\/11\/Silvio-Samoni-Weihnachten-fuer-mich-Album-300x300.jpg\" alt=\"\" width=\"300\" height=\"300\" srcset=\"https:\/\/bergers-schlagerparadies.de\/wp-content\/uploads\/2023\/11\/Silvio-Samoni-Weihnachten-fuer-mich-Album-300x300.jpg 300w, https:\/\/bergers-schlagerparadies.de\/wp-content\/uploads\/2023\/11\/Silvio-Samoni-Weihnachten-fuer-mich-Album-1024x1024.jpg 1024w, https:\/\/bergers-schlagerparadies.de\/wp-content\/uploads\/2023\/11\/Silvio-Samoni-Weihnachten-fuer-mich-Album-150x150.jpg 150w, https:\/\/bergers-schlagerparadies.de\/wp-content\/uploads\/2023\/11\/Silvio-Samoni-Weihnachten-fuer-mich-Album-768x767.jpg 768w, https:\/\/bergers-schlagerparadies.de\/wp-content\/uploads\/2023\/11\/Silvio-Samoni-Weihnachten-fuer-mich-Album-1536x1534.jpg 1536w, https:\/\/bergers-schlagerparadies.de\/wp-content\/uploads\/2023\/11\/Silvio-Samoni-Weihnachten-fuer-mich-Album-1200x1200.jpg 1200w, https:\/\/bergers-schlagerparadies.de\/wp-content\/uploads\/2023\/11\/Silvio-Samoni-Weihnachten-fuer-mich-Album-1188x1187.jpg 1188w, https:\/\/bergers-schlagerparadies.de\/wp-content\/uploads\/2023\/11\/Silvio-Samoni-Weihnachten-fuer-mich-Album-100x100.jpg 100w, https:\/\/bergers-schlagerparadies.de\/wp-content\/uploads\/2023\/11\/Silvio-Samoni-Weihnachten-fuer-mich-Album.jpg 2000w\" sizes=\"auto, (max-width: 300px) 100vw, 300px\" \/>SILVIO SAMONI feiert Weihnachten! Die goldene Stimme vom W\u00f6rthersee l\u00e4dt zum zweiten Mal in seiner Karriere zum gemeinsamen, musikalischen Weihnachtsfest auf CD.<\/p>\n<p>Acht lange Jahre liegt es mittlerweile zur\u00fcck, dass Silvio Samoni zum ersten Mal zum musikalischen Weihnachtsfest geladen hatte. Die CD mit den \u201esch\u00f6nsten Weihnachtsliedern\u201c gilt mittlerweile als einer der Klassiker der \u00f6sterreichischen Schlagerszene, rund ums Christkindl.<br \/>\nEbenso ist die Silvio Samoni Weihnachtsshow, welche nun auch bereits seit vielen Jahren in seiner K\u00e4rntner Heimat Velden \u00fcber die B\u00fchne geht, ein Fixpunkt im Adventkalender der Schlager- und Weihnachtsfans.<br \/>\nWenn Silvio Samoni an die Ufer des W\u00f6rthersees l\u00e4dt, dort im Casineum mit seinen K\u00fcnstlerfreunden einen gemeinsamen, stimmungsvollen Konzertabend bietet, dann kommt das Publikum in Scharen. Ausverkauft! \u201eJa, es macht mich pers\u00f6nlich gl\u00fccklich, dass das Konzept so gut ankommt\u201c, freut sich der K\u00fcnstler und stellt dabei den Fans dieses Jahr zum ersten Mal Lieder seines neuen Albums Live vor.<br \/>\n\u201eWeinachten f\u00fcr mich\u201c ist der Titelsong dieser neuen CD. Fr\u00f6hlich und beschwingt. Ein Partylied, denn Weihnachten ist das Fest der Freude und der Liebe.<br \/>\nDie Fans freut\u2018s, wenn das Album eine sch\u00f6ne Bandbreite beinhaltet und ja, auch das tut es. Denn die gro\u00dfe St\u00e4rke von Silvio Samoni ist, neben gelungenem Live-Entertainment, vor allem auch die Pr\u00e4senz seiner Stimme. Sein Stimmumfang, welcher vor allem bei den Balladen, den Klassikern voll zur Geltung kommt.<br \/>\nLieder wie \u201ePanis Angelicus\u201c, oder das orchestrale \u201eChristrose\u201c sind nur einige Beispiele unter den zahlreichen Highlights des Albums.<br \/>\nDer gekonnte Wechsel in der Singsprache von Silvio Samoni, der viele seiner Lieder zu besonderen Ereignissen macht, findet sich auch auf \u201eWeihnachten f\u00fcr mich\u201c wieder. Man h\u00f6re und staune bei \u201eFelice Natale\u201c.<br \/>\n\u201eWeihnachten f\u00fcr mich\u201c ist somit &#8211; und da darf man den Titel durchaus etwas zurechtr\u00fccken &#8211; ein Weihnachtsalbum f\u00fcr alle! Von Silvio Samoni f\u00fcr die Freunde seiner Musik, seiner Stimme, seiner Kunst des Entertainments. Und die werden immer zahlreicher.<\/p>\n<p><span style=\"color: #800000;\"><strong>Quelle: MCP Sound &amp; media<\/strong><\/span><\/p>\n<p><span style=\"color: #800000;\"><strong>Dieses Album ist ab dem 17.11.2023 in allen bekannten Onlineshops erh\u00e4ltlich!<\/strong><\/span><\/p>\n<p><span style=\"color: #800000;\"><strong>Airdate (f\u00fcr Radiosender): 17.11.2023<\/strong><\/span><\/p>\n","protected":false},"excerpt":{"rendered":"<p>SILVIO SAMONI feiert Weihnachten! Die goldene Stimme vom W\u00f6rthersee l\u00e4dt zum zweiten Mal in seiner Karriere zum gemeinsamen, musikalischen Weihnachtsfest auf CD. Acht lange Jahre liegt es mittlerweile zur\u00fcck, dass Silvio Samoni zum ersten Mal zum musikalischen Weihnachtsfest geladen hatte. Die CD mit den \u201esch\u00f6nsten Weihnachtsliedern\u201c gilt mittlerweile als einer der Klassiker der \u00f6sterreichischen Schlagerszene, rund ums Christkindl. Ebenso ist die Silvio Samoni Weihnachtsshow, welche nun auch bereits seit vielen Jahren in seiner K\u00e4rntner Heimat Velden \u00fcber die B\u00fchne geht, ein Fixpunkt im Adventkalender der Schlager- und Weihnachtsfans. Wenn Silvio Samoni an die Ufer des W\u00f6rthersees l\u00e4dt, dort im Casineum mit seinen K\u00fcnstlerfreunden einen gemeinsamen,&#8230;<\/p>\n","protected":false},"author":1,"featured_media":21904,"comment_status":"open","ping_status":"open","sticky":false,"template":"","format":"standard","meta":{"footnotes":""},"categories":[2],"tags":[1307],"class_list":["post-21903","post","type-post","status-publish","format-standard","has-post-thumbnail","hentry","category-schlager","tag-silvio-samoni","wpcat-2-id"],"_links":{"self":[{"href":"https:\/\/bergers-schlagerparadies.de\/index.php?rest_route=\/wp\/v2\/posts\/21903","targetHints":{"allow":["GET"]}}],"collection":[{"href":"https:\/\/bergers-schlagerparadies.de\/index.php?rest_route=\/wp\/v2\/posts"}],"about":[{"href":"https:\/\/bergers-schlagerparadies.de\/index.php?rest_route=\/wp\/v2\/types\/post"}],"author":[{"embeddable":true,"href":"https:\/\/bergers-schlagerparadies.de\/index.php?rest_route=\/wp\/v2\/users\/1"}],"replies":[{"embeddable":true,"href":"https:\/\/bergers-schlagerparadies.de\/index.php?rest_route=%2Fwp%2Fv2%2Fcomments&post=21903"}],"version-history":[{"count":1,"href":"https:\/\/bergers-schlagerparadies.de\/index.php?rest_route=\/wp\/v2\/posts\/21903\/revisions"}],"predecessor-version":[{"id":21905,"href":"https:\/\/bergers-schlagerparadies.de\/index.php?rest_route=\/wp\/v2\/posts\/21903\/revisions\/21905"}],"wp:featuredmedia":[{"embeddable":true,"href":"https:\/\/bergers-schlagerparadies.de\/index.php?rest_route=\/wp\/v2\/media\/21904"}],"wp:attachment":[{"href":"https:\/\/bergers-schlagerparadies.de\/index.php?rest_route=%2Fwp%2Fv2%2Fmedia&parent=21903"}],"wp:term":[{"taxonomy":"category","embeddable":true,"href":"https:\/\/bergers-schlagerparadies.de\/index.php?rest_route=%2Fwp%2Fv2%2Fcategories&post=21903"},{"taxonomy":"post_tag","embeddable":true,"href":"https:\/\/bergers-schlagerparadies.de\/index.php?rest_route=%2Fwp%2Fv2%2Ftags&post=21903"}],"curies":[{"name":"wp","href":"https:\/\/api.w.org\/{rel}","templated":true}]}}