{"id":21877,"date":"2023-11-21T18:40:02","date_gmt":"2023-11-21T17:40:02","guid":{"rendered":"https:\/\/bergers-schlagerparadies.de\/?p=21877"},"modified":"2023-11-21T18:40:02","modified_gmt":"2023-11-21T17:40:02","slug":"7delux-dann-faengt-der-wahnsinn-an-%c2%b7-bergers-schlagerparadies","status":"publish","type":"post","link":"https:\/\/bergers-schlagerparadies.de\/?p=21877","title":{"rendered":"7deLux &#8211; Dann f\u00e4ngt der Wahnsinn an \u00b7 Berger\u00b4s Schlagerparadies"},"content":{"rendered":"<p><img loading=\"lazy\" decoding=\"async\" class=\"size-medium wp-image-21878 alignleft\" src=\"https:\/\/bergers-schlagerparadies.de\/wp-content\/uploads\/2023\/11\/7deLux-Dann-faengt-der-Wahnsinn-an-300x300.jpg\" alt=\"\" width=\"300\" height=\"300\" srcset=\"https:\/\/bergers-schlagerparadies.de\/wp-content\/uploads\/2023\/11\/7deLux-Dann-faengt-der-Wahnsinn-an-300x300.jpg 300w, https:\/\/bergers-schlagerparadies.de\/wp-content\/uploads\/2023\/11\/7deLux-Dann-faengt-der-Wahnsinn-an-1024x1024.jpg 1024w, https:\/\/bergers-schlagerparadies.de\/wp-content\/uploads\/2023\/11\/7deLux-Dann-faengt-der-Wahnsinn-an-150x150.jpg 150w, https:\/\/bergers-schlagerparadies.de\/wp-content\/uploads\/2023\/11\/7deLux-Dann-faengt-der-Wahnsinn-an-768x768.jpg 768w, https:\/\/bergers-schlagerparadies.de\/wp-content\/uploads\/2023\/11\/7deLux-Dann-faengt-der-Wahnsinn-an-1536x1536.jpg 1536w, https:\/\/bergers-schlagerparadies.de\/wp-content\/uploads\/2023\/11\/7deLux-Dann-faengt-der-Wahnsinn-an-2048x2048.jpg 2048w, https:\/\/bergers-schlagerparadies.de\/wp-content\/uploads\/2023\/11\/7deLux-Dann-faengt-der-Wahnsinn-an-1200x1200.jpg 1200w, https:\/\/bergers-schlagerparadies.de\/wp-content\/uploads\/2023\/11\/7deLux-Dann-faengt-der-Wahnsinn-an-1188x1188.jpg 1188w, https:\/\/bergers-schlagerparadies.de\/wp-content\/uploads\/2023\/11\/7deLux-Dann-faengt-der-Wahnsinn-an-100x100.jpg 100w\" sizes=\"auto, (max-width: 300px) 100vw, 300px\" \/>7deLux: Das au\u00dfergew\u00f6hnliche Musikprojekt mit Chartpotential<br \/>\nDatum: 17.11.2023<br \/>\nDie Band 7deLux ist ein besonderes Musikprojekt, bestehend aus vier talentierten Frauen<br \/>\n\u00fcber 50 Jahren, die mit ihrer Musik und au\u00dfergew\u00f6hnlichen Geschichte die Herzen vieler<br \/>\nMenschen erreichen. Gegr\u00fcndet wurde die Band im Jahr 2018 als Teil der Trauerbew\u00e4ltigung<br \/>\nzum pl\u00f6tzlichen Verlust einer geliebten Freundin.<br \/>\nSeitdem haben sich die Mitglieder Jacky Rothe, Angelika Buss, Annette Wasserski und Maren<br \/>\nvon Schauenburg, die bis zu diesem Zeitpunkt keine B\u00fchnenerfahrungen hatten, zu einer beeindruckenden musikalischen Einheit entwickelt.<br \/>\nDer Ursprung der Band liegt in einem Song, den Initiator Axel Roller f\u00fcr diesen Freundeskreis<br \/>\ngeschrieben hatte &#8211; &amp;quot;Schwerin Ist geil&amp;quot;. Dieser Song hat sich zu einer regionalen Hymne entwickelt, die mittlerweile \u00fcber die Grenzen Schwerins hinaus sogar von den Spatzen, vom Dach des Schweriner M\u00e4rchenschloss, gesungen wird.<br \/>\nWas einst als \u201eIch schreibe einen Song f\u00fcr uns und dann weinen wir gemeinsam\u201c begann, hat<br \/>\nsich im Laufe der Zeit zu einem beeindruckenden Erfolg entwickelt. Die Band 7deLux hat fast<br \/>\n100 Auftritte absolviert und sich dabei eine treue Fanbasis erspielt. Nun haben sie<br \/>\nbeschlossen, mit professioneller Unterst\u00fctzung den n\u00e4chsten Schritt zu wagen und sich f\u00fcr<br \/>\ndie nationale Musikszene zu \u00f6ffnen.<br \/>\nDas Team von 7deLux hat hochkar\u00e4tige Profis an ihrer Seite. Eine angesehene Choreografin,<br \/>\ndie bereits Weltmeister im Formationstanzen trainiert hat, sorgt f\u00fcr Ideen bei den<br \/>\nB\u00fchnenauftritten. Zusammen mit namhaften Produzenten, die bereits f\u00fcr Gr\u00f6\u00dfen der<br \/>\ninternationalen Pop- und nationalen Schlager-Szene komponiert haben, Thomas Rosenfeld<br \/>\noder JELFI, darunter der renommierte Axel Breitung, ist die Band bereit, neue musikalische<br \/>\nH\u00f6hen zu erklimmen.<br \/>\nAxel Breitung, der Komponist des Jahres 2022 der DJ Hitparade z.B., ist auch bekannt f\u00fcr<br \/>\nseine Arbeit mit internationalen Superstars wie DJ Bobo, Justin Timberlake, Vanessa Amorosi<br \/>\noder Rednex. National stammen u.a. die vergangenen Nr.1 Hits von Matthias Reim auch aus<br \/>\nseiner Feder.<br \/>\nNachdem Axel Breitung und Axel Roller mit den 4 M\u00e4dels von 7deLux und dem Song \u201eWo<br \/>\nsind die Wolkenst\u00fcrmer\u201c sensationell mehrere Wochen in die Top 50 der Offiziellen<br \/>\nDeutschen Party und Schlager Charts gest\u00fcrmt sind, bringen sie gemeinsam mit dem Autor<br \/>\nund Produzenten Thomas Rosenfeld den n\u00e4chsten Song an den Start.<br \/>\n\u201eDann f\u00e4ngt der Wahnsinn an\u201c k\u00f6nnte \u00e4hnliches Hitpotenzial haben, doch schon plant Axel<br \/>\nRoller mit den Erfolgsproduzenten den n\u00e4chsten Coup, mit dem 7deLux endg\u00fcltig an die T\u00fcr<br \/>\nder ersten Schlager-Liga klopfen k\u00f6nnten.<br \/>\nDas ist auch Roland Mack aufgefallen, dem Inhaber des Europa Park in Rust, der die 4<br \/>\nM\u00e4dels im Oktober 2023 kurzerhand auf seine Show-B\u00fchne zu einem Auftritt geladen hat.<br \/>\nWeitere sollen folgen.<\/p>\n<p>Dann f\u00e4ngt der Wahnsinn an; ist ein beinahe rockiger Song, der das Potenzial hat, die<br \/>\nCharts zu erobern und die Herzen eines breiten Publikums zu ber\u00fchren. Die eing\u00e4ngige<br \/>\nMelodie, gepaart mit den starken Stimmen der Bandmitglieder, verspricht einen<br \/>\nunvergesslichen H\u00f6rgenuss.<br \/>\nDie Musik von 7deLux ist eine Mischung aus eing\u00e4ngigen Melodien, tiefgr\u00fcndigen Texten<br \/>\nund der Energie, die nur eine Band vermitteln kann, die mit Leidenschaft und Herzblut f\u00fcr<br \/>\nihre Musik brennt. Ihre Authentizit\u00e4t und die emotionale Verbindung zu ihrem Publikum<br \/>\nmachen 7deLux zu einer einzigartigen Formation in der Musiklandschaft.<br \/>\nDie Band 7deLux ist bereit f\u00fcr die n\u00e4chste Stufe ihrer musikalischen Reise und sie freuen sich<br \/>\ndarauf, ihre Fans auf dieser aufregenden Reise mitzunehmen.<br \/>\nBleiben Sie dran, denn 7deLux verspricht noch viele unvergessliche Auftritte, mitrei\u00dfende<br \/>\nMelodien und Songs, die die Seele ber\u00fchren.<br \/>\nSeien Sie dabei, wenn diese au\u00dfergew\u00f6hnliche Band die Charts erobert und mit ihrer Musik<br \/>\ndie Menschen begeistert.<\/p>\n<p><span style=\"color: #800000;\"><strong>Quelle: HiCut<\/strong><\/span><\/p>\n<p><span style=\"color: #800000;\"><strong>Dieser Song ist ab dem 24.11.2023 in allen bekannten Onlineshops erh\u00e4ltlich!<\/strong><\/span><\/p>\n<p><span style=\"color: #800000;\"><strong>Airdate (f\u00fcr Radiosender): 23.11.2023<\/strong><\/span><\/p>\n","protected":false},"excerpt":{"rendered":"<p>7deLux: Das au\u00dfergew\u00f6hnliche Musikprojekt mit Chartpotential Datum: 17.11.2023 Die Band 7deLux ist ein besonderes Musikprojekt, bestehend aus vier talentierten Frauen \u00fcber 50 Jahren, die mit ihrer Musik und au\u00dfergew\u00f6hnlichen Geschichte die Herzen vieler Menschen erreichen. Gegr\u00fcndet wurde die Band im Jahr 2018 als Teil der Trauerbew\u00e4ltigung zum pl\u00f6tzlichen Verlust einer geliebten Freundin. Seitdem haben sich die Mitglieder Jacky Rothe, Angelika Buss, Annette Wasserski und Maren von Schauenburg, die bis zu diesem Zeitpunkt keine B\u00fchnenerfahrungen hatten, zu einer beeindruckenden musikalischen Einheit entwickelt. Der Ursprung der Band liegt in einem Song, den Initiator Axel Roller f\u00fcr diesen Freundeskreis geschrieben hatte &#8211; &amp;quot;Schwerin Ist geil&amp;quot;. Dieser Song hat&#8230;<\/p>\n","protected":false},"author":1,"featured_media":21878,"comment_status":"open","ping_status":"open","sticky":false,"template":"","format":"standard","meta":{"footnotes":""},"categories":[2],"tags":[2226],"class_list":["post-21877","post","type-post","status-publish","format-standard","has-post-thumbnail","hentry","category-schlager","tag-7delux","wpcat-2-id"],"_links":{"self":[{"href":"https:\/\/bergers-schlagerparadies.de\/index.php?rest_route=\/wp\/v2\/posts\/21877","targetHints":{"allow":["GET"]}}],"collection":[{"href":"https:\/\/bergers-schlagerparadies.de\/index.php?rest_route=\/wp\/v2\/posts"}],"about":[{"href":"https:\/\/bergers-schlagerparadies.de\/index.php?rest_route=\/wp\/v2\/types\/post"}],"author":[{"embeddable":true,"href":"https:\/\/bergers-schlagerparadies.de\/index.php?rest_route=\/wp\/v2\/users\/1"}],"replies":[{"embeddable":true,"href":"https:\/\/bergers-schlagerparadies.de\/index.php?rest_route=%2Fwp%2Fv2%2Fcomments&post=21877"}],"version-history":[{"count":1,"href":"https:\/\/bergers-schlagerparadies.de\/index.php?rest_route=\/wp\/v2\/posts\/21877\/revisions"}],"predecessor-version":[{"id":21879,"href":"https:\/\/bergers-schlagerparadies.de\/index.php?rest_route=\/wp\/v2\/posts\/21877\/revisions\/21879"}],"wp:featuredmedia":[{"embeddable":true,"href":"https:\/\/bergers-schlagerparadies.de\/index.php?rest_route=\/wp\/v2\/media\/21878"}],"wp:attachment":[{"href":"https:\/\/bergers-schlagerparadies.de\/index.php?rest_route=%2Fwp%2Fv2%2Fmedia&parent=21877"}],"wp:term":[{"taxonomy":"category","embeddable":true,"href":"https:\/\/bergers-schlagerparadies.de\/index.php?rest_route=%2Fwp%2Fv2%2Fcategories&post=21877"},{"taxonomy":"post_tag","embeddable":true,"href":"https:\/\/bergers-schlagerparadies.de\/index.php?rest_route=%2Fwp%2Fv2%2Ftags&post=21877"}],"curies":[{"name":"wp","href":"https:\/\/api.w.org\/{rel}","templated":true}]}}