{"id":21795,"date":"2023-11-17T09:54:00","date_gmt":"2023-11-17T08:54:00","guid":{"rendered":"https:\/\/bergers-schlagerparadies.de\/?p=21795"},"modified":"2023-11-17T09:54:00","modified_gmt":"2023-11-17T08:54:00","slug":"andrea-berg-weihnacht-album-%c2%b7-bergers-schlagerparadies","status":"publish","type":"post","link":"https:\/\/bergers-schlagerparadies.de\/?p=21795","title":{"rendered":"Andrea Berg &#8211; Weihnacht (Album) \u00b7 Berger\u00b4s Schlagerparadies"},"content":{"rendered":"<p><img loading=\"lazy\" decoding=\"async\" class=\"size-medium wp-image-21796 alignleft\" src=\"https:\/\/bergers-schlagerparadies.de\/wp-content\/uploads\/2023\/11\/Andrea-Berg-Weihnacht-Album-300x300.jpeg\" alt=\"\" width=\"300\" height=\"300\" srcset=\"https:\/\/bergers-schlagerparadies.de\/wp-content\/uploads\/2023\/11\/Andrea-Berg-Weihnacht-Album-300x300.jpeg 300w, https:\/\/bergers-schlagerparadies.de\/wp-content\/uploads\/2023\/11\/Andrea-Berg-Weihnacht-Album-1024x1024.jpeg 1024w, https:\/\/bergers-schlagerparadies.de\/wp-content\/uploads\/2023\/11\/Andrea-Berg-Weihnacht-Album-150x150.jpeg 150w, https:\/\/bergers-schlagerparadies.de\/wp-content\/uploads\/2023\/11\/Andrea-Berg-Weihnacht-Album-768x768.jpeg 768w, https:\/\/bergers-schlagerparadies.de\/wp-content\/uploads\/2023\/11\/Andrea-Berg-Weihnacht-Album-1188x1188.jpeg 1188w, https:\/\/bergers-schlagerparadies.de\/wp-content\/uploads\/2023\/11\/Andrea-Berg-Weihnacht-Album-100x100.jpeg 100w, https:\/\/bergers-schlagerparadies.de\/wp-content\/uploads\/2023\/11\/Andrea-Berg-Weihnacht-Album.jpeg 1200w\" sizes=\"auto, (max-width: 300px) 100vw, 300px\" \/>Der Countdown l\u00e4uft, die Vorfreude bei den Fans ist riesig: Am 17.11. erscheint das neue Album \u201eWeihnacht\u201c von Andrea Berg. Es kann noch unter www.andrea-berg.de sowie bei allen H\u00e4ndlern mit Presale-Service vorbestellt<br \/>\nwerden.<\/p>\n<p>In den vergangenen Monaten hat Andrea Berg intensiv an ihrem neuen Album gearbeitet. Die Fans d\u00fcrfen sich auf neue, von Andrea Berg selbst verfasste Weihnachtssongs sowie Weihnachtsklassiker in einer aktuellen Produktion freuen \u2013 modern und traditionell zugleich! \u201eWeihnachten so zu genie\u00dfen, wie es gedacht ist \u2013 als Fest der Familie und der Freude, dankbar f\u00fcr das zu sein, was man hat und es als fr\u00f6hliches Fest zu begreifen &#8211; das m\u00f6chte ich mit meinem neuen Album zum Ausdruck bringen. Diese Bilder habe ich in meinen neuen Songs geschaffen. Erst alle Folgen Sissi schauen, dann rausgehen und nen Schneemann bauen. Schlittenfahren, Freude sp\u00fcren und das Gef\u00fchl der Leichtigkeit und des Zusammenseins miteinander zu genie\u00dfen \u2013 darauf kommt es doch an. Drei der neuen Songs sind deshalb auch bewusst zum Tanzen\u201c, so Andrea Berg. Auch dieses Mal hat sie sich eine ganz besondere \u00dcberraschung f\u00fcr ihre Anh\u00e4nger einfallen lassen. Die limitierte Fanbox mit Signatur-Pr\u00e4gung f\u00fcr Weihnachtsgeb\u00e4ck enth\u00e4lt neben dem Album eine exklusive Backsch\u00fcrze und einen exklusiven Ausstecher f\u00fcr Weihnachtsgeb\u00e4ck im Andrea Berg-Look. In einer weiteren Edition d\u00fcrfen sich die Fans neben der CD auf die liebsten Weihnachtsrezepte von Andrea Berg im hochwertigen Hardcoverbook freuen. \u201eWeihnacht\u201c erscheint au\u00dferdem auch als edle Premium Picture Vinyl im Hardcoverbook, als Picture Vinyl im Gatefold und als Bundle CD mit Weihnachtskugel oder Weihnachtstasse im Andrea Berg-Look.<\/p>\n<p>Im Rahmen einer exklusiven Christmas-Release-Party am 23. und 24. November 2023 (Beginn jeweils 21 Uhr) pr\u00e4sentiert Andrea Berg mit Band in ihrer Heimat Aspach die neuen Songs erstmals live auf der B\u00fchne. \u201cWir sind mitten in den Bandproben. Mein neues Album jetzt endlich mit Euch teilen und live feiern zu d\u00fcrfen, ist ein unwahrscheinlich sch\u00f6nes Gef\u00fchl. Freut Euch auf zwei unvergessliche Abende, ich freue mich auf Euch\u201d, so die Ausnahmek\u00fcnstlerin. Die exklusive Zugangsberechtigung zur Christmas-Release-Party im \u201eBergwerk\u201c Aspach (Sonnenhof 1, 71546 Aspach) ist ausschlie\u00dflich im Bundle mit der CD \u201eWeihnacht\u201c erh\u00e4ltlich, welches exklusiv unter www.andrea-berg.de vorbestellt werden kann.<\/p>\n<p>Tracklist \u201eWeihnacht\u201c<br \/>\n1 Dezembertraum<br \/>\n2 Weihnacht<br \/>\n3 S\u00fc\u00df singt der Engelchor<br \/>\n4 Wei\u00dfer Winterwald<br \/>\n5 K\u00fcss mich unterm Mistelzweig<br \/>\n6 Es ist wieder Weihnacht<br \/>\n7 Schneefl\u00f6ckchen, Wei\u00dfr\u00f6ckchen<br \/>\n8 Feliz Navidad<br \/>\n9 Alle Jahre wieder<br \/>\n10 Denn es ist Weihnachtszeit<br \/>\n11 Der kleine Trommler<br \/>\n12 Stille Nacht<\/p>\n<p>\u201eWeihnacht\u201c ist in folgenden streng limitierten und exklusiven Konfigurationen erh\u00e4ltlich:<\/p>\n<p>&#8211; Album<br \/>\n1 CD im Digipack (inkl. Booklet)<\/p>\n<p>&#8211; Limitierte Fanbox<br \/>\nStreng limitierte, sehr hochwertige Metallbox mit Pr\u00e4gung f\u00fcr Weihnachtsgeb\u00e4ck mit den Inhalten:<br \/>\n\u2022 1 CD im Digipack (inkl. Booklet)<br \/>\n\u2022 Exklusive Backsch\u00fcrze im weihnachtlichen Andrea Berg-Look<br \/>\n\u2022 Exklusiver Ausstecher f\u00fcr Weihnachtsgeb\u00e4ck im Andrea Berg-Look<\/p>\n<p>&#8211; Limitierte Picture Vinyl<br \/>\nStreng limitierte Picture Vinyl im Gatefold<\/p>\n<p>&#8211; Limitiertes Hardcoverbook mit Weihnachtsrezepten &amp; CD<br \/>\nStreng limitierte Auflage eines hochwertigen Hardcoverbooks mit OriginalWeihnachtsrezepten von Andrea Berg &amp; CD<\/p>\n<p>Exklusiv erh\u00e4ltlich unter www.andrea-berg.de<\/p>\n<p>&#8211; Limitierte Premium Picture Vinyl<br \/>\nStreng limitierte Premium Picture Vinyl im sehr hochwertigen Hardcoverbook<\/p>\n<p>&#8211; Bundle CD &amp; exklusive Zugangsberechtigung Christmas-Release-Party<br \/>\nvon Andrea Berg &amp; Band<br \/>\nBundle bestehend aus:<br \/>\n\u2022 Exklusive Zugangsberechtigung f\u00fcr die Christmas-Release-Party zum neuen Album inkl. Konzert von Andrea Berg &amp; Band am 23. oder 24.11.2023 im \u201eBergwerk\u201c Aspach (Beginn 21 Uhr, Sonnenhof 1, 71546 Aspach)<br \/>\n\u2022 1 CD im Digipack (inkl. Booklet)<\/p>\n<p>&#8211; Bundle CD &amp; Weihnachtskugel<br \/>\nBundle bestehend aus:<br \/>\n\u2022 Weihnachtskugel (ca. 9,5 cm) in rot im Andrea Berg-Look<br \/>\n\u2022 1 CD im Digipack (inkl. Booklet)<\/p>\n<p>&#8211; Bundle CD &amp; Weihnachtstasse<br \/>\nBundle bestehend aus:<br \/>\n\u2022 Weihnachtstasse im Andrea Berg-Look<br \/>\n\u2022 1 CD im Digipack (inkl. Booklet)<\/p>\n<p><span style=\"color: #800000;\"><strong>Quelle: SMD\/ Bergrecords distributed by Sony Music<\/strong><\/span><\/p>\n<p><span style=\"color: #800000;\"><strong>Dieses Album ist ab dem 17.11.2023 in allen bekannten Onlineshops erh\u00e4ltlich!<\/strong><\/span><\/p>\n<p><span style=\"color: #800000;\"><strong>Airdate (f\u00fcr Radiosender): 17.11.2023<\/strong><\/span><\/p>\n","protected":false},"excerpt":{"rendered":"<p>Der Countdown l\u00e4uft, die Vorfreude bei den Fans ist riesig: Am 17.11. erscheint das neue Album \u201eWeihnacht\u201c von Andrea Berg. Es kann noch unter www.andrea-berg.de sowie bei allen H\u00e4ndlern mit Presale-Service vorbestellt werden. In den vergangenen Monaten hat Andrea Berg intensiv an ihrem neuen Album gearbeitet. Die Fans d\u00fcrfen sich auf neue, von Andrea Berg selbst verfasste Weihnachtssongs sowie Weihnachtsklassiker in einer aktuellen Produktion freuen \u2013 modern und traditionell zugleich! \u201eWeihnachten so zu genie\u00dfen, wie es gedacht ist \u2013 als Fest der Familie und der Freude, dankbar f\u00fcr das zu sein, was man hat und es als fr\u00f6hliches Fest zu begreifen &#8211; das m\u00f6chte ich&#8230;<\/p>\n","protected":false},"author":1,"featured_media":21796,"comment_status":"open","ping_status":"open","sticky":false,"template":"","format":"standard","meta":{"footnotes":""},"categories":[2],"tags":[363],"class_list":["post-21795","post","type-post","status-publish","format-standard","has-post-thumbnail","hentry","category-schlager","tag-andrea-berg","wpcat-2-id"],"_links":{"self":[{"href":"https:\/\/bergers-schlagerparadies.de\/index.php?rest_route=\/wp\/v2\/posts\/21795","targetHints":{"allow":["GET"]}}],"collection":[{"href":"https:\/\/bergers-schlagerparadies.de\/index.php?rest_route=\/wp\/v2\/posts"}],"about":[{"href":"https:\/\/bergers-schlagerparadies.de\/index.php?rest_route=\/wp\/v2\/types\/post"}],"author":[{"embeddable":true,"href":"https:\/\/bergers-schlagerparadies.de\/index.php?rest_route=\/wp\/v2\/users\/1"}],"replies":[{"embeddable":true,"href":"https:\/\/bergers-schlagerparadies.de\/index.php?rest_route=%2Fwp%2Fv2%2Fcomments&post=21795"}],"version-history":[{"count":1,"href":"https:\/\/bergers-schlagerparadies.de\/index.php?rest_route=\/wp\/v2\/posts\/21795\/revisions"}],"predecessor-version":[{"id":21797,"href":"https:\/\/bergers-schlagerparadies.de\/index.php?rest_route=\/wp\/v2\/posts\/21795\/revisions\/21797"}],"wp:featuredmedia":[{"embeddable":true,"href":"https:\/\/bergers-schlagerparadies.de\/index.php?rest_route=\/wp\/v2\/media\/21796"}],"wp:attachment":[{"href":"https:\/\/bergers-schlagerparadies.de\/index.php?rest_route=%2Fwp%2Fv2%2Fmedia&parent=21795"}],"wp:term":[{"taxonomy":"category","embeddable":true,"href":"https:\/\/bergers-schlagerparadies.de\/index.php?rest_route=%2Fwp%2Fv2%2Fcategories&post=21795"},{"taxonomy":"post_tag","embeddable":true,"href":"https:\/\/bergers-schlagerparadies.de\/index.php?rest_route=%2Fwp%2Fv2%2Ftags&post=21795"}],"curies":[{"name":"wp","href":"https:\/\/api.w.org\/{rel}","templated":true}]}}