{"id":21789,"date":"2023-11-20T10:30:46","date_gmt":"2023-11-20T09:30:46","guid":{"rendered":"https:\/\/bergers-schlagerparadies.de\/?p=21789"},"modified":"2023-11-17T09:33:14","modified_gmt":"2023-11-17T08:33:14","slug":"sebastian-krieger-lilly-kristin-die-weihnachtszeit-%c2%b7-bergers-schlagerparadies","status":"publish","type":"post","link":"https:\/\/bergers-schlagerparadies.de\/?p=21789","title":{"rendered":"SEBASTIAN KRIEGER &#038; LILLY KRISTIN &#8211; Die Weihnachtszeit \u00b7 Berger\u00b4s Schlagerparadies"},"content":{"rendered":"<p><img loading=\"lazy\" decoding=\"async\" class=\"size-medium wp-image-21790 alignleft\" src=\"https:\/\/bergers-schlagerparadies.de\/wp-content\/uploads\/2023\/11\/SEBASTIAN-KRIEGER-LILLY-KRISTIN-Die-Weihnachtszeit-300x300.jpeg\" alt=\"\" width=\"300\" height=\"300\" srcset=\"https:\/\/bergers-schlagerparadies.de\/wp-content\/uploads\/2023\/11\/SEBASTIAN-KRIEGER-LILLY-KRISTIN-Die-Weihnachtszeit-300x300.jpeg 300w, https:\/\/bergers-schlagerparadies.de\/wp-content\/uploads\/2023\/11\/SEBASTIAN-KRIEGER-LILLY-KRISTIN-Die-Weihnachtszeit-1024x1024.jpeg 1024w, https:\/\/bergers-schlagerparadies.de\/wp-content\/uploads\/2023\/11\/SEBASTIAN-KRIEGER-LILLY-KRISTIN-Die-Weihnachtszeit-150x150.jpeg 150w, https:\/\/bergers-schlagerparadies.de\/wp-content\/uploads\/2023\/11\/SEBASTIAN-KRIEGER-LILLY-KRISTIN-Die-Weihnachtszeit-768x768.jpeg 768w, https:\/\/bergers-schlagerparadies.de\/wp-content\/uploads\/2023\/11\/SEBASTIAN-KRIEGER-LILLY-KRISTIN-Die-Weihnachtszeit-1536x1536.jpeg 1536w, https:\/\/bergers-schlagerparadies.de\/wp-content\/uploads\/2023\/11\/SEBASTIAN-KRIEGER-LILLY-KRISTIN-Die-Weihnachtszeit-2048x2048.jpeg 2048w, https:\/\/bergers-schlagerparadies.de\/wp-content\/uploads\/2023\/11\/SEBASTIAN-KRIEGER-LILLY-KRISTIN-Die-Weihnachtszeit-1200x1200.jpeg 1200w, https:\/\/bergers-schlagerparadies.de\/wp-content\/uploads\/2023\/11\/SEBASTIAN-KRIEGER-LILLY-KRISTIN-Die-Weihnachtszeit-1188x1188.jpeg 1188w, https:\/\/bergers-schlagerparadies.de\/wp-content\/uploads\/2023\/11\/SEBASTIAN-KRIEGER-LILLY-KRISTIN-Die-Weihnachtszeit-100x100.jpeg 100w\" sizes=\"auto, (max-width: 300px) 100vw, 300px\" \/>In diesem Jahr d\u00fcrfen sich Musikliebhaber auf eine ganz besondere Weihnachts\u00fcberraschung freuen: Die K\u00fcnstler LILLY KRISTIN und SEBASTIAN KRIEGER pr\u00e4sentieren stolz ihr ganz pers\u00f6nliches Weihnachtslied &#8222;Die Weihnachtszeit&#8220;. Dieses au\u00dfergew\u00f6hnliche Duett vereint die charakteristischen Kl\u00e4nge des Austropop von SEBASTIAN KRIEGER mit der hochdeutschen Eleganz von LILLY KRISTIN.<\/p>\n<p>Die beiden K\u00fcnstler haben sich bewusst daf\u00fcr entschieden, ihre musikalischen Wurzeln zu nutzen und dem traditionellen Weihnachtslied eine faszinierende Wendung zu geben. W\u00e4hrend SEBASTIAN KRIEGER sein gewohntes Timbre im Austropop-Dialekt erklingen l\u00e4sst, verleiht LILLY KRISTIN dem Lied eine zus\u00e4tzliche Dimension durch ihren hochdeutschen Gesangsstil. Das Ergebnis ist eine harmonische Fusion zweier unterschiedlicher Genres, die die Vielfalt der \u00f6sterreichischen Musikszene repr\u00e4sentiert.<\/p>\n<p><span style=\"color: #800000;\"><strong>Quelle: Artist Backoffice Music<\/strong><\/span><\/p>\n<p><span style=\"color: #800000;\"><strong>Dieser Song ist ab dem 23.11.2023 in allen bekannten Onlineshops erh\u00e4ltlich!<\/strong><\/span><\/p>\n<p><span style=\"color: #800000;\"><strong>Airdate (f\u00fcr Radiosender): 23.11.2023<\/strong><\/span><\/p>\n","protected":false},"excerpt":{"rendered":"<p>In diesem Jahr d\u00fcrfen sich Musikliebhaber auf eine ganz besondere Weihnachts\u00fcberraschung freuen: Die K\u00fcnstler LILLY KRISTIN und SEBASTIAN KRIEGER pr\u00e4sentieren stolz ihr ganz pers\u00f6nliches Weihnachtslied &#8222;Die Weihnachtszeit&#8220;. Dieses au\u00dfergew\u00f6hnliche Duett vereint die charakteristischen Kl\u00e4nge des Austropop von SEBASTIAN KRIEGER mit der hochdeutschen Eleganz von LILLY KRISTIN. Die beiden K\u00fcnstler haben sich bewusst daf\u00fcr entschieden, ihre musikalischen Wurzeln zu nutzen und dem traditionellen Weihnachtslied eine faszinierende Wendung zu geben. W\u00e4hrend SEBASTIAN KRIEGER sein gewohntes Timbre im Austropop-Dialekt erklingen l\u00e4sst, verleiht LILLY KRISTIN dem Lied eine zus\u00e4tzliche Dimension durch ihren hochdeutschen Gesangsstil. Das Ergebnis ist eine harmonische Fusion zweier unterschiedlicher Genres, die die Vielfalt der \u00f6sterreichischen Musikszene&#8230;<\/p>\n","protected":false},"author":1,"featured_media":21790,"comment_status":"open","ping_status":"open","sticky":false,"template":"","format":"standard","meta":{"footnotes":""},"categories":[2],"tags":[2218],"class_list":["post-21789","post","type-post","status-publish","format-standard","has-post-thumbnail","hentry","category-schlager","tag-sebastian-krieger-lilly-kristin","wpcat-2-id"],"_links":{"self":[{"href":"https:\/\/bergers-schlagerparadies.de\/index.php?rest_route=\/wp\/v2\/posts\/21789","targetHints":{"allow":["GET"]}}],"collection":[{"href":"https:\/\/bergers-schlagerparadies.de\/index.php?rest_route=\/wp\/v2\/posts"}],"about":[{"href":"https:\/\/bergers-schlagerparadies.de\/index.php?rest_route=\/wp\/v2\/types\/post"}],"author":[{"embeddable":true,"href":"https:\/\/bergers-schlagerparadies.de\/index.php?rest_route=\/wp\/v2\/users\/1"}],"replies":[{"embeddable":true,"href":"https:\/\/bergers-schlagerparadies.de\/index.php?rest_route=%2Fwp%2Fv2%2Fcomments&post=21789"}],"version-history":[{"count":1,"href":"https:\/\/bergers-schlagerparadies.de\/index.php?rest_route=\/wp\/v2\/posts\/21789\/revisions"}],"predecessor-version":[{"id":21791,"href":"https:\/\/bergers-schlagerparadies.de\/index.php?rest_route=\/wp\/v2\/posts\/21789\/revisions\/21791"}],"wp:featuredmedia":[{"embeddable":true,"href":"https:\/\/bergers-schlagerparadies.de\/index.php?rest_route=\/wp\/v2\/media\/21790"}],"wp:attachment":[{"href":"https:\/\/bergers-schlagerparadies.de\/index.php?rest_route=%2Fwp%2Fv2%2Fmedia&parent=21789"}],"wp:term":[{"taxonomy":"category","embeddable":true,"href":"https:\/\/bergers-schlagerparadies.de\/index.php?rest_route=%2Fwp%2Fv2%2Fcategories&post=21789"},{"taxonomy":"post_tag","embeddable":true,"href":"https:\/\/bergers-schlagerparadies.de\/index.php?rest_route=%2Fwp%2Fv2%2Ftags&post=21789"}],"curies":[{"name":"wp","href":"https:\/\/api.w.org\/{rel}","templated":true}]}}