{"id":21708,"date":"2023-11-10T16:17:24","date_gmt":"2023-11-10T15:17:24","guid":{"rendered":"https:\/\/bergers-schlagerparadies.de\/?p=21708"},"modified":"2023-11-10T16:17:24","modified_gmt":"2023-11-10T15:17:24","slug":"tanja-ines-euphorie-%c2%b7-bergers-schlagerparadies","status":"publish","type":"post","link":"https:\/\/bergers-schlagerparadies.de\/?p=21708","title":{"rendered":"Tanja &#038; Ines &#8211; Euphorie \u00b7 Berger\u00b4s Schlagerparadies"},"content":{"rendered":"<p><img loading=\"lazy\" decoding=\"async\" class=\"size-medium wp-image-21711 alignleft\" src=\"https:\/\/bergers-schlagerparadies.de\/wp-content\/uploads\/2023\/11\/Tanja-Ines-Euphorie-300x300.jpeg\" alt=\"\" width=\"300\" height=\"300\" srcset=\"https:\/\/bergers-schlagerparadies.de\/wp-content\/uploads\/2023\/11\/Tanja-Ines-Euphorie-300x300.jpeg 300w, https:\/\/bergers-schlagerparadies.de\/wp-content\/uploads\/2023\/11\/Tanja-Ines-Euphorie-1024x1024.jpeg 1024w, https:\/\/bergers-schlagerparadies.de\/wp-content\/uploads\/2023\/11\/Tanja-Ines-Euphorie-150x150.jpeg 150w, https:\/\/bergers-schlagerparadies.de\/wp-content\/uploads\/2023\/11\/Tanja-Ines-Euphorie-768x768.jpeg 768w, https:\/\/bergers-schlagerparadies.de\/wp-content\/uploads\/2023\/11\/Tanja-Ines-Euphorie-1536x1536.jpeg 1536w, https:\/\/bergers-schlagerparadies.de\/wp-content\/uploads\/2023\/11\/Tanja-Ines-Euphorie-1200x1200.jpeg 1200w, https:\/\/bergers-schlagerparadies.de\/wp-content\/uploads\/2023\/11\/Tanja-Ines-Euphorie-1188x1188.jpeg 1188w, https:\/\/bergers-schlagerparadies.de\/wp-content\/uploads\/2023\/11\/Tanja-Ines-Euphorie-100x100.jpeg 100w, https:\/\/bergers-schlagerparadies.de\/wp-content\/uploads\/2023\/11\/Tanja-Ines-Euphorie.jpeg 1638w\" sizes=\"auto, (max-width: 300px) 100vw, 300px\" \/>Mit \u201eZeit zu leben\u201c schafften Tanja und Ines, charmant-fr\u00f6hliches Schlagerduo aus dem Stuttgarter Raum, zuletzt einen Nummer Eins-Hit. Nicht weniger als f\u00fcnf (!) Wochen gr\u00fc\u00dfte der animierende Mutmach-Song von der Spitze der SWR 4 H\u00f6rercharts. \u201eEuphorie\u201c, ebenfalls vom Team Iona Blum (Komposition) und Rodolfo Guzman Tenore a.k.a. RGT (Produktion) aufs Band gebracht, nun kn\u00fcpft daran nahtlos an: \u201eEin Titel wie ein Aphrodisiakum, der auch den tr\u00e4gsten Muffel aus der Ecke lockt\u201c schreibt Musix.<\/p>\n<p>Einst bei den Fischerch\u00f6ren gestartet, dann als Musical\u2013Interpretinnen gefeiert, widmeten sie sich seit 2021 ihrer Lieblings-Musik, dem Schlager. Und das erfolgreich: Bereits \u201eSo bin ich\u201c, ihr Erstlingswerk, schaffte es auf den hochgelobten \u201ePride-Hits\u201c-Sampler und ins Lufthansa Bordprogramm, \u201eFeuerwerk der Liebe\u201c auf den zweiten Platz der SWR 4-H\u00f6rer-Charts und \u201eImmer wieder geht die Sonne\u201c auf Platz 12 beim Branchenf\u00fchrer Amazon. Mit \u201eZeit zu leben\u201c und \u201eEuphorie\u201c wird nun das n\u00e4chste Level angepeilt \u2013 sowohl was Qualit\u00e4t als auch Erfolg angeht.<\/p>\n<p>Unter dem Motto \u201eGemeinsam sind wir stark\u201c gl\u00e4nzten Tanja und Ines inzwischen in Dutzenden TV-Auftritten und erspielten sich Hunderte Radioeins\u00e4tze in allen relevanten Sender,<\/p>\n<p><span style=\"color: #800000;\"><strong>Quelle: Herz 7<\/strong><\/span><\/p>\n<p><span style=\"color: #800000;\"><strong>Dieser Song ist ab dem 10.11.2023 in allen bekannten Onlineshops erh\u00e4ltlich!<\/strong><\/span><\/p>\n<p><span style=\"color: #800000;\"><strong>Airdate (f\u00fcr Radiosender): 10.11.2023<\/strong><\/span><\/p>\n","protected":false},"excerpt":{"rendered":"<p>Mit \u201eZeit zu leben\u201c schafften Tanja und Ines, charmant-fr\u00f6hliches Schlagerduo aus dem Stuttgarter Raum, zuletzt einen Nummer Eins-Hit. Nicht weniger als f\u00fcnf (!) Wochen gr\u00fc\u00dfte der animierende Mutmach-Song von der Spitze der SWR 4 H\u00f6rercharts. \u201eEuphorie\u201c, ebenfalls vom Team Iona Blum (Komposition) und Rodolfo Guzman Tenore a.k.a. RGT (Produktion) aufs Band gebracht, nun kn\u00fcpft daran nahtlos an: \u201eEin Titel wie ein Aphrodisiakum, der auch den tr\u00e4gsten Muffel aus der Ecke lockt\u201c schreibt Musix. Einst bei den Fischerch\u00f6ren gestartet, dann als Musical\u2013Interpretinnen gefeiert, widmeten sie sich seit 2021 ihrer Lieblings-Musik, dem Schlager. Und das erfolgreich: Bereits \u201eSo bin ich\u201c, ihr Erstlingswerk, schaffte es auf den hochgelobten&#8230;<\/p>\n","protected":false},"author":1,"featured_media":21711,"comment_status":"open","ping_status":"open","sticky":false,"template":"","format":"standard","meta":{"footnotes":""},"categories":[2],"tags":[995],"class_list":["post-21708","post","type-post","status-publish","format-standard","has-post-thumbnail","hentry","category-schlager","tag-tanja-ines","wpcat-2-id"],"_links":{"self":[{"href":"https:\/\/bergers-schlagerparadies.de\/index.php?rest_route=\/wp\/v2\/posts\/21708","targetHints":{"allow":["GET"]}}],"collection":[{"href":"https:\/\/bergers-schlagerparadies.de\/index.php?rest_route=\/wp\/v2\/posts"}],"about":[{"href":"https:\/\/bergers-schlagerparadies.de\/index.php?rest_route=\/wp\/v2\/types\/post"}],"author":[{"embeddable":true,"href":"https:\/\/bergers-schlagerparadies.de\/index.php?rest_route=\/wp\/v2\/users\/1"}],"replies":[{"embeddable":true,"href":"https:\/\/bergers-schlagerparadies.de\/index.php?rest_route=%2Fwp%2Fv2%2Fcomments&post=21708"}],"version-history":[{"count":1,"href":"https:\/\/bergers-schlagerparadies.de\/index.php?rest_route=\/wp\/v2\/posts\/21708\/revisions"}],"predecessor-version":[{"id":21712,"href":"https:\/\/bergers-schlagerparadies.de\/index.php?rest_route=\/wp\/v2\/posts\/21708\/revisions\/21712"}],"wp:featuredmedia":[{"embeddable":true,"href":"https:\/\/bergers-schlagerparadies.de\/index.php?rest_route=\/wp\/v2\/media\/21711"}],"wp:attachment":[{"href":"https:\/\/bergers-schlagerparadies.de\/index.php?rest_route=%2Fwp%2Fv2%2Fmedia&parent=21708"}],"wp:term":[{"taxonomy":"category","embeddable":true,"href":"https:\/\/bergers-schlagerparadies.de\/index.php?rest_route=%2Fwp%2Fv2%2Fcategories&post=21708"},{"taxonomy":"post_tag","embeddable":true,"href":"https:\/\/bergers-schlagerparadies.de\/index.php?rest_route=%2Fwp%2Fv2%2Ftags&post=21708"}],"curies":[{"name":"wp","href":"https:\/\/api.w.org\/{rel}","templated":true}]}}