{"id":21679,"date":"2024-02-02T10:30:58","date_gmt":"2024-02-02T09:30:58","guid":{"rendered":"https:\/\/bergers-schlagerparadies.de\/?p=21679"},"modified":"2024-02-02T11:38:13","modified_gmt":"2024-02-02T10:38:13","slug":"sunrise-traenen-aus-glueck-%c2%b7-bergers-schlagerparadies","status":"publish","type":"post","link":"https:\/\/bergers-schlagerparadies.de\/?p=21679","title":{"rendered":"Sunrise &#8211; Tr\u00e4nen aus Gl\u00fcck \u00b7 Berger\u00b4s Schlagerparadies"},"content":{"rendered":"<h4><span style=\"color: #800000;\"><strong><img loading=\"lazy\" decoding=\"async\" class=\"size-medium wp-image-21680 alignleft\" src=\"https:\/\/bergers-schlagerparadies.de\/wp-content\/uploads\/2023\/11\/Sunrise-Traenen-aus-Glueck-300x300.jpeg\" alt=\"\" width=\"300\" height=\"300\" srcset=\"https:\/\/bergers-schlagerparadies.de\/wp-content\/uploads\/2023\/11\/Sunrise-Traenen-aus-Glueck-300x300.jpeg 300w, https:\/\/bergers-schlagerparadies.de\/wp-content\/uploads\/2023\/11\/Sunrise-Traenen-aus-Glueck-1024x1024.jpeg 1024w, https:\/\/bergers-schlagerparadies.de\/wp-content\/uploads\/2023\/11\/Sunrise-Traenen-aus-Glueck-150x150.jpeg 150w, https:\/\/bergers-schlagerparadies.de\/wp-content\/uploads\/2023\/11\/Sunrise-Traenen-aus-Glueck-768x768.jpeg 768w, https:\/\/bergers-schlagerparadies.de\/wp-content\/uploads\/2023\/11\/Sunrise-Traenen-aus-Glueck-1536x1536.jpeg 1536w, https:\/\/bergers-schlagerparadies.de\/wp-content\/uploads\/2023\/11\/Sunrise-Traenen-aus-Glueck-2048x2048.jpeg 2048w, https:\/\/bergers-schlagerparadies.de\/wp-content\/uploads\/2023\/11\/Sunrise-Traenen-aus-Glueck-1200x1200.jpeg 1200w, https:\/\/bergers-schlagerparadies.de\/wp-content\/uploads\/2023\/11\/Sunrise-Traenen-aus-Glueck-1188x1188.jpeg 1188w, https:\/\/bergers-schlagerparadies.de\/wp-content\/uploads\/2023\/11\/Sunrise-Traenen-aus-Glueck-100x100.jpeg 100w\" sizes=\"auto, (max-width: 300px) 100vw, 300px\" \/><\/strong><\/span>Wenn Sunrise auf der B\u00fchne stehen und ihre Titel zum Besten geben, darf ein Song auf keinen Fall fehlen \u2013 n\u00e4mlich \u201eDie Rose von S\u00fcdtirol\u201c!<\/p>\n<p><strong>2018 haben Arno und Florian diesen Klassiker aus ihrer S\u00fcdtiroler Heimat aufgenommen und neu zum Leben erweckt. Im Original von den Alpenfrieden Buam gesungen, ist er heute ein Renner bei den Live-Konzerten der beiden S\u00fcdtiroler \u2013 und \u00fcber 1,2 Millionen YouTube-Aufrufe der Sunrise-Version sprechen f\u00fcr sich!<\/strong><\/p>\n<p><strong>Ein tanzbarer, aber auch nachdenklich stimmender Sunrise-Hit! Erz\u00e4hlt er von einer Beziehung, die f\u00fcr den einen das ganz gro\u00dfe Gl\u00fcck ist und f\u00fcr die er alles geben w\u00fcrde \u2013 doch vom anderen wird sie weggeworfen, um pers\u00f6nlich noch viel im Leben zu erreichen und zu erleben. Die verletzten Gef\u00fchle des Partners werden in Kauf genommen\u2026<\/strong><\/p>\n<p><strong>Doch diese Beziehung soll ein gl\u00fcckliches Ende haben! Das k\u00f6nnen die Fans in der 3. Single-Auskopplung des brandneuen Albums \u201eJede Stunde \u2013 jeder Tag\u201c, das am 28.07.23 unter dem Label \u201eFiesta Records\u201c ver\u00f6ffentlicht wurde, h\u00f6ren. \u201eTr\u00e4nen aus Gl\u00fcck\u201c soll am 10.11.23 erscheinen und erz\u00e4hlt die Geschichte der \u201eRose von S\u00fcdtirol\u201c weiter. Jeder verdient eine zweite Chance, die Liebe gibt die Kraft sich in das Leben zur\u00fcck zu k\u00e4mpfen und die Beziehung endet vorm Traualter \u2013 nat\u00fcrlich mit Tr\u00e4nen aus Gl\u00fcck. Traurig, schnulzig, romantisch, kitschig\u2026 jeder empfindet die Geschichte der \u201eRose von S\u00fcdtirol\u201c vielleicht anders \u2013 aber musikalisch sind sich die Fans des Duos sicher, dass hier erneut ein Ohrwurm entstanden ist!<\/strong><\/p>\n<p><strong>Beim Hessen- und Th\u00fcringentag sowie bei der Open Air-Tour 2023 mit Andrea Berg war \u201eTr\u00e4nen aus Gl\u00fcck\u201c bereits in den Arenen zu h\u00f6ren und wurde frenetisch gefeiert. Und dieses Mal handelt es sich um keinen Cover-Song, denn Melodie und Text von \u201eTr\u00e4nen aus Gl\u00fcck\u201c wurden f\u00fcr Sunrise als Fortsetzung \u201eder Rose\u201c exklusiv von Othmar Fischnaller und Hans Greiner komponiert und getextet \u2013 und haben definitiv das Zeug zum n\u00e4chsten Sunrise-Hit!<\/strong><\/h4>\n<p><span style=\"color: #800000;\"><strong>Quelle: Fiesta Records<\/strong><\/span><\/p>\n<p><span style=\"color: #800000;\"><strong>Dieser Song ist ab dem 09.02.2024 in allen bekannten Onlineshops erh\u00e4ltlich!<\/strong><\/span><\/p>\n<p><span style=\"color: #800000;\"><strong>Airdate (f\u00fcr Radiosender): 02.02.2024<\/strong><\/span><\/p>\n","protected":false},"excerpt":{"rendered":"<p>Wenn Sunrise auf der B\u00fchne stehen und ihre Titel zum Besten geben, darf ein Song auf keinen Fall fehlen \u2013 n\u00e4mlich \u201eDie Rose von S\u00fcdtirol\u201c! 2018 haben Arno und Florian diesen Klassiker aus ihrer S\u00fcdtiroler Heimat aufgenommen und neu zum Leben erweckt. Im Original von den Alpenfrieden Buam gesungen, ist er heute ein Renner bei den Live-Konzerten der beiden S\u00fcdtiroler \u2013 und \u00fcber 1,2 Millionen YouTube-Aufrufe der Sunrise-Version sprechen f\u00fcr sich! Ein tanzbarer, aber auch nachdenklich stimmender Sunrise-Hit! Erz\u00e4hlt er von einer Beziehung, die f\u00fcr den einen das ganz gro\u00dfe Gl\u00fcck ist und f\u00fcr die er alles geben w\u00fcrde \u2013 doch vom anderen wird sie&#8230;<\/p>\n","protected":false},"author":1,"featured_media":21680,"comment_status":"open","ping_status":"open","sticky":false,"template":"","format":"standard","meta":{"footnotes":""},"categories":[2],"tags":[812],"class_list":["post-21679","post","type-post","status-publish","format-standard","has-post-thumbnail","hentry","category-schlager","tag-sunrise","wpcat-2-id"],"_links":{"self":[{"href":"https:\/\/bergers-schlagerparadies.de\/index.php?rest_route=\/wp\/v2\/posts\/21679","targetHints":{"allow":["GET"]}}],"collection":[{"href":"https:\/\/bergers-schlagerparadies.de\/index.php?rest_route=\/wp\/v2\/posts"}],"about":[{"href":"https:\/\/bergers-schlagerparadies.de\/index.php?rest_route=\/wp\/v2\/types\/post"}],"author":[{"embeddable":true,"href":"https:\/\/bergers-schlagerparadies.de\/index.php?rest_route=\/wp\/v2\/users\/1"}],"replies":[{"embeddable":true,"href":"https:\/\/bergers-schlagerparadies.de\/index.php?rest_route=%2Fwp%2Fv2%2Fcomments&post=21679"}],"version-history":[{"count":4,"href":"https:\/\/bergers-schlagerparadies.de\/index.php?rest_route=\/wp\/v2\/posts\/21679\/revisions"}],"predecessor-version":[{"id":23006,"href":"https:\/\/bergers-schlagerparadies.de\/index.php?rest_route=\/wp\/v2\/posts\/21679\/revisions\/23006"}],"wp:featuredmedia":[{"embeddable":true,"href":"https:\/\/bergers-schlagerparadies.de\/index.php?rest_route=\/wp\/v2\/media\/21680"}],"wp:attachment":[{"href":"https:\/\/bergers-schlagerparadies.de\/index.php?rest_route=%2Fwp%2Fv2%2Fmedia&parent=21679"}],"wp:term":[{"taxonomy":"category","embeddable":true,"href":"https:\/\/bergers-schlagerparadies.de\/index.php?rest_route=%2Fwp%2Fv2%2Fcategories&post=21679"},{"taxonomy":"post_tag","embeddable":true,"href":"https:\/\/bergers-schlagerparadies.de\/index.php?rest_route=%2Fwp%2Fv2%2Ftags&post=21679"}],"curies":[{"name":"wp","href":"https:\/\/api.w.org\/{rel}","templated":true}]}}