{"id":21576,"date":"2023-11-03T14:06:37","date_gmt":"2023-11-03T13:06:37","guid":{"rendered":"https:\/\/bergers-schlagerparadies.de\/?p=21576"},"modified":"2023-11-03T14:06:37","modified_gmt":"2023-11-03T13:06:37","slug":"wolfgang-petry-immer-wenn-es-schneit-album-%c2%b7-bergers-schlagerparadies","status":"publish","type":"post","link":"https:\/\/bergers-schlagerparadies.de\/?p=21576","title":{"rendered":"Wolfgang Petry &#8211; Immer wenn es schneit (Album) \u00b7 Berger\u00b4s Schlagerparadies"},"content":{"rendered":"<p><img loading=\"lazy\" decoding=\"async\" class=\"size-medium wp-image-21577 alignleft\" src=\"https:\/\/bergers-schlagerparadies.de\/wp-content\/uploads\/2023\/11\/Wolfgang-Petry-Immer-wenn-es-schneit-Album-300x300.jpeg\" alt=\"\" width=\"300\" height=\"300\" srcset=\"https:\/\/bergers-schlagerparadies.de\/wp-content\/uploads\/2023\/11\/Wolfgang-Petry-Immer-wenn-es-schneit-Album-300x300.jpeg 300w, https:\/\/bergers-schlagerparadies.de\/wp-content\/uploads\/2023\/11\/Wolfgang-Petry-Immer-wenn-es-schneit-Album-1024x1024.jpeg 1024w, https:\/\/bergers-schlagerparadies.de\/wp-content\/uploads\/2023\/11\/Wolfgang-Petry-Immer-wenn-es-schneit-Album-150x150.jpeg 150w, https:\/\/bergers-schlagerparadies.de\/wp-content\/uploads\/2023\/11\/Wolfgang-Petry-Immer-wenn-es-schneit-Album-768x768.jpeg 768w, https:\/\/bergers-schlagerparadies.de\/wp-content\/uploads\/2023\/11\/Wolfgang-Petry-Immer-wenn-es-schneit-Album-1188x1188.jpeg 1188w, https:\/\/bergers-schlagerparadies.de\/wp-content\/uploads\/2023\/11\/Wolfgang-Petry-Immer-wenn-es-schneit-Album-100x100.jpeg 100w, https:\/\/bergers-schlagerparadies.de\/wp-content\/uploads\/2023\/11\/Wolfgang-Petry-Immer-wenn-es-schneit-Album.jpeg 1200w\" sizes=\"auto, (max-width: 300px) 100vw, 300px\" \/>Die ersten klirrend kalten Frosttage und schlie\u00dflich der erste Schnee \u2013 deutliche Anzeichen des nahenden Winters, der f\u00fcr Wolfgang Petry seit jeher untrennbar mit der Weihnachtszeit verbunden ist. Nach \u00fcber zwanzig Jahren ver\u00f6ffentlicht die Schlager-Ikone nun mit IMMER WENN ES SCHNEIT ein brandneues Weihnachtsalbum, auf dem er einen kraftvollen Mix aus Remakes bekannter Klassiker und exklusiven Eigenkompositionen pr\u00e4sentiert \u2013 nat\u00fcrlich im gewohtnen Wolfgang Petry-Style!<\/p>\n<p>&nbsp;<\/p>\n<p><span style=\"color: #800000;\"><strong>Quelle: SMD\/ Sony Music Catalog \/ NaKlar! Records<\/strong><\/span><\/p>\n<p><span style=\"color: #800000;\"><strong>Dieses Album ist ab dem 03.11.2023 in allen bekannten Onlineshops erh\u00e4ltlich!<\/strong><\/span><\/p>\n<p><span style=\"color: #800000;\"><strong>Airdate (f\u00fcr Radiosender): 03.11.2023<\/strong><\/span><\/p>\n","protected":false},"excerpt":{"rendered":"<p>Die ersten klirrend kalten Frosttage und schlie\u00dflich der erste Schnee \u2013 deutliche Anzeichen des nahenden Winters, der f\u00fcr Wolfgang Petry seit jeher untrennbar mit der Weihnachtszeit verbunden ist. Nach \u00fcber zwanzig Jahren ver\u00f6ffentlicht die Schlager-Ikone nun mit IMMER WENN ES SCHNEIT ein brandneues Weihnachtsalbum, auf dem er einen kraftvollen Mix aus Remakes bekannter Klassiker und exklusiven Eigenkompositionen pr\u00e4sentiert \u2013 nat\u00fcrlich im gewohtnen Wolfgang Petry-Style! &nbsp; Quelle: SMD\/ Sony Music Catalog \/ NaKlar! Records Dieses Album ist ab dem 03.11.2023 in allen bekannten Onlineshops erh\u00e4ltlich! Airdate (f\u00fcr Radiosender): 03.11.2023<\/p>\n","protected":false},"author":1,"featured_media":21577,"comment_status":"open","ping_status":"open","sticky":false,"template":"","format":"standard","meta":{"footnotes":""},"categories":[2],"tags":[241],"class_list":["post-21576","post","type-post","status-publish","format-standard","has-post-thumbnail","hentry","category-schlager","tag-wolfgang-petry","wpcat-2-id"],"_links":{"self":[{"href":"https:\/\/bergers-schlagerparadies.de\/index.php?rest_route=\/wp\/v2\/posts\/21576","targetHints":{"allow":["GET"]}}],"collection":[{"href":"https:\/\/bergers-schlagerparadies.de\/index.php?rest_route=\/wp\/v2\/posts"}],"about":[{"href":"https:\/\/bergers-schlagerparadies.de\/index.php?rest_route=\/wp\/v2\/types\/post"}],"author":[{"embeddable":true,"href":"https:\/\/bergers-schlagerparadies.de\/index.php?rest_route=\/wp\/v2\/users\/1"}],"replies":[{"embeddable":true,"href":"https:\/\/bergers-schlagerparadies.de\/index.php?rest_route=%2Fwp%2Fv2%2Fcomments&post=21576"}],"version-history":[{"count":1,"href":"https:\/\/bergers-schlagerparadies.de\/index.php?rest_route=\/wp\/v2\/posts\/21576\/revisions"}],"predecessor-version":[{"id":21578,"href":"https:\/\/bergers-schlagerparadies.de\/index.php?rest_route=\/wp\/v2\/posts\/21576\/revisions\/21578"}],"wp:featuredmedia":[{"embeddable":true,"href":"https:\/\/bergers-schlagerparadies.de\/index.php?rest_route=\/wp\/v2\/media\/21577"}],"wp:attachment":[{"href":"https:\/\/bergers-schlagerparadies.de\/index.php?rest_route=%2Fwp%2Fv2%2Fmedia&parent=21576"}],"wp:term":[{"taxonomy":"category","embeddable":true,"href":"https:\/\/bergers-schlagerparadies.de\/index.php?rest_route=%2Fwp%2Fv2%2Fcategories&post=21576"},{"taxonomy":"post_tag","embeddable":true,"href":"https:\/\/bergers-schlagerparadies.de\/index.php?rest_route=%2Fwp%2Fv2%2Ftags&post=21576"}],"curies":[{"name":"wp","href":"https:\/\/api.w.org\/{rel}","templated":true}]}}