{"id":21466,"date":"2023-11-06T10:30:40","date_gmt":"2023-11-06T09:30:40","guid":{"rendered":"https:\/\/bergers-schlagerparadies.de\/?p=21466"},"modified":"2023-10-31T20:38:25","modified_gmt":"2023-10-31T19:38:25","slug":"adriana-flieg-%c2%b7-bergers-schlagerparadies","status":"publish","type":"post","link":"https:\/\/bergers-schlagerparadies.de\/?p=21466","title":{"rendered":"Adriana &#8211; Flieg \u00b7 Berger\u00b4s Schlagerparadies"},"content":{"rendered":"<p><img loading=\"lazy\" decoding=\"async\" class=\"size-medium wp-image-21467 alignleft\" src=\"https:\/\/bergers-schlagerparadies.de\/wp-content\/uploads\/2023\/10\/Adriana-Flieg-300x300.jpeg\" alt=\"\" width=\"300\" height=\"300\" srcset=\"https:\/\/bergers-schlagerparadies.de\/wp-content\/uploads\/2023\/10\/Adriana-Flieg-300x300.jpeg 300w, https:\/\/bergers-schlagerparadies.de\/wp-content\/uploads\/2023\/10\/Adriana-Flieg-1024x1024.jpeg 1024w, https:\/\/bergers-schlagerparadies.de\/wp-content\/uploads\/2023\/10\/Adriana-Flieg-150x150.jpeg 150w, https:\/\/bergers-schlagerparadies.de\/wp-content\/uploads\/2023\/10\/Adriana-Flieg-768x768.jpeg 768w, https:\/\/bergers-schlagerparadies.de\/wp-content\/uploads\/2023\/10\/Adriana-Flieg-1536x1536.jpeg 1536w, https:\/\/bergers-schlagerparadies.de\/wp-content\/uploads\/2023\/10\/Adriana-Flieg-2048x2048.jpeg 2048w, https:\/\/bergers-schlagerparadies.de\/wp-content\/uploads\/2023\/10\/Adriana-Flieg-1200x1200.jpeg 1200w, https:\/\/bergers-schlagerparadies.de\/wp-content\/uploads\/2023\/10\/Adriana-Flieg-1188x1188.jpeg 1188w, https:\/\/bergers-schlagerparadies.de\/wp-content\/uploads\/2023\/10\/Adriana-Flieg-100x100.jpeg 100w\" sizes=\"auto, (max-width: 300px) 100vw, 300px\" \/>Dieses ganz besondere Gef\u00fchl, wenn man seine \u00c4ngste endlich losl\u00e4sst, pl\u00f6tzlich eine riesige Last abf\u00e4llt und man wieder fliegen kann. So ist es uns allen doch schon einmal gegangen &#8211; viel zu lange hat man sich die Gedanken von Zweifeln und \u00c4ngsten vergiften lassen und nach der erfolgreichen \u00dcberwindung der selben, gesehen, dass das Gef\u00fchl des Frei seins alles in den Schatten stellt. Alle Lasten und Sorgen sind weg und man ist schwerelos wie ein Ballon, der gen Himmel steigt.<\/p>\n<p>Genau dieses besondere Gef\u00fchl beschreibt und besingt Adriana in ihrer brandneuen Single \u201eFlieg\u201c. Diese ist ab 10.11. auf allen Download- und Streamingportalen erh\u00e4ltlich.<\/p>\n<p>Dass Adriana sich nicht mit Unsicherheiten herumschl\u00e4gt &#8211; sie aber gerne thematisiert, um andere zu ermutigen, beweist sie in vielen ihrer Songs. Dabei setzt sie ihre kraft- und zugleich auch gef\u00fchlvolle Stimme ein und schafft es damit, die Songs nicht nur ins Ohr, sondern auch unter die Haut gehen zu lassen. Bereits in \u201eSize Zero\u201c thematisierte sie k\u00f6rperliche Unsicherheiten und stand \u00f6ffentlich gegen Bodyshaming ein.<\/p>\n<p>Auch mit der neuen Single \u201eFlieg\u201c richtet sich Adriana mutig mit einem Appell an Menschen, die von Zweifeln und \u00c4ngsten geplagt sind. \u201eWir sind nicht perfekt und es steht auch nirgendwo geschrieben, dass wir das sein m\u00fcssen. Social Media ist ein wichtiger Bestandteil unseres Lebens geworden, ist aber auch N\u00e4hrboden f\u00fcr Negatives. Es gibt viel Konkurrenz und vermeintliche Ideale, denen jeder hinterher jagt, anstatt sich auf sich selbst und seine eigenen W\u00fcnsche und Tr\u00e4ume zu konzentriert. Ich m\u00f6chte den Menschen weiterhin mit meiner Musik den Mut geben an sich selbst zu glauben!\u201c, so die junge K\u00e4rntnerin.<\/p>\n<p>Die neue Single \u201eFlieg\u201c ist ab 10.11. auf allen Download- und Streamingportalen erh\u00e4ltlich.<\/p>\n<p><span style=\"color: #800000;\"><strong>Quelle: ADLA Media<\/strong><\/span><\/p>\n<p><span style=\"color: #800000;\"><strong>Dieser Song ist ab dem 10.11.2023 in allen bekannten Onlineshops erh\u00e4ltlich!<\/strong><\/span><\/p>\n<p><span style=\"color: #800000;\"><strong>Airdate (f\u00fcr Radiosender): 10.11.2023<\/strong><\/span><\/p>\n","protected":false},"excerpt":{"rendered":"<p>Dieses ganz besondere Gef\u00fchl, wenn man seine \u00c4ngste endlich losl\u00e4sst, pl\u00f6tzlich eine riesige Last abf\u00e4llt und man wieder fliegen kann. So ist es uns allen doch schon einmal gegangen &#8211; viel zu lange hat man sich die Gedanken von Zweifeln und \u00c4ngsten vergiften lassen und nach der erfolgreichen \u00dcberwindung der selben, gesehen, dass das Gef\u00fchl des Frei seins alles in den Schatten stellt. Alle Lasten und Sorgen sind weg und man ist schwerelos wie ein Ballon, der gen Himmel steigt. Genau dieses besondere Gef\u00fchl beschreibt und besingt Adriana in ihrer brandneuen Single \u201eFlieg\u201c. Diese ist ab 10.11. auf allen Download- und Streamingportalen erh\u00e4ltlich. Dass Adriana&#8230;<\/p>\n","protected":false},"author":1,"featured_media":21467,"comment_status":"open","ping_status":"open","sticky":false,"template":"","format":"standard","meta":{"footnotes":""},"categories":[2],"tags":[1291],"class_list":["post-21466","post","type-post","status-publish","format-standard","has-post-thumbnail","hentry","category-schlager","tag-adriana","wpcat-2-id"],"_links":{"self":[{"href":"https:\/\/bergers-schlagerparadies.de\/index.php?rest_route=\/wp\/v2\/posts\/21466","targetHints":{"allow":["GET"]}}],"collection":[{"href":"https:\/\/bergers-schlagerparadies.de\/index.php?rest_route=\/wp\/v2\/posts"}],"about":[{"href":"https:\/\/bergers-schlagerparadies.de\/index.php?rest_route=\/wp\/v2\/types\/post"}],"author":[{"embeddable":true,"href":"https:\/\/bergers-schlagerparadies.de\/index.php?rest_route=\/wp\/v2\/users\/1"}],"replies":[{"embeddable":true,"href":"https:\/\/bergers-schlagerparadies.de\/index.php?rest_route=%2Fwp%2Fv2%2Fcomments&post=21466"}],"version-history":[{"count":1,"href":"https:\/\/bergers-schlagerparadies.de\/index.php?rest_route=\/wp\/v2\/posts\/21466\/revisions"}],"predecessor-version":[{"id":21468,"href":"https:\/\/bergers-schlagerparadies.de\/index.php?rest_route=\/wp\/v2\/posts\/21466\/revisions\/21468"}],"wp:featuredmedia":[{"embeddable":true,"href":"https:\/\/bergers-schlagerparadies.de\/index.php?rest_route=\/wp\/v2\/media\/21467"}],"wp:attachment":[{"href":"https:\/\/bergers-schlagerparadies.de\/index.php?rest_route=%2Fwp%2Fv2%2Fmedia&parent=21466"}],"wp:term":[{"taxonomy":"category","embeddable":true,"href":"https:\/\/bergers-schlagerparadies.de\/index.php?rest_route=%2Fwp%2Fv2%2Fcategories&post=21466"},{"taxonomy":"post_tag","embeddable":true,"href":"https:\/\/bergers-schlagerparadies.de\/index.php?rest_route=%2Fwp%2Fv2%2Ftags&post=21466"}],"curies":[{"name":"wp","href":"https:\/\/api.w.org\/{rel}","templated":true}]}}