{"id":21433,"date":"2023-10-27T12:56:00","date_gmt":"2023-10-27T10:56:00","guid":{"rendered":"https:\/\/bergers-schlagerparadies.de\/?p=21433"},"modified":"2023-10-27T12:56:00","modified_gmt":"2023-10-27T10:56:00","slug":"tanja-lasch-froehliche-weihnachtszeit-album-%c2%b7-bergers-schlagerparadies","status":"publish","type":"post","link":"https:\/\/bergers-schlagerparadies.de\/?p=21433","title":{"rendered":"Tanja Lasch &#8211; Fr\u00f6hliche Weihnachtszeit (Album) \u00b7 Berger\u00b4s Schlagerparadies"},"content":{"rendered":"<p><img loading=\"lazy\" decoding=\"async\" class=\"size-medium wp-image-21434 alignleft\" src=\"https:\/\/bergers-schlagerparadies.de\/wp-content\/uploads\/2023\/10\/Tanja-Lasch-Froehliche-Weihnachtszeit-Album-297x300.jpeg\" alt=\"\" width=\"297\" height=\"300\" srcset=\"https:\/\/bergers-schlagerparadies.de\/wp-content\/uploads\/2023\/10\/Tanja-Lasch-Froehliche-Weihnachtszeit-Album-297x300.jpeg 297w, https:\/\/bergers-schlagerparadies.de\/wp-content\/uploads\/2023\/10\/Tanja-Lasch-Froehliche-Weihnachtszeit-Album-1015x1024.jpeg 1015w, https:\/\/bergers-schlagerparadies.de\/wp-content\/uploads\/2023\/10\/Tanja-Lasch-Froehliche-Weihnachtszeit-Album-768x775.jpeg 768w, https:\/\/bergers-schlagerparadies.de\/wp-content\/uploads\/2023\/10\/Tanja-Lasch-Froehliche-Weihnachtszeit-Album-1189x1200.jpeg 1189w, https:\/\/bergers-schlagerparadies.de\/wp-content\/uploads\/2023\/10\/Tanja-Lasch-Froehliche-Weihnachtszeit-Album-1188x1199.jpeg 1188w, https:\/\/bergers-schlagerparadies.de\/wp-content\/uploads\/2023\/10\/Tanja-Lasch-Froehliche-Weihnachtszeit-Album-100x100.jpeg 100w, https:\/\/bergers-schlagerparadies.de\/wp-content\/uploads\/2023\/10\/Tanja-Lasch-Froehliche-Weihnachtszeit-Album.jpeg 1200w\" sizes=\"auto, (max-width: 297px) 100vw, 297px\" \/>Es ist f\u00fcr viele Menschen die sch\u00f6nste Zeit des Jahres: die besinnliche Weihnachtszeit. In diesem Jahr hat S\u00e4ngerin und Songwriterin Tanja Lasch f\u00fcr alle Schlagerfans eine ganz besondere \u00dcberraschung: Sie ver\u00f6ffentlicht das erste Weihnachtsalbum ihrer Karriere! Am 27. Oktober 2023 erscheint \u201eFr\u00f6hliche Weihnachtszeit\u201c.<br \/>\nEs duftet nach Lebkuchen, Gl\u00fchwein und Stollen. Auch wenn die Tage k\u00fcrzer sind, so erleuchten die Weihnachtsb\u00e4ume, Lichterkr\u00e4nze und Adventsgestecke das Zuhause vieler. Neben den typischen Br\u00e4uchen darf auch die passende Musik nicht fehlen \u2013 in diesem Jahr singt Tanja Lasch f\u00fcr uns die sch\u00f6nsten Weihnachtsklassiker. Daf\u00fcr hat sie sich ihre 12 Lieblingstitel ausgesucht, die sie nun auf ihre pers\u00f6nliche Art und Weise interpretiert: \u201eEs war schon immer mein Wunsch, meinen Fans und den Menschen, die meine Musik m\u00f6gen, mit solch einem Album gl\u00fccklich zu machen. Ich freue mich, auch einmal ruhigere T\u00f6ne von mir zu zeigen und die Menschen, die meine Stimme m\u00f6gen, d\u00fcrfen sich jetzt auch zur Weihnachtszeit gerne damit berauschen lassen.\u201c W\u00e4hrend Tanja Lasch seit Jahren die Hitparaden mit ihren Uptempo-Nummern erobert, erleben wir sie nun von einer ganz anderen Seite.<br \/>\nMit ihrer samtweichen Stimme schafft es die S\u00e4ngerin einen wundersch\u00f6nen, emotionalen Sound direkt in die Wohnzimmer der Schlagerfans zu transportieren. Gemeinsam mit ihrem Produzenten Simon Allert &#8211; einer der erfolgreichsten Songwriter und Producer Deutschlands \u2013 liefert Tanja Lasch den perfekten Soundtrack f\u00fcr die besinnlichste Zeit des Jahres. Daf\u00fcr hat sie sich traditionelle Klassiker ausgesucht, wie \u201eLeise rieselt der Schnee\u201c, \u201eOh Tannenbaum\u201c oder \u201eStille Nacht\u201c. Aber auch internationale Hits wie \u201eLast christmas (Letzte Weihnacht)\u201c, \u201eWhite christmas (Wei\u00dfe Weihnacht\u201c oder \u201eWinterwonderland (Wei\u00dfer Winterwald)\u201c d\u00fcrfen auf diesem Album nicht fehlen. Jedes Kind kennt wohl den Rolf Zuckowski Klassiker \u201eIn der Weihnachtsb\u00e4ckerei\u201c \u2013 nun k\u00f6nnen wir diesen Hit auch mit Tanja Lasch laut mitsingen: \u201eIch liebe die Weihnachtszeit. Ich zelebriere dieses Fest schon ein paar Wochen vorher, indem ich das ganze Haus schm\u00fccke, Pl\u00e4tzchen und Stollen backe, Kerzen anz\u00fcnde und ein bisschen die Stille genie\u00dfe.\u201c<br \/>\nAuf \u201eFr\u00f6hliche Weihnachtszeit\u201c hat sich Tanja Lasch ihre pers\u00f6nlichen Lieblingslieder rausgesucht, ein Song liegt ihr dabei aber besonders am Herzen: \u201e\u201aWeihnachten in Familie\u2018 ist einer meiner Favoriten. Mit dem Original von Frank Sch\u00f6bel und Familie verbindet mich sehr viel. Frank ist ein Freund der Familie, den ich schon seit Kindertagen kenne. Frank, seine Kinder, meine Eltern und Ich verbrachten viele Sommer an der Ostsee miteinander. Ich habe diesen Song als Kind schon gerne mitgesungen und es ist eine Ehre f\u00fcr mich, ihn nun selbst zu ver\u00f6ffentlichen.\u201c Mit ihrem ersten Weihnachtsalbum trifft Tanja Lasch direkt ins Herz und schafft es einmal mehr mit ihrer markanten Stimme zu begeistern. Mit der Ver\u00f6ffentlichung geht ein gro\u00dfer Wunsch f\u00fcr die passionierte<\/p>\n<p>Songwriterin und S\u00e4ngerin in Erf\u00fcllung: \u201eIch m\u00f6chte den Menschen ein bisschen Freude bereiten. Und eine sch\u00f6ne Einstimmung auf die besinnlichste Zeit des Jahres liefern\u201c.<br \/>\n\u201e Fr\u00f6hliche Weihnachtszeit von Tanja Lasch \u201c erscheint am 27.10.2023 bei TELAMO.<\/p>\n<p><span style=\"color: #800000;\"><strong>Quelle: Telamo<\/strong><\/span><\/p>\n<p><span style=\"color: #800000;\"><strong>Dieses Album ist ab dem 27.10.2023 in allen bekannten Onlineshops erh\u00e4ltlich!<\/strong><\/span><\/p>\n<p><span style=\"color: #800000;\"><strong>Airdate (f\u00fcr Radiosender): 27.10.2023<\/strong><\/span><\/p>\n","protected":false},"excerpt":{"rendered":"<p>Es ist f\u00fcr viele Menschen die sch\u00f6nste Zeit des Jahres: die besinnliche Weihnachtszeit. In diesem Jahr hat S\u00e4ngerin und Songwriterin Tanja Lasch f\u00fcr alle Schlagerfans eine ganz besondere \u00dcberraschung: Sie ver\u00f6ffentlicht das erste Weihnachtsalbum ihrer Karriere! Am 27. Oktober 2023 erscheint \u201eFr\u00f6hliche Weihnachtszeit\u201c. Es duftet nach Lebkuchen, Gl\u00fchwein und Stollen. Auch wenn die Tage k\u00fcrzer sind, so erleuchten die Weihnachtsb\u00e4ume, Lichterkr\u00e4nze und Adventsgestecke das Zuhause vieler. Neben den typischen Br\u00e4uchen darf auch die passende Musik nicht fehlen \u2013 in diesem Jahr singt Tanja Lasch f\u00fcr uns die sch\u00f6nsten Weihnachtsklassiker. Daf\u00fcr hat sie sich ihre 12 Lieblingstitel ausgesucht, die sie nun auf ihre pers\u00f6nliche Art und&#8230;<\/p>\n","protected":false},"author":1,"featured_media":21434,"comment_status":"open","ping_status":"open","sticky":false,"template":"","format":"standard","meta":{"footnotes":""},"categories":[2],"tags":[1075],"class_list":["post-21433","post","type-post","status-publish","format-standard","has-post-thumbnail","hentry","category-schlager","tag-tanja-lasch","wpcat-2-id"],"_links":{"self":[{"href":"https:\/\/bergers-schlagerparadies.de\/index.php?rest_route=\/wp\/v2\/posts\/21433","targetHints":{"allow":["GET"]}}],"collection":[{"href":"https:\/\/bergers-schlagerparadies.de\/index.php?rest_route=\/wp\/v2\/posts"}],"about":[{"href":"https:\/\/bergers-schlagerparadies.de\/index.php?rest_route=\/wp\/v2\/types\/post"}],"author":[{"embeddable":true,"href":"https:\/\/bergers-schlagerparadies.de\/index.php?rest_route=\/wp\/v2\/users\/1"}],"replies":[{"embeddable":true,"href":"https:\/\/bergers-schlagerparadies.de\/index.php?rest_route=%2Fwp%2Fv2%2Fcomments&post=21433"}],"version-history":[{"count":1,"href":"https:\/\/bergers-schlagerparadies.de\/index.php?rest_route=\/wp\/v2\/posts\/21433\/revisions"}],"predecessor-version":[{"id":21435,"href":"https:\/\/bergers-schlagerparadies.de\/index.php?rest_route=\/wp\/v2\/posts\/21433\/revisions\/21435"}],"wp:featuredmedia":[{"embeddable":true,"href":"https:\/\/bergers-schlagerparadies.de\/index.php?rest_route=\/wp\/v2\/media\/21434"}],"wp:attachment":[{"href":"https:\/\/bergers-schlagerparadies.de\/index.php?rest_route=%2Fwp%2Fv2%2Fmedia&parent=21433"}],"wp:term":[{"taxonomy":"category","embeddable":true,"href":"https:\/\/bergers-schlagerparadies.de\/index.php?rest_route=%2Fwp%2Fv2%2Fcategories&post=21433"},{"taxonomy":"post_tag","embeddable":true,"href":"https:\/\/bergers-schlagerparadies.de\/index.php?rest_route=%2Fwp%2Fv2%2Ftags&post=21433"}],"curies":[{"name":"wp","href":"https:\/\/api.w.org\/{rel}","templated":true}]}}