{"id":21430,"date":"2023-10-27T12:51:48","date_gmt":"2023-10-27T10:51:48","guid":{"rendered":"https:\/\/bergers-schlagerparadies.de\/?p=21430"},"modified":"2023-10-27T12:51:48","modified_gmt":"2023-10-27T10:51:48","slug":"stimmen-der-berge-weihnachten-bei-uns-zuhaus-album-%c2%b7-bergers-schlagerparadies","status":"publish","type":"post","link":"https:\/\/bergers-schlagerparadies.de\/?p=21430","title":{"rendered":"Stimmen der Berge &#8211; Weihnachten bei uns Zuhaus (Album) \u00b7 Berger\u00b4s Schlagerparadies"},"content":{"rendered":"<p><img loading=\"lazy\" decoding=\"async\" class=\"size-medium wp-image-21431 alignleft\" src=\"https:\/\/bergers-schlagerparadies.de\/wp-content\/uploads\/2023\/10\/Stimmen-der-Berge-Weihnachten-bei-uns-Zuhaus-Album-295x300.jpeg\" alt=\"\" width=\"295\" height=\"300\" srcset=\"https:\/\/bergers-schlagerparadies.de\/wp-content\/uploads\/2023\/10\/Stimmen-der-Berge-Weihnachten-bei-uns-Zuhaus-Album-295x300.jpeg 295w, https:\/\/bergers-schlagerparadies.de\/wp-content\/uploads\/2023\/10\/Stimmen-der-Berge-Weihnachten-bei-uns-Zuhaus-Album-1006x1024.jpeg 1006w, https:\/\/bergers-schlagerparadies.de\/wp-content\/uploads\/2023\/10\/Stimmen-der-Berge-Weihnachten-bei-uns-Zuhaus-Album-768x782.jpeg 768w, https:\/\/bergers-schlagerparadies.de\/wp-content\/uploads\/2023\/10\/Stimmen-der-Berge-Weihnachten-bei-uns-Zuhaus-Album-1178x1200.jpeg 1178w, https:\/\/bergers-schlagerparadies.de\/wp-content\/uploads\/2023\/10\/Stimmen-der-Berge-Weihnachten-bei-uns-Zuhaus-Album-1188x1210.jpeg 1188w, https:\/\/bergers-schlagerparadies.de\/wp-content\/uploads\/2023\/10\/Stimmen-der-Berge-Weihnachten-bei-uns-Zuhaus-Album.jpeg 1200w\" sizes=\"auto, (max-width: 295px) 100vw, 295px\" \/>Mit gleich 18 wundersch\u00f6n weihnachtlichen Titeln sorgen die Stimmen der Berge in diesem Jahr f\u00fcr besinnliche Festtagsstimmung: Ihr neues Album \u201eWeihnachten bei uns Zuhaus\u201c erscheint am 27.10.2023 bei Telamonte.<\/p>\n<p>Ein ganz besonderes Weihnachtsgeschenk kommt in diesem Jahr von den Stimmen der Berge \u2013 jenen f\u00fcnf Ausnahmes\u00e4ngern, die mit ihrem Br\u00fcckenschlag zwischen Volksmusik und Schlager, Traditionals und Gospel-Klassikern, Musical-Meisterwerken und sakralem Gesangsgut schon mehrfach die Charts aufgemischt haben. Nachdem die f\u00fcnf Vokalisten, die seit dem Sensationserfolg ihres Deb\u00fctalbums auch als \u201eBoygroup der Volksmusik\u201c gelten, zuletzt auf \u201eIm Namen des Vaters\u201c und \u201eDas Beste\u201c noch das sommerliche Album \u201eItalienische Sehnsucht\u201c folgen lie\u00dfen, pr\u00e4sentieren sie nun ein extrem gef\u00fchlvolles, facettenreiches und wundersch\u00f6n arrangiertes Album f\u00fcr die besinnliche Jahreszeit: Mit \u201eWeihnachten bei uns Zuhaus\u201c erscheint am 17. November der ultimative Soundtrack f\u00fcr ein musikalisches Fest der Liebe.<\/p>\n<p>Vom ersten Moment an macht sich jene Ruhe breit, die man sich zu Weihnachten w\u00fcnscht: Der \u201eAndachtsjodler\u201c ist da der ideale Auftakt, wenn die pure Kraft ihrer vereinten Stimmen nur ganz seicht eingerahmt wird von dem Arrangement ihres Produzenten Tommy Mustac, der nun schon mehrfach bewiesen hat, wie genial er die musikalischen Streifz\u00fcge der f\u00fcnf S\u00e4nger in Szene zu setzen wei\u00df. \u201eAlle Kinder warten auf die Weihnachtszeit\u201c, hei\u00dft es dann im Peter-Alexander-Klassiker \u201eWeihnacht\u201c, der genauso geruhsam und besinnlich daherkommt wie \u201eOh Heilige Nacht\u201c, bei dem ihre Stimmen grandios miteinander harmonieren.<\/p>\n<p>Wie episch, erhebend und gedankenvoll zugleich die Stimmung dieses Albums ist, beweisen die Stimmen der Berge auch mit ihrer Version des \u201eAve Maria\u201c von Bach\/Gounod, die auf das Wiegenlied \u201eAber Heidschi Bumbeidschi\u201c folgt. Da dieses Weihnachtsalbum insgesamt gleich 18 Titel umfasst, sind auch viele, viele traumhafte Traditionals mit dabei: \u201eEs ist ein Ros entsprungen\u201c als A-capella-Version oder \u201eHebe deine Augen auf\u201c, \u201eS\u00fc\u00dfer die Glocken nie klingen\u201c oder auch der \u00d6sterreich-Klassiker \u201eEs wird scho glei dumpa\u201c \u2013 sie alle tragen zu der einzigartigen Stimmung bei.<\/p>\n<p>Allerdings darf zwischendurch auch getanzt (und gerodelt) werden: \u201eAuf zur Schlittenfahrt\u201c ist schwungvoll und nimmt immer mehr Fahrt auf, und auch Hermann Weindorfs \u201eGloria In Excelsis Deo\u201c kommt mit einem spannenden Arrangement daher. Abgerundet mit weiteren saisonalen Highlights und Adventsklassikern wie \u201eKommet ihr Hirten\u201c, \u201eHeilige Nacht\u201c, \u201eOh du Fr\u00f6hliche\u201c und \u201eStille Nacht\u201c, klingt das Album aus mit weiteren Meilensteinen wie der Schubert-Variante des \u201eAve Maria\u201c und jenem \u201eAbendsegen\u201c, der urspr\u00fcnglich aus der Oper \u201eH\u00e4nsel und Gretel\u201c stammt.<\/p>\n<p>In den drei Jahren, die seit der Gr\u00fcndung dieses Ausnahme-Quintetts vergangen sind, haben die Stimmen der Berge mit ihrer Musik schon wahnsinnig viel bewegt: Im Sommer 2014 fassten Thomas A. Gruber, Benjamin Grund und Daniel Hinterberger, allesamt ehemalige Regensburger Domspatzen, den Entschluss, die Bandbreite ihres musikalischen Schaffens dem beindruckenden Umfang ihrer Stimmen anzugleichen \u2013 sprich: ab sofort sehr viel mehr Facetten und Genres zu interpretieren. Als Stimmen der Berge setzten sie ab sofort genauso auf Volkst\u00fcmliches wie auf Schlager, auf Musical genauso wie auf Gospel, ohne dabei Traditionals oder sakrales Gesangsgut auszuklammern. Eine Mischung, die ihnen schon mit dem Deb\u00fctalbum massive Erfolge bescherte: Das im M\u00e4rz 2016 ver\u00f6ffentlichte \u201eWenn die Sonne erwacht in den Bergen\u201c landete auf Anhieb auf Platz 7 der deutschen Schlagercharts und mischte zudem auch die Top-40 der regul\u00e4ren deutschen Albumcharts auf. Neben einem Top-50-Erfolg in \u00d6sterreich, konnten die Stimmen der Berge sich zudem \u00fcber einen Top-10-Einstieg auch in Tschechien und der Slowakei freuen.<\/p>\n<p>Nachdem die hochkar\u00e4tigen Neuzug\u00e4nge Stephan Schl\u00f6gl (Tenor) und Simon K\u00e4sbauer (Bass) kurz nach der Deb\u00fctver\u00f6ffentlichung dazu gesto\u00dfen waren, um die Positionen der beiden aus famili\u00e4ren Gr\u00fcnden ausgeschiedenen S\u00e4nger M. M\u00fcller und S. Hofmeister zu \u00fcbernehmen, nahmen die f\u00fcnf S\u00e4nger zuletzt die Alben \u201eIm Namen des Vaters\u201c und \u201eDas Beste\u201c auf, um erst vor wenigen Monaten mit der sommerlichen Vorg\u00e4nger-LP \u201eItalienische Sehnsucht\u201c eine weitere Facette ihres Sounds zu pr\u00e4sentieren \u2013 und auch damit an ihre Erfolgsserie anzukn\u00fcpfen.<\/p>\n<p>Sch\u00f6ner kann ein Jahr nicht ausklingen: Mit \u201eWeihnachten bei uns Zuhaus\u201c entf\u00fchren die Stimmen der Berge ihre Zuh\u00f6rer vom ersten Ton an in ihre unverwechselbare Klangwelt \u2013 und garantieren Festtagsstimmung pur.<\/p>\n<p>Das Album \u201eWeihnachten bei uns Zuhaus\u201c erscheint am 27. Oktober 2023 im Handel.<\/p>\n<p><span style=\"color: #800000;\"><strong>Quelle: Telamo<\/strong><\/span><\/p>\n<p><span style=\"color: #800000;\"><strong>Dieses Album ist ab dem 27.10.2023 in allen bekannten Onlineshops erh\u00e4ltlich!<\/strong><\/span><\/p>\n<p><span style=\"color: #800000;\"><strong>Airdate (f\u00fcr Radiosender): 27.10.2023<\/strong><\/span><\/p>\n","protected":false},"excerpt":{"rendered":"<p>Mit gleich 18 wundersch\u00f6n weihnachtlichen Titeln sorgen die Stimmen der Berge in diesem Jahr f\u00fcr besinnliche Festtagsstimmung: Ihr neues Album \u201eWeihnachten bei uns Zuhaus\u201c erscheint am 27.10.2023 bei Telamonte. Ein ganz besonderes Weihnachtsgeschenk kommt in diesem Jahr von den Stimmen der Berge \u2013 jenen f\u00fcnf Ausnahmes\u00e4ngern, die mit ihrem Br\u00fcckenschlag zwischen Volksmusik und Schlager, Traditionals und Gospel-Klassikern, Musical-Meisterwerken und sakralem Gesangsgut schon mehrfach die Charts aufgemischt haben. Nachdem die f\u00fcnf Vokalisten, die seit dem Sensationserfolg ihres Deb\u00fctalbums auch als \u201eBoygroup der Volksmusik\u201c gelten, zuletzt auf \u201eIm Namen des Vaters\u201c und \u201eDas Beste\u201c noch das sommerliche Album \u201eItalienische Sehnsucht\u201c folgen lie\u00dfen, pr\u00e4sentieren sie nun ein extrem&#8230;<\/p>\n","protected":false},"author":1,"featured_media":21431,"comment_status":"open","ping_status":"open","sticky":false,"template":"","format":"standard","meta":{"footnotes":""},"categories":[2],"tags":[296],"class_list":["post-21430","post","type-post","status-publish","format-standard","has-post-thumbnail","hentry","category-schlager","tag-stimmen-der-berge","wpcat-2-id"],"_links":{"self":[{"href":"https:\/\/bergers-schlagerparadies.de\/index.php?rest_route=\/wp\/v2\/posts\/21430","targetHints":{"allow":["GET"]}}],"collection":[{"href":"https:\/\/bergers-schlagerparadies.de\/index.php?rest_route=\/wp\/v2\/posts"}],"about":[{"href":"https:\/\/bergers-schlagerparadies.de\/index.php?rest_route=\/wp\/v2\/types\/post"}],"author":[{"embeddable":true,"href":"https:\/\/bergers-schlagerparadies.de\/index.php?rest_route=\/wp\/v2\/users\/1"}],"replies":[{"embeddable":true,"href":"https:\/\/bergers-schlagerparadies.de\/index.php?rest_route=%2Fwp%2Fv2%2Fcomments&post=21430"}],"version-history":[{"count":1,"href":"https:\/\/bergers-schlagerparadies.de\/index.php?rest_route=\/wp\/v2\/posts\/21430\/revisions"}],"predecessor-version":[{"id":21432,"href":"https:\/\/bergers-schlagerparadies.de\/index.php?rest_route=\/wp\/v2\/posts\/21430\/revisions\/21432"}],"wp:featuredmedia":[{"embeddable":true,"href":"https:\/\/bergers-schlagerparadies.de\/index.php?rest_route=\/wp\/v2\/media\/21431"}],"wp:attachment":[{"href":"https:\/\/bergers-schlagerparadies.de\/index.php?rest_route=%2Fwp%2Fv2%2Fmedia&parent=21430"}],"wp:term":[{"taxonomy":"category","embeddable":true,"href":"https:\/\/bergers-schlagerparadies.de\/index.php?rest_route=%2Fwp%2Fv2%2Fcategories&post=21430"},{"taxonomy":"post_tag","embeddable":true,"href":"https:\/\/bergers-schlagerparadies.de\/index.php?rest_route=%2Fwp%2Fv2%2Ftags&post=21430"}],"curies":[{"name":"wp","href":"https:\/\/api.w.org\/{rel}","templated":true}]}}