{"id":21424,"date":"2023-10-27T12:34:25","date_gmt":"2023-10-27T10:34:25","guid":{"rendered":"https:\/\/bergers-schlagerparadies.de\/?p=21424"},"modified":"2023-10-27T12:34:25","modified_gmt":"2023-10-27T10:34:25","slug":"maria-levin-wenn-der-mond-die-sonne-beruehrt-%c2%b7-bergers-schlagerparadies","status":"publish","type":"post","link":"https:\/\/bergers-schlagerparadies.de\/?p=21424","title":{"rendered":"Maria Levin &#8211; Wenn der Mond die Sonne ber\u00fchrt \u00b7 Berger\u00b4s Schlagerparadies"},"content":{"rendered":"<p><img loading=\"lazy\" decoding=\"async\" class=\"size-medium wp-image-21425 alignleft\" src=\"https:\/\/bergers-schlagerparadies.de\/wp-content\/uploads\/2023\/10\/Maria-Levin-Wenn-der-Mond-die-Sonne-beruehrt-300x300.jpeg\" alt=\"\" width=\"300\" height=\"300\" srcset=\"https:\/\/bergers-schlagerparadies.de\/wp-content\/uploads\/2023\/10\/Maria-Levin-Wenn-der-Mond-die-Sonne-beruehrt-300x300.jpeg 300w, https:\/\/bergers-schlagerparadies.de\/wp-content\/uploads\/2023\/10\/Maria-Levin-Wenn-der-Mond-die-Sonne-beruehrt-1024x1024.jpeg 1024w, https:\/\/bergers-schlagerparadies.de\/wp-content\/uploads\/2023\/10\/Maria-Levin-Wenn-der-Mond-die-Sonne-beruehrt-150x150.jpeg 150w, https:\/\/bergers-schlagerparadies.de\/wp-content\/uploads\/2023\/10\/Maria-Levin-Wenn-der-Mond-die-Sonne-beruehrt-768x768.jpeg 768w, https:\/\/bergers-schlagerparadies.de\/wp-content\/uploads\/2023\/10\/Maria-Levin-Wenn-der-Mond-die-Sonne-beruehrt-1188x1188.jpeg 1188w, https:\/\/bergers-schlagerparadies.de\/wp-content\/uploads\/2023\/10\/Maria-Levin-Wenn-der-Mond-die-Sonne-beruehrt-100x100.jpeg 100w, https:\/\/bergers-schlagerparadies.de\/wp-content\/uploads\/2023\/10\/Maria-Levin-Wenn-der-Mond-die-Sonne-beruehrt.jpeg 1200w\" sizes=\"auto, (max-width: 300px) 100vw, 300px\" \/>Maria Levin geht mit treibendem Rhythmus und gro\u00dfen Gef\u00fchlen in den Endspurt des Jahres 2023: Mit \u201eWenn der Mond die Sonne ber\u00fchrt\u201c interpretiert sie voller Demut und Respekt den Originalk\u00fcnstlern und Autoren des Werkes gegen\u00fcber, einen der ganz gro\u00dfen deutschen Popsongs der 80er Jahre. Auf dem Weg zu ihrem neuen Album stellt Maria Levin einmal mehr ihre Gabe unter Beweis, mit ihrer Stimme Gef\u00fchl zu transportieren. Auf das Jahr 2024 und die neue Musik dieser Ausnahmek\u00fcnstlerin darf man sich freuen.<\/p>\n<p>&nbsp;<\/p>\n<p><span style=\"color: #800000;\"><strong>Quelle: MORE Music &amp; Media \/ Vertrieb: Edel\/Kontor New Media<\/strong><\/span><\/p>\n<p><span style=\"color: #800000;\"><strong>Dieser Song ist ab dem 27.10.2023 in allen bekannten Onlineshops erh\u00e4ltlich!<\/strong><\/span><\/p>\n<p><span style=\"color: #800000;\"><strong>Airdate (f\u00fcr Radiosender): 27.10.2023<\/strong><\/span><\/p>\n","protected":false},"excerpt":{"rendered":"<p>Maria Levin geht mit treibendem Rhythmus und gro\u00dfen Gef\u00fchlen in den Endspurt des Jahres 2023: Mit \u201eWenn der Mond die Sonne ber\u00fchrt\u201c interpretiert sie voller Demut und Respekt den Originalk\u00fcnstlern und Autoren des Werkes gegen\u00fcber, einen der ganz gro\u00dfen deutschen Popsongs der 80er Jahre. Auf dem Weg zu ihrem neuen Album stellt Maria Levin einmal mehr ihre Gabe unter Beweis, mit ihrer Stimme Gef\u00fchl zu transportieren. Auf das Jahr 2024 und die neue Musik dieser Ausnahmek\u00fcnstlerin darf man sich freuen. &nbsp; Quelle: MORE Music &amp; Media \/ Vertrieb: Edel\/Kontor New Media Dieser Song ist ab dem 27.10.2023 in allen bekannten Onlineshops erh\u00e4ltlich! Airdate (f\u00fcr Radiosender):&#8230;<\/p>\n","protected":false},"author":1,"featured_media":21425,"comment_status":"open","ping_status":"open","sticky":false,"template":"","format":"standard","meta":{"footnotes":""},"categories":[2],"tags":[1231],"class_list":["post-21424","post","type-post","status-publish","format-standard","has-post-thumbnail","hentry","category-schlager","tag-maria-levin","wpcat-2-id"],"_links":{"self":[{"href":"https:\/\/bergers-schlagerparadies.de\/index.php?rest_route=\/wp\/v2\/posts\/21424","targetHints":{"allow":["GET"]}}],"collection":[{"href":"https:\/\/bergers-schlagerparadies.de\/index.php?rest_route=\/wp\/v2\/posts"}],"about":[{"href":"https:\/\/bergers-schlagerparadies.de\/index.php?rest_route=\/wp\/v2\/types\/post"}],"author":[{"embeddable":true,"href":"https:\/\/bergers-schlagerparadies.de\/index.php?rest_route=\/wp\/v2\/users\/1"}],"replies":[{"embeddable":true,"href":"https:\/\/bergers-schlagerparadies.de\/index.php?rest_route=%2Fwp%2Fv2%2Fcomments&post=21424"}],"version-history":[{"count":1,"href":"https:\/\/bergers-schlagerparadies.de\/index.php?rest_route=\/wp\/v2\/posts\/21424\/revisions"}],"predecessor-version":[{"id":21426,"href":"https:\/\/bergers-schlagerparadies.de\/index.php?rest_route=\/wp\/v2\/posts\/21424\/revisions\/21426"}],"wp:featuredmedia":[{"embeddable":true,"href":"https:\/\/bergers-schlagerparadies.de\/index.php?rest_route=\/wp\/v2\/media\/21425"}],"wp:attachment":[{"href":"https:\/\/bergers-schlagerparadies.de\/index.php?rest_route=%2Fwp%2Fv2%2Fmedia&parent=21424"}],"wp:term":[{"taxonomy":"category","embeddable":true,"href":"https:\/\/bergers-schlagerparadies.de\/index.php?rest_route=%2Fwp%2Fv2%2Fcategories&post=21424"},{"taxonomy":"post_tag","embeddable":true,"href":"https:\/\/bergers-schlagerparadies.de\/index.php?rest_route=%2Fwp%2Fv2%2Ftags&post=21424"}],"curies":[{"name":"wp","href":"https:\/\/api.w.org\/{rel}","templated":true}]}}