{"id":21418,"date":"2023-10-27T12:14:00","date_gmt":"2023-10-27T10:14:00","guid":{"rendered":"https:\/\/bergers-schlagerparadies.de\/?p=21418"},"modified":"2023-10-27T12:14:00","modified_gmt":"2023-10-27T10:14:00","slug":"hansi-hinterseer-i-sitz-auf-an-stoa-%c2%b7-bergers-schlagerparadies","status":"publish","type":"post","link":"https:\/\/bergers-schlagerparadies.de\/?p=21418","title":{"rendered":"Hansi Hinterseer &#8211; I sitz auf an Stoa \u00b7 Berger\u00b4s Schlagerparadies"},"content":{"rendered":"<p><img loading=\"lazy\" decoding=\"async\" class=\"size-medium wp-image-21419 alignleft\" src=\"https:\/\/bergers-schlagerparadies.de\/wp-content\/uploads\/2023\/10\/Hansi-Hinterseer-I-sitz-auf-an-Stoa-300x300.jpeg\" alt=\"\" width=\"300\" height=\"300\" srcset=\"https:\/\/bergers-schlagerparadies.de\/wp-content\/uploads\/2023\/10\/Hansi-Hinterseer-I-sitz-auf-an-Stoa-300x300.jpeg 300w, https:\/\/bergers-schlagerparadies.de\/wp-content\/uploads\/2023\/10\/Hansi-Hinterseer-I-sitz-auf-an-Stoa-1024x1024.jpeg 1024w, https:\/\/bergers-schlagerparadies.de\/wp-content\/uploads\/2023\/10\/Hansi-Hinterseer-I-sitz-auf-an-Stoa-150x150.jpeg 150w, https:\/\/bergers-schlagerparadies.de\/wp-content\/uploads\/2023\/10\/Hansi-Hinterseer-I-sitz-auf-an-Stoa-768x768.jpeg 768w, https:\/\/bergers-schlagerparadies.de\/wp-content\/uploads\/2023\/10\/Hansi-Hinterseer-I-sitz-auf-an-Stoa-1200x1200.jpeg 1200w, https:\/\/bergers-schlagerparadies.de\/wp-content\/uploads\/2023\/10\/Hansi-Hinterseer-I-sitz-auf-an-Stoa-1188x1188.jpeg 1188w, https:\/\/bergers-schlagerparadies.de\/wp-content\/uploads\/2023\/10\/Hansi-Hinterseer-I-sitz-auf-an-Stoa-100x100.jpeg 100w, https:\/\/bergers-schlagerparadies.de\/wp-content\/uploads\/2023\/10\/Hansi-Hinterseer-I-sitz-auf-an-Stoa.jpeg 1250w\" sizes=\"auto, (max-width: 300px) 100vw, 300px\" \/>2024. Im n\u00e4chsten Jahr hat Hansi Hinterseer allen Grund zum Feiern: zum einen sein 30j\u00e4hriges B\u00fchnenjubil\u00e4um und au\u00dferdem einen runden Geburtstag. Doch damit nicht genug \u2013 zur Feier des Jahres, macht der sympathische Tiroler sich selbst, wie auch seinen \u201eLeitln\u201c, wie er sein Publikum liebevoll nennt, ein musikalisches Geschenk: Ein brandneues Album \u2013 Hansis Jubil\u00e4umsalbum. \u201eSch\u00f6n, dass es dich gibt\u201c wird es hei\u00dfen und rechtzeitig zu seinem Geburtstag erscheinen (V\u00d6: 26.01.2024). Der neue Vorbote hat es bereits in sich \u2013 oder besser \u201eauf sich\u201c: \u201eI sitz auf an Stoa\u201c! Ein Lied, das Hansi aus der Seele spricht\u2026<\/p>\n<p>Kraftvoll, wild, ungest\u00fcm sch\u00e4umend, aber auch freudig-gelassen sprudelt der Gebirgsbach und springt frisch wie der junge Tag \u00fcber die Steine im Bachbett. Das Wasser sucht und findet seinen Weg\u2026<br \/>\nVon seiner nachdenklichen Seite zeigt sich Hansi Hinterseer mit der Herbst-Single \u201eI sitz auf an Stoa\u201c, mit der er einen ersten Einblick in sein Jubil\u00e4umsalbum gibt und gleichzeitig den Countdown einl\u00e4utet.<\/p>\n<p>Die Emotionen lassen sich ebenso schwer b\u00e4ndigen wie dieser Gebirgsfluss. Das Kitzb\u00fcheler Original blickt zur\u00fcck auf sein Leben: \u201eI sitz auf an Stoa und schau still dem Wasser nach. Es flie\u00dft stetig, es flie\u00dft frei, so wie\u2018s Leben an mir vorbei.\u201c<\/p>\n<p>Nach Stromschnellen des Lebens denkt Hansi Hinterseer nun in ruhigeren Str\u00f6mungen \u201e\u00fcbers Leben nach &#8211; zufrieden so wie\u2018s is und wie\u2018s war.\u201c Sein Leben ist gepr\u00e4gt von Ver\u00e4nderung, seit er auf der Seidlalm am Hahnenkamm mit einer Kindheit im Rhythmus der Jahreszeiten aufwuchs &#8211; mit dem friedlichen und verl\u00e4sslich pl\u00e4tschernden Brunnen vor der H\u00fctte. Das Quellwasser war nicht nur Durstl\u00f6scher f\u00fcr Mensch und Vieh, sondern auch Spielplatz f\u00fcr das waschechte Kind der Berge.<\/p>\n<p>Es l\u00e4uft gut f\u00fcr ihn &#8211; 2024 erwarten den fr\u00fcheren Skirennl\u00e4ufer, zweifachen Profiweltmeister und Gesamtweltcupsieger gleich drei Jubil\u00e4en, die mit Jahresbeginn auch mit einer umfassend recherchierten und aufw\u00e4ndig produzierten TV-Dokumentation gew\u00fcrdigt &#8211; und musikalisch von einem neuen Studioalbum begleitet werden.<\/p>\n<p>Hansi Hinterseer und sein Gef\u00fchl f\u00fcr Schlager, wie auch volkst\u00fcmliche Lieder und traditionelles Liedgut, begeistern eine wachsende und Genre \u00fcbergreifende Anh\u00e4ngerschaft. Die einf\u00fchlsamen, positiven Texte und Melodien gew\u00e4hren Einblick in friedvolle Natur und erholsame Welten und verbinden auf magische Weise Vergangenheit, Gegenwart und Zukunft.<\/p>\n<p>Nat\u00fcrlich und selbstverst\u00e4ndlich kommen dem Tiroler die einpr\u00e4gsamen Liedzeilen aus dem Herzen. In sich ruhend, auf einem Stein im Wildbach sitzend und der Kraft der Natur lauschend. Auf einem Felsen, der Teil der ewigen Berge ist \u2013 jener Gebirgsgruppe seiner Heimat, die er so liebt. I sitz auf an Stoa\u2026<\/p>\n<p>Die neue Single \u201eI sitz auf an Stoa\u201c ist ab dem 27.10.23 \u00fcberall im Stream oder als Download erh\u00e4ltlich. Das neue Album \u201eSch\u00f6n, dass es dich gibt\u201c erscheint am 26.01.2024 ebenfalls bei Telamo. Das Video zum Song ist ebenfalls ab dem 27.10.23 zu sehen.<\/p>\n<p><span style=\"color: #800000;\"><strong>Quelle: Telamo<\/strong><\/span><\/p>\n<p><span style=\"color: #800000;\"><strong>Dieser Song ist ab dem 27.10.2023 in allen bekannten Onlineshops erh\u00e4ltlich!<\/strong><\/span><\/p>\n<p><span style=\"color: #800000;\"><strong>Airdate (f\u00fcr Radiosender): 27.10.2023<\/strong><\/span><\/p>\n","protected":false},"excerpt":{"rendered":"<p>2024. Im n\u00e4chsten Jahr hat Hansi Hinterseer allen Grund zum Feiern: zum einen sein 30j\u00e4hriges B\u00fchnenjubil\u00e4um und au\u00dferdem einen runden Geburtstag. Doch damit nicht genug \u2013 zur Feier des Jahres, macht der sympathische Tiroler sich selbst, wie auch seinen \u201eLeitln\u201c, wie er sein Publikum liebevoll nennt, ein musikalisches Geschenk: Ein brandneues Album \u2013 Hansis Jubil\u00e4umsalbum. \u201eSch\u00f6n, dass es dich gibt\u201c wird es hei\u00dfen und rechtzeitig zu seinem Geburtstag erscheinen (V\u00d6: 26.01.2024). Der neue Vorbote hat es bereits in sich \u2013 oder besser \u201eauf sich\u201c: \u201eI sitz auf an Stoa\u201c! Ein Lied, das Hansi aus der Seele spricht\u2026 Kraftvoll, wild, ungest\u00fcm sch\u00e4umend, aber auch freudig-gelassen sprudelt&#8230;<\/p>\n","protected":false},"author":1,"featured_media":21419,"comment_status":"open","ping_status":"open","sticky":false,"template":"","format":"standard","meta":{"footnotes":""},"categories":[2],"tags":[281],"class_list":["post-21418","post","type-post","status-publish","format-standard","has-post-thumbnail","hentry","category-schlager","tag-hansi-hinterseer","wpcat-2-id"],"_links":{"self":[{"href":"https:\/\/bergers-schlagerparadies.de\/index.php?rest_route=\/wp\/v2\/posts\/21418","targetHints":{"allow":["GET"]}}],"collection":[{"href":"https:\/\/bergers-schlagerparadies.de\/index.php?rest_route=\/wp\/v2\/posts"}],"about":[{"href":"https:\/\/bergers-schlagerparadies.de\/index.php?rest_route=\/wp\/v2\/types\/post"}],"author":[{"embeddable":true,"href":"https:\/\/bergers-schlagerparadies.de\/index.php?rest_route=\/wp\/v2\/users\/1"}],"replies":[{"embeddable":true,"href":"https:\/\/bergers-schlagerparadies.de\/index.php?rest_route=%2Fwp%2Fv2%2Fcomments&post=21418"}],"version-history":[{"count":1,"href":"https:\/\/bergers-schlagerparadies.de\/index.php?rest_route=\/wp\/v2\/posts\/21418\/revisions"}],"predecessor-version":[{"id":21420,"href":"https:\/\/bergers-schlagerparadies.de\/index.php?rest_route=\/wp\/v2\/posts\/21418\/revisions\/21420"}],"wp:featuredmedia":[{"embeddable":true,"href":"https:\/\/bergers-schlagerparadies.de\/index.php?rest_route=\/wp\/v2\/media\/21419"}],"wp:attachment":[{"href":"https:\/\/bergers-schlagerparadies.de\/index.php?rest_route=%2Fwp%2Fv2%2Fmedia&parent=21418"}],"wp:term":[{"taxonomy":"category","embeddable":true,"href":"https:\/\/bergers-schlagerparadies.de\/index.php?rest_route=%2Fwp%2Fv2%2Fcategories&post=21418"},{"taxonomy":"post_tag","embeddable":true,"href":"https:\/\/bergers-schlagerparadies.de\/index.php?rest_route=%2Fwp%2Fv2%2Ftags&post=21418"}],"curies":[{"name":"wp","href":"https:\/\/api.w.org\/{rel}","templated":true}]}}