{"id":21372,"date":"2023-10-26T21:07:02","date_gmt":"2023-10-26T19:07:02","guid":{"rendered":"https:\/\/bergers-schlagerparadies.de\/?p=21372"},"modified":"2023-10-26T21:07:02","modified_gmt":"2023-10-26T19:07:02","slug":"safiya-fuer-diesen-einen-moment-%c2%b7-bergers-schlagerparadies","status":"publish","type":"post","link":"https:\/\/bergers-schlagerparadies.de\/?p=21372","title":{"rendered":"Safiya &#8211; F\u00fcr diesen einen Moment \u00b7 Berger\u00b4s Schlagerparadies"},"content":{"rendered":"<p><img loading=\"lazy\" decoding=\"async\" class=\"size-medium wp-image-21373 alignleft\" src=\"https:\/\/bergers-schlagerparadies.de\/wp-content\/uploads\/2023\/10\/Safiya-Fuer-diesen-einen-Moment-300x300.jpg\" alt=\"\" width=\"300\" height=\"300\" srcset=\"https:\/\/bergers-schlagerparadies.de\/wp-content\/uploads\/2023\/10\/Safiya-Fuer-diesen-einen-Moment-300x300.jpg 300w, https:\/\/bergers-schlagerparadies.de\/wp-content\/uploads\/2023\/10\/Safiya-Fuer-diesen-einen-Moment-1024x1024.jpg 1024w, https:\/\/bergers-schlagerparadies.de\/wp-content\/uploads\/2023\/10\/Safiya-Fuer-diesen-einen-Moment-150x150.jpg 150w, https:\/\/bergers-schlagerparadies.de\/wp-content\/uploads\/2023\/10\/Safiya-Fuer-diesen-einen-Moment-768x768.jpg 768w, https:\/\/bergers-schlagerparadies.de\/wp-content\/uploads\/2023\/10\/Safiya-Fuer-diesen-einen-Moment-1536x1536.jpg 1536w, https:\/\/bergers-schlagerparadies.de\/wp-content\/uploads\/2023\/10\/Safiya-Fuer-diesen-einen-Moment-2048x2048.jpg 2048w, https:\/\/bergers-schlagerparadies.de\/wp-content\/uploads\/2023\/10\/Safiya-Fuer-diesen-einen-Moment-1200x1200.jpg 1200w, https:\/\/bergers-schlagerparadies.de\/wp-content\/uploads\/2023\/10\/Safiya-Fuer-diesen-einen-Moment-1188x1188.jpg 1188w, https:\/\/bergers-schlagerparadies.de\/wp-content\/uploads\/2023\/10\/Safiya-Fuer-diesen-einen-Moment-100x100.jpg 100w\" sizes=\"auto, (max-width: 300px) 100vw, 300px\" \/>\u201eDas Leben ist eine Folge von Momenten. Manche davon haben die Kraft, alles zu ver\u00e4ndern.\u201c Daran erinnert Safiya mit ihrer neuen Single \u201eF\u00fcr diesen einen Moment\u201c.<br \/>\nDer kraftvolle Song ist eine Einladung, sich nicht in Sorgen \u00fcber Vergangenheit oder Zukunft zu verlieren, sondern einfach das Hier und Jetzt zu genie\u00dfen: Jeden kleinen Moment.<\/p>\n<p>Mit der Ver\u00f6ffentlichung ihrer ersten Songs (\u201eAlles klar\u201c, dem Juliane Wehrding Cover \u201eStimmen im Wind\u201c und \u201eVerdammt (ich will))\u201c, hat sich die Frankfurter S\u00e4ngerin und Komponistin zu einer der aufregendsten neuen Stimmen in der deutschen Popschlager-Szene entwickelt. Seitdem sind ihre Songs in diversen Charts vertreten und Auftritte in beliebten TV-Shows wie der von Florian Silbereisen moderierten \u201eSchlagerchance\u201c oder der \u201eMDR\u201c TV-Sendung \u201eDie Schlager des Monats\u201c keine Seltenheit.<\/p>\n<p>F\u00fcr die Powerfrau sind ihre Songs immer pure Herzensangelegenheit, sie will echte, ehrliche Geschichten erz\u00e4hlen und damit Menschen mitrei\u00dfen. Safiyas Songs h\u00f6rt man nicht einfach &#8211; man sp\u00fcrt sie.<\/p>\n<p>In ihrem neuen, selbstgetexteten- und komponierten Song \u201eF\u00fcr diesen einen Moment\u201c vereint Safiya tiefe Emotionen und kraftvolle Beats mit ihrer einzigartigen Stimme.<\/p>\n<p><span style=\"color: #800000;\"><strong>Quelle: Fiesta Records<\/strong><\/span><\/p>\n<p><span style=\"color: #800000;\"><strong>Dieser Song ist ab dem 03.11.2023 in allen bekannten Onlineshops erh\u00e4ltlich!<\/strong><\/span><\/p>\n<p><span style=\"color: #800000;\"><strong>Airdate (f\u00fcr Radiosender): 27.10.2023<\/strong><\/span><\/p>\n","protected":false},"excerpt":{"rendered":"<p>\u201eDas Leben ist eine Folge von Momenten. Manche davon haben die Kraft, alles zu ver\u00e4ndern.\u201c Daran erinnert Safiya mit ihrer neuen Single \u201eF\u00fcr diesen einen Moment\u201c. Der kraftvolle Song ist eine Einladung, sich nicht in Sorgen \u00fcber Vergangenheit oder Zukunft zu verlieren, sondern einfach das Hier und Jetzt zu genie\u00dfen: Jeden kleinen Moment. Mit der Ver\u00f6ffentlichung ihrer ersten Songs (\u201eAlles klar\u201c, dem Juliane Wehrding Cover \u201eStimmen im Wind\u201c und \u201eVerdammt (ich will))\u201c, hat sich die Frankfurter S\u00e4ngerin und Komponistin zu einer der aufregendsten neuen Stimmen in der deutschen Popschlager-Szene entwickelt. Seitdem sind ihre Songs in diversen Charts vertreten und Auftritte in beliebten TV-Shows wie der&#8230;<\/p>\n","protected":false},"author":1,"featured_media":21373,"comment_status":"open","ping_status":"open","sticky":false,"template":"","format":"standard","meta":{"footnotes":""},"categories":[2],"tags":[2037],"class_list":["post-21372","post","type-post","status-publish","format-standard","has-post-thumbnail","hentry","category-schlager","tag-safiya","wpcat-2-id"],"_links":{"self":[{"href":"https:\/\/bergers-schlagerparadies.de\/index.php?rest_route=\/wp\/v2\/posts\/21372","targetHints":{"allow":["GET"]}}],"collection":[{"href":"https:\/\/bergers-schlagerparadies.de\/index.php?rest_route=\/wp\/v2\/posts"}],"about":[{"href":"https:\/\/bergers-schlagerparadies.de\/index.php?rest_route=\/wp\/v2\/types\/post"}],"author":[{"embeddable":true,"href":"https:\/\/bergers-schlagerparadies.de\/index.php?rest_route=\/wp\/v2\/users\/1"}],"replies":[{"embeddable":true,"href":"https:\/\/bergers-schlagerparadies.de\/index.php?rest_route=%2Fwp%2Fv2%2Fcomments&post=21372"}],"version-history":[{"count":1,"href":"https:\/\/bergers-schlagerparadies.de\/index.php?rest_route=\/wp\/v2\/posts\/21372\/revisions"}],"predecessor-version":[{"id":21374,"href":"https:\/\/bergers-schlagerparadies.de\/index.php?rest_route=\/wp\/v2\/posts\/21372\/revisions\/21374"}],"wp:featuredmedia":[{"embeddable":true,"href":"https:\/\/bergers-schlagerparadies.de\/index.php?rest_route=\/wp\/v2\/media\/21373"}],"wp:attachment":[{"href":"https:\/\/bergers-schlagerparadies.de\/index.php?rest_route=%2Fwp%2Fv2%2Fmedia&parent=21372"}],"wp:term":[{"taxonomy":"category","embeddable":true,"href":"https:\/\/bergers-schlagerparadies.de\/index.php?rest_route=%2Fwp%2Fv2%2Fcategories&post=21372"},{"taxonomy":"post_tag","embeddable":true,"href":"https:\/\/bergers-schlagerparadies.de\/index.php?rest_route=%2Fwp%2Fv2%2Ftags&post=21372"}],"curies":[{"name":"wp","href":"https:\/\/api.w.org\/{rel}","templated":true}]}}