{"id":21325,"date":"2023-10-09T10:30:03","date_gmt":"2023-10-09T08:30:03","guid":{"rendered":"https:\/\/bergers-schlagerparadies.de\/?p=21325"},"modified":"2023-10-21T19:59:01","modified_gmt":"2023-10-21T17:59:01","slug":"mario-steffen-in-sachen-schlager-unterwegs-album-%c2%b7-bergers-schlagerparadies-2","status":"publish","type":"post","link":"https:\/\/bergers-schlagerparadies.de\/?p=21325","title":{"rendered":"Mario Steffen &#8211; In Sachen Schlager unterwegs (Album) \u00b7 Berger\u00b4s Schlagerparadies"},"content":{"rendered":"<p><img loading=\"lazy\" decoding=\"async\" class=\"size-medium wp-image-21119 alignleft\" src=\"https:\/\/bergers-schlagerparadies.de\/wp-content\/uploads\/2023\/10\/Mario-Steffen-In-Sachen-Schlager-unterwegs-Album-300x300.jpg\" alt=\"\" width=\"300\" height=\"300\" srcset=\"https:\/\/bergers-schlagerparadies.de\/wp-content\/uploads\/2023\/10\/Mario-Steffen-In-Sachen-Schlager-unterwegs-Album-300x300.jpg 300w, https:\/\/bergers-schlagerparadies.de\/wp-content\/uploads\/2023\/10\/Mario-Steffen-In-Sachen-Schlager-unterwegs-Album-1024x1024.jpg 1024w, https:\/\/bergers-schlagerparadies.de\/wp-content\/uploads\/2023\/10\/Mario-Steffen-In-Sachen-Schlager-unterwegs-Album-150x150.jpg 150w, https:\/\/bergers-schlagerparadies.de\/wp-content\/uploads\/2023\/10\/Mario-Steffen-In-Sachen-Schlager-unterwegs-Album-768x768.jpg 768w, https:\/\/bergers-schlagerparadies.de\/wp-content\/uploads\/2023\/10\/Mario-Steffen-In-Sachen-Schlager-unterwegs-Album-1536x1536.jpg 1536w, https:\/\/bergers-schlagerparadies.de\/wp-content\/uploads\/2023\/10\/Mario-Steffen-In-Sachen-Schlager-unterwegs-Album-2048x2048.jpg 2048w, https:\/\/bergers-schlagerparadies.de\/wp-content\/uploads\/2023\/10\/Mario-Steffen-In-Sachen-Schlager-unterwegs-Album-1200x1200.jpg 1200w, https:\/\/bergers-schlagerparadies.de\/wp-content\/uploads\/2023\/10\/Mario-Steffen-In-Sachen-Schlager-unterwegs-Album-1188x1188.jpg 1188w, https:\/\/bergers-schlagerparadies.de\/wp-content\/uploads\/2023\/10\/Mario-Steffen-In-Sachen-Schlager-unterwegs-Album-100x100.jpg 100w\" sizes=\"auto, (max-width: 300px) 100vw, 300px\" \/>Der Titel von Mario Steffens bereits vierten Album ist Programm. Er ist &#8222;In Sachen SCHLAGER unterwegs&#8220;. Seine Mission: Den Schlager in die Welt tragen!<\/p>\n<p>Er feiert ihn auf seinem neuen Longplayer mit vielen eigenen Songs, aber auch mit ein paar ausgew\u00e4hlten Covern gro\u00dfer Hits wie &#8222;Das kannst du mir nicht verbieten&#8220; oder &#8222;Bist du sauer&#8220;, der deutschen Version von &#8222;Beautiful Body&#8220; der Bellamy Brothers. Nat\u00fcrlich in seinem eigenen, modernen Sound.<\/p>\n<p>Seit Mario Steffen als kleines Kind auf dem Sofa vor der ZDF-Hitparade mit dem Schlager-Virus infiziert wurde, liebt er diese Musik leidenschaftlich. Aus zuverl\u00e4ssiger Quelle wird berichtet, dass er sage und schreibe, 150.000 Titel von den 1960er Jahren bis heute besitzt.<\/p>\n<p>Dass der sympathische Unterfranke nicht nur stiller Zuh\u00f6rer ist, sondern auch selbst auf der B\u00fchne steht, ist dem damaligen HR4-Moderator Ingo L\u00fccke zu verdanken. Er entdeckte Marios gro\u00dfes Talent bei einem Karaoke-Wettbewerb auf einem Frankfurter Stra\u00dfenfest. Das ist nun zwanzig Jahre her. Seitdem hat der S\u00e4nger mit der klaren, kr\u00e4ftigen und doch weichen Stimme eine beeindruckende Karriere hingelegt. Er wurde &#8222;Newcomer des Jahres&#8220; und trat im Fernsehen auf, beispielsweise in der beliebten MDR-Sendung &#8222;Alles Gute&#8220; oder in der gro\u00dfen ARD-Show &#8222;Sommerfest der Volksmusik&#8220; von Florian Silbereisen.<\/p>\n<p>Zahlreiche Singles hielten sich wochenlang in den Airplay-Charts. So sind auch auf diesem Album viele seiner Radiohits aus neuerer Zeit zu finden: &#8222;Tanz Lambada&#8220;, &#8222;Alles von vorn&#8220;, &#8222;Der Tag, f\u00fcr den sich warten lohnt&#8220; und &#8222;Ich setz\u2018 den Joker drauf&#8220;.<\/p>\n<p>Regelm\u00e4\u00dfig begeistert der S\u00e4nger mit der unverwechselbaren Stimme mit Live-Auftritten, denn er liebt den Kontakt zu seinem Publikum. &#8222;Wenn ich auf der B\u00fchne stehe, geht mein Herz auf&#8220;, gesteht der Vollblutmusiker. &#8222;Lampenfieber kenne ich zwar auch, aber sobald ich die B\u00fchne betrete, vergesse ich alles!&#8220;<\/p>\n<p>Ganz bewusst hat er deshalb den Opener seines Albums gew\u00e4hlt: &#8222;Und dann geht das Licht an&#8220;. Diesen Titel spielt er auch in seinen Konzerten als Erstes. So kann man beim H\u00f6ren von &#8222;In Sachen SCHLAGER unterwegs&#8220; die Begeisterung und Stimmung eines echten Mario-Steffen-Konzertes sp\u00fcren.<\/p>\n<p><span style=\"color: #800000;\"><strong>Quelle: Fiesta Records<\/strong><\/span><\/p>\n<p><span style=\"color: #800000;\"><strong>Dieses Album ist ab dem 20.10.2023 in allen bekannten Onlineshops erh\u00e4ltlich!<\/strong><\/span><\/p>\n<p><span style=\"color: #800000;\"><strong>Airdate (f\u00fcr Radiosender): 13.10.2023<\/strong><\/span><\/p>\n","protected":false},"excerpt":{"rendered":"<p>Der Titel von Mario Steffens bereits vierten Album ist Programm. Er ist &#8222;In Sachen SCHLAGER unterwegs&#8220;. Seine Mission: Den Schlager in die Welt tragen! Er feiert ihn auf seinem neuen Longplayer mit vielen eigenen Songs, aber auch mit ein paar ausgew\u00e4hlten Covern gro\u00dfer Hits wie &#8222;Das kannst du mir nicht verbieten&#8220; oder &#8222;Bist du sauer&#8220;, der deutschen Version von &#8222;Beautiful Body&#8220; der Bellamy Brothers. Nat\u00fcrlich in seinem eigenen, modernen Sound. Seit Mario Steffen als kleines Kind auf dem Sofa vor der ZDF-Hitparade mit dem Schlager-Virus infiziert wurde, liebt er diese Musik leidenschaftlich. Aus zuverl\u00e4ssiger Quelle wird berichtet, dass er sage und schreibe, 150.000 Titel von&#8230;<\/p>\n","protected":false},"author":1,"featured_media":21119,"comment_status":"open","ping_status":"open","sticky":false,"template":"","format":"standard","meta":{"footnotes":""},"categories":[2],"tags":[150],"class_list":["post-21325","post","type-post","status-publish","format-standard","has-post-thumbnail","hentry","category-schlager","tag-mario-steffen","wpcat-2-id"],"_links":{"self":[{"href":"https:\/\/bergers-schlagerparadies.de\/index.php?rest_route=\/wp\/v2\/posts\/21325","targetHints":{"allow":["GET"]}}],"collection":[{"href":"https:\/\/bergers-schlagerparadies.de\/index.php?rest_route=\/wp\/v2\/posts"}],"about":[{"href":"https:\/\/bergers-schlagerparadies.de\/index.php?rest_route=\/wp\/v2\/types\/post"}],"author":[{"embeddable":true,"href":"https:\/\/bergers-schlagerparadies.de\/index.php?rest_route=\/wp\/v2\/users\/1"}],"replies":[{"embeddable":true,"href":"https:\/\/bergers-schlagerparadies.de\/index.php?rest_route=%2Fwp%2Fv2%2Fcomments&post=21325"}],"version-history":[{"count":2,"href":"https:\/\/bergers-schlagerparadies.de\/index.php?rest_route=\/wp\/v2\/posts\/21325\/revisions"}],"predecessor-version":[{"id":21328,"href":"https:\/\/bergers-schlagerparadies.de\/index.php?rest_route=\/wp\/v2\/posts\/21325\/revisions\/21328"}],"wp:featuredmedia":[{"embeddable":true,"href":"https:\/\/bergers-schlagerparadies.de\/index.php?rest_route=\/wp\/v2\/media\/21119"}],"wp:attachment":[{"href":"https:\/\/bergers-schlagerparadies.de\/index.php?rest_route=%2Fwp%2Fv2%2Fmedia&parent=21325"}],"wp:term":[{"taxonomy":"category","embeddable":true,"href":"https:\/\/bergers-schlagerparadies.de\/index.php?rest_route=%2Fwp%2Fv2%2Fcategories&post=21325"},{"taxonomy":"post_tag","embeddable":true,"href":"https:\/\/bergers-schlagerparadies.de\/index.php?rest_route=%2Fwp%2Fv2%2Ftags&post=21325"}],"curies":[{"name":"wp","href":"https:\/\/api.w.org\/{rel}","templated":true}]}}