{"id":21183,"date":"2023-10-13T13:23:46","date_gmt":"2023-10-13T11:23:46","guid":{"rendered":"https:\/\/bergers-schlagerparadies.de\/?p=21183"},"modified":"2023-10-13T13:23:46","modified_gmt":"2023-10-13T11:23:46","slug":"marie-reim-tim-peters-jemand-traeumt-von-dir-%c2%b7-bergers-schlagerparadies","status":"publish","type":"post","link":"https:\/\/bergers-schlagerparadies.de\/?p=21183","title":{"rendered":"Marie Reim, Tim Peters &#8211; Jemand tr\u00e4umt von dir \u00b7 Berger\u00b4s Schlagerparadies"},"content":{"rendered":"<p><img loading=\"lazy\" decoding=\"async\" class=\"size-medium wp-image-21185 alignleft\" src=\"https:\/\/bergers-schlagerparadies.de\/wp-content\/uploads\/2023\/10\/Marie-Reim-Tim-Peters-Jemand-traeumt-von-dir-300x300.jpeg\" alt=\"\" width=\"300\" height=\"300\" srcset=\"https:\/\/bergers-schlagerparadies.de\/wp-content\/uploads\/2023\/10\/Marie-Reim-Tim-Peters-Jemand-traeumt-von-dir-300x300.jpeg 300w, https:\/\/bergers-schlagerparadies.de\/wp-content\/uploads\/2023\/10\/Marie-Reim-Tim-Peters-Jemand-traeumt-von-dir-1024x1024.jpeg 1024w, https:\/\/bergers-schlagerparadies.de\/wp-content\/uploads\/2023\/10\/Marie-Reim-Tim-Peters-Jemand-traeumt-von-dir-150x150.jpeg 150w, https:\/\/bergers-schlagerparadies.de\/wp-content\/uploads\/2023\/10\/Marie-Reim-Tim-Peters-Jemand-traeumt-von-dir-768x768.jpeg 768w, https:\/\/bergers-schlagerparadies.de\/wp-content\/uploads\/2023\/10\/Marie-Reim-Tim-Peters-Jemand-traeumt-von-dir-1188x1188.jpeg 1188w, https:\/\/bergers-schlagerparadies.de\/wp-content\/uploads\/2023\/10\/Marie-Reim-Tim-Peters-Jemand-traeumt-von-dir-100x100.jpeg 100w, https:\/\/bergers-schlagerparadies.de\/wp-content\/uploads\/2023\/10\/Marie-Reim-Tim-Peters-Jemand-traeumt-von-dir.jpeg 1200w\" sizes=\"auto, (max-width: 300px) 100vw, 300px\" \/>Marie Reim und Tim Peters z\u00e4hlen zu den aufregendsten jungen Stimmen im deutschsprachigen Popschlager. Gemeinsam geben beide mit \u201eJemand tr\u00e4umt von dir\u201c das neue Traumpaar des deutschen Popschlagers ab. Ein direkt unter die Haut gehendes Duett \u00fcber unterdr\u00fcckte Emotionen, heimliches Verlangen und den qu\u00e4lenden Wunsch, seinem Lieblingsmenschen endlich seine Liebe zu beichten.<\/p>\n<p>&nbsp;<\/p>\n<p>&nbsp;<\/p>\n<p>&nbsp;<\/p>\n<p><span style=\"color: #800000;\"><strong>Quelle: SMD \/Ariola<\/strong><\/span><\/p>\n<p><span style=\"color: #800000;\"><strong>Dieser Song ist ab dem 13.10.2023 in allen bekannten Onlineshops erh\u00e4ltlich!<\/strong><\/span><\/p>\n<p><span style=\"color: #800000;\"><strong>Airdate (f\u00fcr Radiosender): 13.10.2023<\/strong><\/span><\/p>\n","protected":false},"excerpt":{"rendered":"<p>Marie Reim und Tim Peters z\u00e4hlen zu den aufregendsten jungen Stimmen im deutschsprachigen Popschlager. Gemeinsam geben beide mit \u201eJemand tr\u00e4umt von dir\u201c das neue Traumpaar des deutschen Popschlagers ab. Ein direkt unter die Haut gehendes Duett \u00fcber unterdr\u00fcckte Emotionen, heimliches Verlangen und den qu\u00e4lenden Wunsch, seinem Lieblingsmenschen endlich seine Liebe zu beichten. &nbsp; &nbsp; &nbsp; Quelle: SMD \/Ariola Dieser Song ist ab dem 13.10.2023 in allen bekannten Onlineshops erh\u00e4ltlich! Airdate (f\u00fcr Radiosender): 13.10.2023<\/p>\n","protected":false},"author":1,"featured_media":21185,"comment_status":"open","ping_status":"open","sticky":false,"template":"","format":"standard","meta":{"footnotes":""},"categories":[2],"tags":[805,270],"class_list":["post-21183","post","type-post","status-publish","format-standard","has-post-thumbnail","hentry","category-schlager","tag-marie-reim","tag-tim-peters","wpcat-2-id"],"_links":{"self":[{"href":"https:\/\/bergers-schlagerparadies.de\/index.php?rest_route=\/wp\/v2\/posts\/21183","targetHints":{"allow":["GET"]}}],"collection":[{"href":"https:\/\/bergers-schlagerparadies.de\/index.php?rest_route=\/wp\/v2\/posts"}],"about":[{"href":"https:\/\/bergers-schlagerparadies.de\/index.php?rest_route=\/wp\/v2\/types\/post"}],"author":[{"embeddable":true,"href":"https:\/\/bergers-schlagerparadies.de\/index.php?rest_route=\/wp\/v2\/users\/1"}],"replies":[{"embeddable":true,"href":"https:\/\/bergers-schlagerparadies.de\/index.php?rest_route=%2Fwp%2Fv2%2Fcomments&post=21183"}],"version-history":[{"count":1,"href":"https:\/\/bergers-schlagerparadies.de\/index.php?rest_route=\/wp\/v2\/posts\/21183\/revisions"}],"predecessor-version":[{"id":21186,"href":"https:\/\/bergers-schlagerparadies.de\/index.php?rest_route=\/wp\/v2\/posts\/21183\/revisions\/21186"}],"wp:featuredmedia":[{"embeddable":true,"href":"https:\/\/bergers-schlagerparadies.de\/index.php?rest_route=\/wp\/v2\/media\/21185"}],"wp:attachment":[{"href":"https:\/\/bergers-schlagerparadies.de\/index.php?rest_route=%2Fwp%2Fv2%2Fmedia&parent=21183"}],"wp:term":[{"taxonomy":"category","embeddable":true,"href":"https:\/\/bergers-schlagerparadies.de\/index.php?rest_route=%2Fwp%2Fv2%2Fcategories&post=21183"},{"taxonomy":"post_tag","embeddable":true,"href":"https:\/\/bergers-schlagerparadies.de\/index.php?rest_route=%2Fwp%2Fv2%2Ftags&post=21183"}],"curies":[{"name":"wp","href":"https:\/\/api.w.org\/{rel}","templated":true}]}}