{"id":21109,"date":"2023-10-12T20:49:40","date_gmt":"2023-10-12T18:49:40","guid":{"rendered":"https:\/\/bergers-schlagerparadies.de\/?p=21109"},"modified":"2023-10-12T20:49:40","modified_gmt":"2023-10-12T18:49:40","slug":"pascal-spoor-jedes-mal-crazy-%c2%b7-bergers-schlagerparadies","status":"publish","type":"post","link":"https:\/\/bergers-schlagerparadies.de\/?p=21109","title":{"rendered":"Pascal Spoor &#8211; Jedes Mal crazy \u00b7 Berger\u00b4s Schlagerparadies"},"content":{"rendered":"<p><img loading=\"lazy\" decoding=\"async\" class=\"size-medium wp-image-21111 alignleft\" src=\"https:\/\/bergers-schlagerparadies.de\/wp-content\/uploads\/2023\/10\/Pascal-Spoor-Jedes-Mal-crazy-300x300.jpeg\" alt=\"\" width=\"300\" height=\"300\" srcset=\"https:\/\/bergers-schlagerparadies.de\/wp-content\/uploads\/2023\/10\/Pascal-Spoor-Jedes-Mal-crazy-300x300.jpeg 300w, https:\/\/bergers-schlagerparadies.de\/wp-content\/uploads\/2023\/10\/Pascal-Spoor-Jedes-Mal-crazy-1024x1024.jpeg 1024w, https:\/\/bergers-schlagerparadies.de\/wp-content\/uploads\/2023\/10\/Pascal-Spoor-Jedes-Mal-crazy-150x150.jpeg 150w, https:\/\/bergers-schlagerparadies.de\/wp-content\/uploads\/2023\/10\/Pascal-Spoor-Jedes-Mal-crazy-768x768.jpeg 768w, https:\/\/bergers-schlagerparadies.de\/wp-content\/uploads\/2023\/10\/Pascal-Spoor-Jedes-Mal-crazy-1188x1188.jpeg 1188w, https:\/\/bergers-schlagerparadies.de\/wp-content\/uploads\/2023\/10\/Pascal-Spoor-Jedes-Mal-crazy-100x100.jpeg 100w, https:\/\/bergers-schlagerparadies.de\/wp-content\/uploads\/2023\/10\/Pascal-Spoor-Jedes-Mal-crazy.jpeg 1200w\" sizes=\"auto, (max-width: 300px) 100vw, 300px\" \/>Geboren am 1. M\u00e4rz 1990 in Winterswijk (NL) und seit seinem dritten Lebensjahr in Bocholt beheimatet, hat Pascal Spoor eine tiefe Leidenschaft f\u00fcr Musicals und Gesang entwickelt, die nun in seiner Deb\u00fctsingle \u201eJedes Mal Crazy\u201c zum Ausdruck kommt.<br \/>\nDie Initialz\u00fcndung f\u00fcr seine Liebe zu Musicals erfolgte im Jahr 2007 w\u00e4hrend seiner Abschlussfahrt der 10. Klasse nach Berlin. Ein Besuch im Theater des Westens, bei dem das legend\u00e4re Musical &#8222;Tanz der Vampire&#8220; auf dem Programm stand, ver\u00e4nderte sein Leben nachhaltig. Die beeindruckende Darbietung von Alexander Klaws in der Rolle des Alfred sowie das gesamte St\u00fcck fesselte ihn und weckte in ihm die Begeisterung f\u00fcr die B\u00fchnenkunst.<br \/>\nIn den Jahren danach folgten unz\u00e4hlige Musicalvorstellungen und Konzerte von Musicalstars, die seine Begeisterung f\u00fcr die Musik immer weiter anfachten. Im Sommer 2017 stie\u00df Pascal durch einen gl\u00fccklichen Zufall auf den &#8222;Sound of Music Chor&#8220; in Gelsenkirchen, unter der Leitung von Komponist Mario Stork und Musicaldarstellerin Michaela Schober. Dieser Chor, der sich ganz der Welt der Musicals verschrieben hat, erm\u00f6glichte ihm erste wertvolle Gesangs- und B\u00fchnenerfahrungen zu sammeln.<br \/>\nDer H\u00f6hepunkt seines musikalischen Werdegangs kam im Sommer 2018, als er mit dem &#8222;Sound of Music Chor&#8220; im Burgtheater in Dinslaken auftrat. Bei der 20. Sommernacht des Musicals, vor einem Publikum von 2000 Zuschauern, sang er im Vorprogramm und im Hauptprogramm Seite an Seite mit Musicalstars wie Jan Ammann, Sabrina Weckerlin, Elisabeth H\u00fcbert, Philipp B\u00fcttner, Jessica Kessler und Serkan Kaya.<br \/>\nIm Sommer 2022 schloss sich Pascal dem Chor &#8222;Die Tonfabrik&#8220; unter der Leitung von Andreas Lebbing an. Diese neue musikalische Erfahrung f\u00fchrte ihn schlie\u00dflich ins Tonstudio, wo er unter Andreas&#8216; Anleitung erste Coverversionen einsang. Dabei erwachte in ihm der innere Wunsch, einen eigenen Song zu interpretieren.<\/p>\n<p><span style=\"color: #800000;\"><strong>Quelle: Wolkenschloss<\/strong><\/span><\/p>\n<p><span style=\"color: #800000;\"><strong>Dieser Song ist ab dem 13.10.2023 in allen bekannten Onlineshops erh\u00e4ltlich!<\/strong><\/span><\/p>\n<p><span style=\"color: #800000;\"><strong>Airdate (f\u00fcr Radiosender): 13.10.2023<\/strong><\/span><\/p>\n","protected":false},"excerpt":{"rendered":"<p>Geboren am 1. M\u00e4rz 1990 in Winterswijk (NL) und seit seinem dritten Lebensjahr in Bocholt beheimatet, hat Pascal Spoor eine tiefe Leidenschaft f\u00fcr Musicals und Gesang entwickelt, die nun in seiner Deb\u00fctsingle \u201eJedes Mal Crazy\u201c zum Ausdruck kommt. Die Initialz\u00fcndung f\u00fcr seine Liebe zu Musicals erfolgte im Jahr 2007 w\u00e4hrend seiner Abschlussfahrt der 10. Klasse nach Berlin. Ein Besuch im Theater des Westens, bei dem das legend\u00e4re Musical &#8222;Tanz der Vampire&#8220; auf dem Programm stand, ver\u00e4nderte sein Leben nachhaltig. Die beeindruckende Darbietung von Alexander Klaws in der Rolle des Alfred sowie das gesamte St\u00fcck fesselte ihn und weckte in ihm die Begeisterung f\u00fcr die B\u00fchnenkunst&#8230;.<\/p>\n","protected":false},"author":1,"featured_media":21111,"comment_status":"open","ping_status":"open","sticky":false,"template":"","format":"standard","meta":{"footnotes":""},"categories":[2],"tags":[2163],"class_list":["post-21109","post","type-post","status-publish","format-standard","has-post-thumbnail","hentry","category-schlager","tag-pascal-spoor","wpcat-2-id"],"_links":{"self":[{"href":"https:\/\/bergers-schlagerparadies.de\/index.php?rest_route=\/wp\/v2\/posts\/21109","targetHints":{"allow":["GET"]}}],"collection":[{"href":"https:\/\/bergers-schlagerparadies.de\/index.php?rest_route=\/wp\/v2\/posts"}],"about":[{"href":"https:\/\/bergers-schlagerparadies.de\/index.php?rest_route=\/wp\/v2\/types\/post"}],"author":[{"embeddable":true,"href":"https:\/\/bergers-schlagerparadies.de\/index.php?rest_route=\/wp\/v2\/users\/1"}],"replies":[{"embeddable":true,"href":"https:\/\/bergers-schlagerparadies.de\/index.php?rest_route=%2Fwp%2Fv2%2Fcomments&post=21109"}],"version-history":[{"count":1,"href":"https:\/\/bergers-schlagerparadies.de\/index.php?rest_route=\/wp\/v2\/posts\/21109\/revisions"}],"predecessor-version":[{"id":21112,"href":"https:\/\/bergers-schlagerparadies.de\/index.php?rest_route=\/wp\/v2\/posts\/21109\/revisions\/21112"}],"wp:featuredmedia":[{"embeddable":true,"href":"https:\/\/bergers-schlagerparadies.de\/index.php?rest_route=\/wp\/v2\/media\/21111"}],"wp:attachment":[{"href":"https:\/\/bergers-schlagerparadies.de\/index.php?rest_route=%2Fwp%2Fv2%2Fmedia&parent=21109"}],"wp:term":[{"taxonomy":"category","embeddable":true,"href":"https:\/\/bergers-schlagerparadies.de\/index.php?rest_route=%2Fwp%2Fv2%2Fcategories&post=21109"},{"taxonomy":"post_tag","embeddable":true,"href":"https:\/\/bergers-schlagerparadies.de\/index.php?rest_route=%2Fwp%2Fv2%2Ftags&post=21109"}],"curies":[{"name":"wp","href":"https:\/\/api.w.org\/{rel}","templated":true}]}}