{"id":20790,"date":"2023-10-02T10:30:38","date_gmt":"2023-10-02T08:30:38","guid":{"rendered":"https:\/\/bergers-schlagerparadies.de\/?p=20790"},"modified":"2023-10-01T15:42:12","modified_gmt":"2023-10-01T13:42:12","slug":"franziska-fink-vorhang-auf-buehne-frei-%c2%b7-bergers-schlagerparadies","status":"publish","type":"post","link":"https:\/\/bergers-schlagerparadies.de\/?p=20790","title":{"rendered":"Franziska Fink &#8211; Vorhang auf, B\u00fchne frei \u00b7 Berger\u00b4s Schlagerparadies"},"content":{"rendered":"<p><img loading=\"lazy\" decoding=\"async\" class=\"size-medium wp-image-20792 alignleft\" src=\"https:\/\/bergers-schlagerparadies.de\/wp-content\/uploads\/2023\/10\/Franziska-Fink-Vorhang-auf-Buehne-frei-300x300.jpeg\" alt=\"\" width=\"300\" height=\"300\" srcset=\"https:\/\/bergers-schlagerparadies.de\/wp-content\/uploads\/2023\/10\/Franziska-Fink-Vorhang-auf-Buehne-frei-300x300.jpeg 300w, https:\/\/bergers-schlagerparadies.de\/wp-content\/uploads\/2023\/10\/Franziska-Fink-Vorhang-auf-Buehne-frei-1024x1024.jpeg 1024w, https:\/\/bergers-schlagerparadies.de\/wp-content\/uploads\/2023\/10\/Franziska-Fink-Vorhang-auf-Buehne-frei-150x150.jpeg 150w, https:\/\/bergers-schlagerparadies.de\/wp-content\/uploads\/2023\/10\/Franziska-Fink-Vorhang-auf-Buehne-frei-768x768.jpeg 768w, https:\/\/bergers-schlagerparadies.de\/wp-content\/uploads\/2023\/10\/Franziska-Fink-Vorhang-auf-Buehne-frei-1200x1200.jpeg 1200w, https:\/\/bergers-schlagerparadies.de\/wp-content\/uploads\/2023\/10\/Franziska-Fink-Vorhang-auf-Buehne-frei-1188x1188.jpeg 1188w, https:\/\/bergers-schlagerparadies.de\/wp-content\/uploads\/2023\/10\/Franziska-Fink-Vorhang-auf-Buehne-frei-100x100.jpeg 100w, https:\/\/bergers-schlagerparadies.de\/wp-content\/uploads\/2023\/10\/Franziska-Fink-Vorhang-auf-Buehne-frei.jpeg 1417w\" sizes=\"auto, (max-width: 300px) 100vw, 300px\" \/>VORHANG AUF &#8211; B\u00dcHNE FREI, so heisst die neue Single von FRANZISKA FINK. Allerdings deutet der Songtitel keinesfalls darauf hin, dass das der Start einer Newcomerin in eine K\u00fcnstlerlaufbahn sein soll, denn sie ist schon l\u00e4ngst auf der B\u00fchne angekommen.<br \/>\nSeit 15 Jahren ist sie dort als S\u00e4ngerin oder Schauspielerin aktiv. Nach ihrer fundierten Ausbildung an der ISSA M\u00fcnchen, MFA M\u00fcnchen und den Bavaria Filmstudios war sie in diversen Filmproduktionen, z.Bsp. \u201eVaterfreuden\u201c von Matthias Schweigh\u00f6fer oder \u201eMeine Mutter, meine M\u00e4nner\u201c von Karola Hattop zu sehen. 2024 erscheint der Kinofilm \u201eElfi\u201c, bei dem sie ebenfalls mitwirkt.<br \/>\nIm Festspielhaus F\u00fcssen ist sie regelm\u00e4\u00dfig in verschiedenen Rollen zu sehen und sie gl\u00e4nzt bei Konzertabenden mit ihrer wundersch\u00f6nen, facettenreichen Stimme.<br \/>\nFranziska Fink ist eine S\u00e4ngerin mit viel Herz und jeder Ton ist eine Offenbarung ihrer Seele, die nur so von Emotionen spr\u00fcht, was auch beim Zuh\u00f6rer*In direkt ankommt.<br \/>\nDer aktuelle Titel soll auch symbolisch ein Startschuss in eine neue \u00c4ra mit neuem Team sein.<br \/>\nDas Album ist f\u00fcr 2024 in Planung.<\/p>\n<p><span style=\"color: #800000;\"><strong>Quelle: Hellywood Music<\/strong><\/span><\/p>\n<p><span style=\"color: #800000;\"><strong>Dieser Song ist ab dem 29.09.2023 in allen bekannten Onlineshops erh\u00e4ltlich!<\/strong><\/span><\/p>\n<p><span style=\"color: #800000;\"><strong>Airdate (f\u00fcr Radiosender): 29.09.2023<\/strong><\/span><\/p>\n","protected":false},"excerpt":{"rendered":"<p>VORHANG AUF &#8211; B\u00dcHNE FREI, so heisst die neue Single von FRANZISKA FINK. Allerdings deutet der Songtitel keinesfalls darauf hin, dass das der Start einer Newcomerin in eine K\u00fcnstlerlaufbahn sein soll, denn sie ist schon l\u00e4ngst auf der B\u00fchne angekommen. Seit 15 Jahren ist sie dort als S\u00e4ngerin oder Schauspielerin aktiv. Nach ihrer fundierten Ausbildung an der ISSA M\u00fcnchen, MFA M\u00fcnchen und den Bavaria Filmstudios war sie in diversen Filmproduktionen, z.Bsp. \u201eVaterfreuden\u201c von Matthias Schweigh\u00f6fer oder \u201eMeine Mutter, meine M\u00e4nner\u201c von Karola Hattop zu sehen. 2024 erscheint der Kinofilm \u201eElfi\u201c, bei dem sie ebenfalls mitwirkt. Im Festspielhaus F\u00fcssen ist sie regelm\u00e4\u00dfig in verschiedenen Rollen zu&#8230;<\/p>\n","protected":false},"author":1,"featured_media":20792,"comment_status":"open","ping_status":"open","sticky":false,"template":"","format":"standard","meta":{"footnotes":""},"categories":[2],"tags":[2132],"class_list":["post-20790","post","type-post","status-publish","format-standard","has-post-thumbnail","hentry","category-schlager","tag-franziska-fink","wpcat-2-id"],"_links":{"self":[{"href":"https:\/\/bergers-schlagerparadies.de\/index.php?rest_route=\/wp\/v2\/posts\/20790","targetHints":{"allow":["GET"]}}],"collection":[{"href":"https:\/\/bergers-schlagerparadies.de\/index.php?rest_route=\/wp\/v2\/posts"}],"about":[{"href":"https:\/\/bergers-schlagerparadies.de\/index.php?rest_route=\/wp\/v2\/types\/post"}],"author":[{"embeddable":true,"href":"https:\/\/bergers-schlagerparadies.de\/index.php?rest_route=\/wp\/v2\/users\/1"}],"replies":[{"embeddable":true,"href":"https:\/\/bergers-schlagerparadies.de\/index.php?rest_route=%2Fwp%2Fv2%2Fcomments&post=20790"}],"version-history":[{"count":1,"href":"https:\/\/bergers-schlagerparadies.de\/index.php?rest_route=\/wp\/v2\/posts\/20790\/revisions"}],"predecessor-version":[{"id":20793,"href":"https:\/\/bergers-schlagerparadies.de\/index.php?rest_route=\/wp\/v2\/posts\/20790\/revisions\/20793"}],"wp:featuredmedia":[{"embeddable":true,"href":"https:\/\/bergers-schlagerparadies.de\/index.php?rest_route=\/wp\/v2\/media\/20792"}],"wp:attachment":[{"href":"https:\/\/bergers-schlagerparadies.de\/index.php?rest_route=%2Fwp%2Fv2%2Fmedia&parent=20790"}],"wp:term":[{"taxonomy":"category","embeddable":true,"href":"https:\/\/bergers-schlagerparadies.de\/index.php?rest_route=%2Fwp%2Fv2%2Fcategories&post=20790"},{"taxonomy":"post_tag","embeddable":true,"href":"https:\/\/bergers-schlagerparadies.de\/index.php?rest_route=%2Fwp%2Fv2%2Ftags&post=20790"}],"curies":[{"name":"wp","href":"https:\/\/api.w.org\/{rel}","templated":true}]}}