{"id":20786,"date":"2023-10-02T10:30:40","date_gmt":"2023-10-02T08:30:40","guid":{"rendered":"https:\/\/bergers-schlagerparadies.de\/?p=20786"},"modified":"2023-10-01T15:37:04","modified_gmt":"2023-10-01T13:37:04","slug":"frank-schoebel-ein-leben-in-jeans-%c2%b7-bergers-schlagerparadies","status":"publish","type":"post","link":"https:\/\/bergers-schlagerparadies.de\/?p=20786","title":{"rendered":"Frank Sch\u00f6bel &#8211; Ein Leben in Jeans \u00b7 Berger\u00b4s Schlagerparadies"},"content":{"rendered":"<p><img loading=\"lazy\" decoding=\"async\" class=\"size-medium wp-image-20788 alignleft\" src=\"https:\/\/bergers-schlagerparadies.de\/wp-content\/uploads\/2023\/10\/Frank-Schoebel-Ein-Leben-in-Jeans-300x300.jpeg\" alt=\"\" width=\"300\" height=\"300\" srcset=\"https:\/\/bergers-schlagerparadies.de\/wp-content\/uploads\/2023\/10\/Frank-Schoebel-Ein-Leben-in-Jeans-300x300.jpeg 300w, https:\/\/bergers-schlagerparadies.de\/wp-content\/uploads\/2023\/10\/Frank-Schoebel-Ein-Leben-in-Jeans-1024x1024.jpeg 1024w, https:\/\/bergers-schlagerparadies.de\/wp-content\/uploads\/2023\/10\/Frank-Schoebel-Ein-Leben-in-Jeans-150x150.jpeg 150w, https:\/\/bergers-schlagerparadies.de\/wp-content\/uploads\/2023\/10\/Frank-Schoebel-Ein-Leben-in-Jeans-768x768.jpeg 768w, https:\/\/bergers-schlagerparadies.de\/wp-content\/uploads\/2023\/10\/Frank-Schoebel-Ein-Leben-in-Jeans-1536x1536.jpeg 1536w, https:\/\/bergers-schlagerparadies.de\/wp-content\/uploads\/2023\/10\/Frank-Schoebel-Ein-Leben-in-Jeans-2048x2048.jpeg 2048w, https:\/\/bergers-schlagerparadies.de\/wp-content\/uploads\/2023\/10\/Frank-Schoebel-Ein-Leben-in-Jeans-1200x1200.jpeg 1200w, https:\/\/bergers-schlagerparadies.de\/wp-content\/uploads\/2023\/10\/Frank-Schoebel-Ein-Leben-in-Jeans-1188x1188.jpeg 1188w, https:\/\/bergers-schlagerparadies.de\/wp-content\/uploads\/2023\/10\/Frank-Schoebel-Ein-Leben-in-Jeans-100x100.jpeg 100w\" sizes=\"auto, (max-width: 300px) 100vw, 300px\" \/>FRANK SCH\u00d6BEL &#8211; \u201eEIN LEBEN IN JEANS\u201c<br \/>\nDie neue Single aus dem Album \u201eUnzerst\u00f6rbar\u201c<\/p>\n<p>\u201eEin Leben in Jeans\u201c hei\u00dft die neue Single des Kults\u00e4ngers Frank Sch\u00f6bel und sie erz\u00e4hlt die wahre Geschichte einer ganz besonderen Beziehung. Text und Musik hat der Berliner Musiker selbst geschrieben, genau wie viele andere Songs, die alle am 3. November 2023 auf seinem neuen Album \u201eUnzerst\u00f6rbar\u201c erscheinen werden \u2013 garantiert ein vielseitiges, musikalisches Meisterwerk.<br \/>\nPassend zum Thema Jeans, gibt es den Song auch gleich in zwei verschiedenen musikalischen \u201eGr\u00f6\u00dfen\u201c und Soundfarben: Die elegante Schlagerfassung und die knall-enge Rock Version.<br \/>\nFrank zu seiner Jeans-Leidenschaft: \u201eWenn ich mich an meine erste Jeans erinnere, muss ich an meine Kindheit und an meine Tante im Westen denken, die mir die erste Jeans nach Leipzig schickte. Ich habe sie voll Stolz getragen und mich ein bisschen frei gef\u00fchlt. Vielleicht sogar wie ein Adler im Wind.\u201c<br \/>\nFrank Sch\u00f6bel hat Musikgeschichte geschrieben, steht seit \u00fcber 60 Jahren auf der B\u00fchne, war der Superstar der ehemaligen DDR, bekannt in Ost und West, errang nationale und internationale Preise und wurde im Juni 2022 mit dem Schlager Radio-Preis f\u00fcr sein Lebenswerk ausgezeichnet. F\u00fcr viele ist \u201eFranky\u201c, wie ihn seine Fans liebevoll nennen, ein echtes menschliches Vorbild und verdient nach so langer, erfolgreicher Zeit im Musikbusiness das Pr\u00e4dikat: Legende!<\/p>\n<p>TV-Termine:<br \/>\n29.09.2023 \u2013 MDR \u201eSCHLAGERCHANCE\u201c<br \/>\n26.10.2023 \u2013 MDR \u201eMDR um 4\u201c<\/p>\n<p><span style=\"color: #800000;\"><strong>Quelle: Monopol Records<\/strong><\/span><\/p>\n<p><span style=\"color: #800000;\"><strong>Dieser Song ist ab dem 29.09.2023 in allen bekannten Onlineshops erh\u00e4ltlich!<\/strong><\/span><\/p>\n<p><span style=\"color: #800000;\"><strong>Airdate (f\u00fcr Radiosender): 29.09.2023<\/strong><\/span><\/p>\n","protected":false},"excerpt":{"rendered":"<p>FRANK SCH\u00d6BEL &#8211; \u201eEIN LEBEN IN JEANS\u201c Die neue Single aus dem Album \u201eUnzerst\u00f6rbar\u201c \u201eEin Leben in Jeans\u201c hei\u00dft die neue Single des Kults\u00e4ngers Frank Sch\u00f6bel und sie erz\u00e4hlt die wahre Geschichte einer ganz besonderen Beziehung. Text und Musik hat der Berliner Musiker selbst geschrieben, genau wie viele andere Songs, die alle am 3. November 2023 auf seinem neuen Album \u201eUnzerst\u00f6rbar\u201c erscheinen werden \u2013 garantiert ein vielseitiges, musikalisches Meisterwerk. Passend zum Thema Jeans, gibt es den Song auch gleich in zwei verschiedenen musikalischen \u201eGr\u00f6\u00dfen\u201c und Soundfarben: Die elegante Schlagerfassung und die knall-enge Rock Version. Frank zu seiner Jeans-Leidenschaft: \u201eWenn ich mich an meine erste Jeans&#8230;<\/p>\n","protected":false},"author":1,"featured_media":20788,"comment_status":"open","ping_status":"open","sticky":false,"template":"","format":"standard","meta":{"footnotes":""},"categories":[2],"tags":[782],"class_list":["post-20786","post","type-post","status-publish","format-standard","has-post-thumbnail","hentry","category-schlager","tag-frank-schoebel","wpcat-2-id"],"_links":{"self":[{"href":"https:\/\/bergers-schlagerparadies.de\/index.php?rest_route=\/wp\/v2\/posts\/20786","targetHints":{"allow":["GET"]}}],"collection":[{"href":"https:\/\/bergers-schlagerparadies.de\/index.php?rest_route=\/wp\/v2\/posts"}],"about":[{"href":"https:\/\/bergers-schlagerparadies.de\/index.php?rest_route=\/wp\/v2\/types\/post"}],"author":[{"embeddable":true,"href":"https:\/\/bergers-schlagerparadies.de\/index.php?rest_route=\/wp\/v2\/users\/1"}],"replies":[{"embeddable":true,"href":"https:\/\/bergers-schlagerparadies.de\/index.php?rest_route=%2Fwp%2Fv2%2Fcomments&post=20786"}],"version-history":[{"count":1,"href":"https:\/\/bergers-schlagerparadies.de\/index.php?rest_route=\/wp\/v2\/posts\/20786\/revisions"}],"predecessor-version":[{"id":20789,"href":"https:\/\/bergers-schlagerparadies.de\/index.php?rest_route=\/wp\/v2\/posts\/20786\/revisions\/20789"}],"wp:featuredmedia":[{"embeddable":true,"href":"https:\/\/bergers-schlagerparadies.de\/index.php?rest_route=\/wp\/v2\/media\/20788"}],"wp:attachment":[{"href":"https:\/\/bergers-schlagerparadies.de\/index.php?rest_route=%2Fwp%2Fv2%2Fmedia&parent=20786"}],"wp:term":[{"taxonomy":"category","embeddable":true,"href":"https:\/\/bergers-schlagerparadies.de\/index.php?rest_route=%2Fwp%2Fv2%2Fcategories&post=20786"},{"taxonomy":"post_tag","embeddable":true,"href":"https:\/\/bergers-schlagerparadies.de\/index.php?rest_route=%2Fwp%2Fv2%2Ftags&post=20786"}],"curies":[{"name":"wp","href":"https:\/\/api.w.org\/{rel}","templated":true}]}}