{"id":20691,"date":"2023-09-22T16:26:52","date_gmt":"2023-09-22T14:26:52","guid":{"rendered":"https:\/\/bergers-schlagerparadies.de\/?p=20691"},"modified":"2023-09-22T16:26:52","modified_gmt":"2023-09-22T14:26:52","slug":"michael-korn-das-hat-der-herrgott-nur-fuer-uns-gemacht-%c2%b7-bergers-schlagerparadies","status":"publish","type":"post","link":"https:\/\/bergers-schlagerparadies.de\/?p=20691","title":{"rendered":"Michael Korn &#8211; Das hat der Herrgott nur f\u00fcr uns gemacht \u00b7 Berger\u00b4s Schlagerparadies"},"content":{"rendered":"<p><img loading=\"lazy\" decoding=\"async\" class=\"size-medium wp-image-20693 alignleft\" src=\"https:\/\/bergers-schlagerparadies.de\/wp-content\/uploads\/2023\/09\/Michael-Korn-Das-hat-der-Herrgott-nur-fuer-uns-gemacht-300x300.jpeg\" alt=\"\" width=\"300\" height=\"300\" srcset=\"https:\/\/bergers-schlagerparadies.de\/wp-content\/uploads\/2023\/09\/Michael-Korn-Das-hat-der-Herrgott-nur-fuer-uns-gemacht-300x300.jpeg 300w, https:\/\/bergers-schlagerparadies.de\/wp-content\/uploads\/2023\/09\/Michael-Korn-Das-hat-der-Herrgott-nur-fuer-uns-gemacht-1024x1024.jpeg 1024w, https:\/\/bergers-schlagerparadies.de\/wp-content\/uploads\/2023\/09\/Michael-Korn-Das-hat-der-Herrgott-nur-fuer-uns-gemacht-150x150.jpeg 150w, https:\/\/bergers-schlagerparadies.de\/wp-content\/uploads\/2023\/09\/Michael-Korn-Das-hat-der-Herrgott-nur-fuer-uns-gemacht-768x768.jpeg 768w, https:\/\/bergers-schlagerparadies.de\/wp-content\/uploads\/2023\/09\/Michael-Korn-Das-hat-der-Herrgott-nur-fuer-uns-gemacht-1188x1188.jpeg 1188w, https:\/\/bergers-schlagerparadies.de\/wp-content\/uploads\/2023\/09\/Michael-Korn-Das-hat-der-Herrgott-nur-fuer-uns-gemacht-100x100.jpeg 100w, https:\/\/bergers-schlagerparadies.de\/wp-content\/uploads\/2023\/09\/Michael-Korn-Das-hat-der-Herrgott-nur-fuer-uns-gemacht.jpeg 1200w\" sizes=\"auto, (max-width: 300px) 100vw, 300px\" \/>Wieder einmal zeigt der sympathische S\u00e4nger, Komponist, Produzent und Musikschulleiter seine Liebe zur Heimat und Bodenst\u00e4ndigkeit. Er verk\u00f6rpert nicht nur auf der B\u00fchne die \u201esch\u00f6ne Welt\u201c, sondern \u201eer-lebt\u201c sie und zeigt immer wieder in seinen Liedern, wie auch die kleinen Dinge des Lebens uns massiv bereichern k\u00f6nnen.<\/p>\n<p>\u201eDas hat der Herrgott nur f\u00fcr uns gemacht\u201c,<br \/>\nder Songtext fiel ihm spontan ein, als tats\u00e4chlich Sonnenstrahlen durch ein kleines Wolkenfenster bei d\u00fcsterem Himmel nur auf sein Grundst\u00fcck schienen ! Die Ohrwurm &#8211; Melodie mit der sonoren Stimme von Michael, unterst\u00fctzt von einem leichten Chor im Refrain, mit Gitarre und Trompeten volkst\u00fcmlich instrumentiert, bringt einfach gute Laune in den tristen Alltag !<\/p>\n<p>Titel: DAS HAT DER HERRGOTT NUR F\u00dcR UNS GEMACHT<br \/>\nGenre: Volkst\u00fcmlicher Schlager<br \/>\nInterpret: Michael Korn<br \/>\nDauer: 3:26<br \/>\nMusik: Michael Korn-Andersen<br \/>\nText: Michael Korn-Andersen<br \/>\nVerlag: SUNSHINE RECORDS MUSIKVERLAG<br \/>\nLabel: KORNmusic LC 98787<br \/>\nVertrieb: MusicHub<br \/>\nISRC: DEYX82169764<br \/>\nBestell Nr.: 023.005<br \/>\nBarcode: 4064946228498<br \/>\nV\u00d6: 06.10.2023<\/p>\n<p><span style=\"color: #800000;\"><strong>Quelle: KORNmusic<\/strong><\/span><\/p>\n<p><span style=\"color: #800000;\"><strong>Dieser Song ist ab dem 06.10.2023 in allen bekannten Onlineshops erh\u00e4ltlich!<\/strong><\/span><\/p>\n<p><span style=\"color: #800000;\"><strong>Airdate (f\u00fcr Radiosender): 22.09.2023<\/strong><\/span><\/p>\n","protected":false},"excerpt":{"rendered":"<p>Wieder einmal zeigt der sympathische S\u00e4nger, Komponist, Produzent und Musikschulleiter seine Liebe zur Heimat und Bodenst\u00e4ndigkeit. Er verk\u00f6rpert nicht nur auf der B\u00fchne die \u201esch\u00f6ne Welt\u201c, sondern \u201eer-lebt\u201c sie und zeigt immer wieder in seinen Liedern, wie auch die kleinen Dinge des Lebens uns massiv bereichern k\u00f6nnen. \u201eDas hat der Herrgott nur f\u00fcr uns gemacht\u201c, der Songtext fiel ihm spontan ein, als tats\u00e4chlich Sonnenstrahlen durch ein kleines Wolkenfenster bei d\u00fcsterem Himmel nur auf sein Grundst\u00fcck schienen ! Die Ohrwurm &#8211; Melodie mit der sonoren Stimme von Michael, unterst\u00fctzt von einem leichten Chor im Refrain, mit Gitarre und Trompeten volkst\u00fcmlich instrumentiert, bringt einfach gute Laune in&#8230;<\/p>\n","protected":false},"author":1,"featured_media":20693,"comment_status":"open","ping_status":"open","sticky":false,"template":"","format":"standard","meta":{"footnotes":""},"categories":[2],"tags":[297],"class_list":["post-20691","post","type-post","status-publish","format-standard","has-post-thumbnail","hentry","category-schlager","tag-michael-korn","wpcat-2-id"],"_links":{"self":[{"href":"https:\/\/bergers-schlagerparadies.de\/index.php?rest_route=\/wp\/v2\/posts\/20691","targetHints":{"allow":["GET"]}}],"collection":[{"href":"https:\/\/bergers-schlagerparadies.de\/index.php?rest_route=\/wp\/v2\/posts"}],"about":[{"href":"https:\/\/bergers-schlagerparadies.de\/index.php?rest_route=\/wp\/v2\/types\/post"}],"author":[{"embeddable":true,"href":"https:\/\/bergers-schlagerparadies.de\/index.php?rest_route=\/wp\/v2\/users\/1"}],"replies":[{"embeddable":true,"href":"https:\/\/bergers-schlagerparadies.de\/index.php?rest_route=%2Fwp%2Fv2%2Fcomments&post=20691"}],"version-history":[{"count":1,"href":"https:\/\/bergers-schlagerparadies.de\/index.php?rest_route=\/wp\/v2\/posts\/20691\/revisions"}],"predecessor-version":[{"id":20694,"href":"https:\/\/bergers-schlagerparadies.de\/index.php?rest_route=\/wp\/v2\/posts\/20691\/revisions\/20694"}],"wp:featuredmedia":[{"embeddable":true,"href":"https:\/\/bergers-schlagerparadies.de\/index.php?rest_route=\/wp\/v2\/media\/20693"}],"wp:attachment":[{"href":"https:\/\/bergers-schlagerparadies.de\/index.php?rest_route=%2Fwp%2Fv2%2Fmedia&parent=20691"}],"wp:term":[{"taxonomy":"category","embeddable":true,"href":"https:\/\/bergers-schlagerparadies.de\/index.php?rest_route=%2Fwp%2Fv2%2Fcategories&post=20691"},{"taxonomy":"post_tag","embeddable":true,"href":"https:\/\/bergers-schlagerparadies.de\/index.php?rest_route=%2Fwp%2Fv2%2Ftags&post=20691"}],"curies":[{"name":"wp","href":"https:\/\/api.w.org\/{rel}","templated":true}]}}