{"id":20598,"date":"2023-10-02T10:30:53","date_gmt":"2023-10-02T08:30:53","guid":{"rendered":"https:\/\/bergers-schlagerparadies.de\/?p=20598"},"modified":"2023-09-20T15:25:04","modified_gmt":"2023-09-20T13:25:04","slug":"sabrina-senger-der-erste-tag-%c2%b7-bergers-schlagerparadies","status":"publish","type":"post","link":"https:\/\/bergers-schlagerparadies.de\/?p=20598","title":{"rendered":"Sabrina Senger &#8211; Der erste Tag \u00b7 Berger\u00b4s Schlagerparadies"},"content":{"rendered":"<p><img loading=\"lazy\" decoding=\"async\" class=\"size-medium wp-image-20600 alignleft\" src=\"https:\/\/bergers-schlagerparadies.de\/wp-content\/uploads\/2023\/09\/Sabrina-Senger-Der-erste-Tag-300x300.jpeg\" alt=\"\" width=\"300\" height=\"300\" srcset=\"https:\/\/bergers-schlagerparadies.de\/wp-content\/uploads\/2023\/09\/Sabrina-Senger-Der-erste-Tag-300x300.jpeg 300w, https:\/\/bergers-schlagerparadies.de\/wp-content\/uploads\/2023\/09\/Sabrina-Senger-Der-erste-Tag-1024x1024.jpeg 1024w, https:\/\/bergers-schlagerparadies.de\/wp-content\/uploads\/2023\/09\/Sabrina-Senger-Der-erste-Tag-150x150.jpeg 150w, https:\/\/bergers-schlagerparadies.de\/wp-content\/uploads\/2023\/09\/Sabrina-Senger-Der-erste-Tag-768x768.jpeg 768w, https:\/\/bergers-schlagerparadies.de\/wp-content\/uploads\/2023\/09\/Sabrina-Senger-Der-erste-Tag-1200x1200.jpeg 1200w, https:\/\/bergers-schlagerparadies.de\/wp-content\/uploads\/2023\/09\/Sabrina-Senger-Der-erste-Tag-1188x1188.jpeg 1188w, https:\/\/bergers-schlagerparadies.de\/wp-content\/uploads\/2023\/09\/Sabrina-Senger-Der-erste-Tag-100x100.jpeg 100w, https:\/\/bergers-schlagerparadies.de\/wp-content\/uploads\/2023\/09\/Sabrina-Senger-Der-erste-Tag.jpeg 1400w\" sizes=\"auto, (max-width: 300px) 100vw, 300px\" \/>Mit einer eindringlichen Melodie und einer kraftvollen Gesangsleistung von Sabrina erzeugt &#8222;Der erste Tag&#8220; eine inspirierende Atmosph\u00e4re, die die H\u00f6rer dazu ermutigt, mutig zu sein und ihre eigenen Tr\u00e4ume zu leben. Die emotionale Tiefe des Songs wird durch Sabrinas au\u00dfergew\u00f6hnliches Talent und ihre authentische Interpretation verst\u00e4rkt.<\/p>\n<p>&nbsp;<\/p>\n<p>&nbsp;<\/p>\n<p>&nbsp;<\/p>\n<p><span style=\"color: #800000;\"><strong>Quelle: 2Base Records<\/strong><\/span><\/p>\n<p><span style=\"color: #800000;\"><strong>Dieser Song ist ab dem 13.10.2023 in allen bekannten Onlineshops erh\u00e4ltlich!<\/strong><\/span><\/p>\n<p><span style=\"color: #800000;\"><strong>Airdate (f\u00fcr Radiosender): 06.10.2023<\/strong><\/span><\/p>\n","protected":false},"excerpt":{"rendered":"<p>Mit einer eindringlichen Melodie und einer kraftvollen Gesangsleistung von Sabrina erzeugt &#8222;Der erste Tag&#8220; eine inspirierende Atmosph\u00e4re, die die H\u00f6rer dazu ermutigt, mutig zu sein und ihre eigenen Tr\u00e4ume zu leben. Die emotionale Tiefe des Songs wird durch Sabrinas au\u00dfergew\u00f6hnliches Talent und ihre authentische Interpretation verst\u00e4rkt. &nbsp; &nbsp; &nbsp; Quelle: 2Base Records Dieser Song ist ab dem 13.10.2023 in allen bekannten Onlineshops erh\u00e4ltlich! Airdate (f\u00fcr Radiosender): 06.10.2023<\/p>\n","protected":false},"author":1,"featured_media":20600,"comment_status":"open","ping_status":"open","sticky":false,"template":"","format":"standard","meta":{"footnotes":""},"categories":[2],"tags":[2119],"class_list":["post-20598","post","type-post","status-publish","format-standard","has-post-thumbnail","hentry","category-schlager","tag-sabrina-senger","wpcat-2-id"],"_links":{"self":[{"href":"https:\/\/bergers-schlagerparadies.de\/index.php?rest_route=\/wp\/v2\/posts\/20598","targetHints":{"allow":["GET"]}}],"collection":[{"href":"https:\/\/bergers-schlagerparadies.de\/index.php?rest_route=\/wp\/v2\/posts"}],"about":[{"href":"https:\/\/bergers-schlagerparadies.de\/index.php?rest_route=\/wp\/v2\/types\/post"}],"author":[{"embeddable":true,"href":"https:\/\/bergers-schlagerparadies.de\/index.php?rest_route=\/wp\/v2\/users\/1"}],"replies":[{"embeddable":true,"href":"https:\/\/bergers-schlagerparadies.de\/index.php?rest_route=%2Fwp%2Fv2%2Fcomments&post=20598"}],"version-history":[{"count":1,"href":"https:\/\/bergers-schlagerparadies.de\/index.php?rest_route=\/wp\/v2\/posts\/20598\/revisions"}],"predecessor-version":[{"id":20604,"href":"https:\/\/bergers-schlagerparadies.de\/index.php?rest_route=\/wp\/v2\/posts\/20598\/revisions\/20604"}],"wp:featuredmedia":[{"embeddable":true,"href":"https:\/\/bergers-schlagerparadies.de\/index.php?rest_route=\/wp\/v2\/media\/20600"}],"wp:attachment":[{"href":"https:\/\/bergers-schlagerparadies.de\/index.php?rest_route=%2Fwp%2Fv2%2Fmedia&parent=20598"}],"wp:term":[{"taxonomy":"category","embeddable":true,"href":"https:\/\/bergers-schlagerparadies.de\/index.php?rest_route=%2Fwp%2Fv2%2Fcategories&post=20598"},{"taxonomy":"post_tag","embeddable":true,"href":"https:\/\/bergers-schlagerparadies.de\/index.php?rest_route=%2Fwp%2Fv2%2Ftags&post=20598"}],"curies":[{"name":"wp","href":"https:\/\/api.w.org\/{rel}","templated":true}]}}