{"id":20574,"date":"2023-09-15T10:30:23","date_gmt":"2023-09-15T08:30:23","guid":{"rendered":"https:\/\/bergers-schlagerparadies.de\/?p=20574"},"modified":"2023-09-18T13:20:27","modified_gmt":"2023-09-18T11:20:27","slug":"udo-juergens-die-blumen-bluehn-ueberall-gleich-album-%c2%b7-bergers-schlagerparadies","status":"publish","type":"post","link":"https:\/\/bergers-schlagerparadies.de\/?p=20574","title":{"rendered":"Udo J\u00fcrgens &#8211; Die Blumen bl\u00fchn \u00fcberall gleich (Album) \u00b7 Berger\u00b4s Schlagerparadies"},"content":{"rendered":"<p><img loading=\"lazy\" decoding=\"async\" class=\"size-medium wp-image-20576 alignleft\" src=\"https:\/\/bergers-schlagerparadies.de\/wp-content\/uploads\/2023\/09\/Udo-Juergens-Die-Blumen-bluehn-ueberall-gleich-Album-300x300.jpeg\" alt=\"\" width=\"300\" height=\"300\" srcset=\"https:\/\/bergers-schlagerparadies.de\/wp-content\/uploads\/2023\/09\/Udo-Juergens-Die-Blumen-bluehn-ueberall-gleich-Album-300x300.jpeg 300w, https:\/\/bergers-schlagerparadies.de\/wp-content\/uploads\/2023\/09\/Udo-Juergens-Die-Blumen-bluehn-ueberall-gleich-Album-1024x1024.jpeg 1024w, https:\/\/bergers-schlagerparadies.de\/wp-content\/uploads\/2023\/09\/Udo-Juergens-Die-Blumen-bluehn-ueberall-gleich-Album-150x150.jpeg 150w, https:\/\/bergers-schlagerparadies.de\/wp-content\/uploads\/2023\/09\/Udo-Juergens-Die-Blumen-bluehn-ueberall-gleich-Album-768x768.jpeg 768w, https:\/\/bergers-schlagerparadies.de\/wp-content\/uploads\/2023\/09\/Udo-Juergens-Die-Blumen-bluehn-ueberall-gleich-Album-1188x1188.jpeg 1188w, https:\/\/bergers-schlagerparadies.de\/wp-content\/uploads\/2023\/09\/Udo-Juergens-Die-Blumen-bluehn-ueberall-gleich-Album-100x100.jpeg 100w, https:\/\/bergers-schlagerparadies.de\/wp-content\/uploads\/2023\/09\/Udo-Juergens-Die-Blumen-bluehn-ueberall-gleich-Album.jpeg 1200w\" sizes=\"auto, (max-width: 300px) 100vw, 300px\" \/>Nach dem gro\u00dfen Erfolg des Albums \u201eda capo, Udo J\u00fcrgens &#8211; Stationen einer Weltkarriere&#8220; (Platz 1 der Deutschen Charts, Gold-Verleihung in \u00d6sterreich) erschien am 15. September ein neues Album von Udo J\u00fcrgens: \u201eDie Blumen bl\u00fchn \u00fcberall gleich &#8211; Seine sch\u00f6nsten Kinderlieder mit den Texten von James Kr\u00fcss\u201c. Udo J\u00fcrgens&#8216; wichtigste Botschaft steht schon im Albumtitel \u201eDie Blumen bl\u00fchn \u00fcberall gleich\u201c: Dass die Menschen und die Lander verschieden sind, aber trotzdem gleich. Diese Botschaft zieht sich durch die 18 Kinderlieder des Albums und die vier Bonus-Tracks. 13 der Lieder auf dem Album liegen jetzt &#8211; mehr als 50 Jahre nach ihrer Erstver\u00f6ffentlichung &#8211; erstmals digitalisiert vor.<\/p>\n<p><span style=\"color: #800000;\"><strong>Quelle: SMD\/ Sony Music<\/strong><\/span><\/p>\n<p><span style=\"color: #800000;\"><strong>Dieses Album ist ab dem 15.09.2023 in allen bekannten Onlineshops erh\u00e4ltlich!<\/strong><\/span><\/p>\n<p><span style=\"color: #800000;\"><strong>Airdate (f\u00fcr Radiosender): 15.09.2023<\/strong><\/span><\/p>\n","protected":false},"excerpt":{"rendered":"<p>Nach dem gro\u00dfen Erfolg des Albums \u201eda capo, Udo J\u00fcrgens &#8211; Stationen einer Weltkarriere&#8220; (Platz 1 der Deutschen Charts, Gold-Verleihung in \u00d6sterreich) erschien am 15. September ein neues Album von Udo J\u00fcrgens: \u201eDie Blumen bl\u00fchn \u00fcberall gleich &#8211; Seine sch\u00f6nsten Kinderlieder mit den Texten von James Kr\u00fcss\u201c. Udo J\u00fcrgens&#8216; wichtigste Botschaft steht schon im Albumtitel \u201eDie Blumen bl\u00fchn \u00fcberall gleich\u201c: Dass die Menschen und die Lander verschieden sind, aber trotzdem gleich. Diese Botschaft zieht sich durch die 18 Kinderlieder des Albums und die vier Bonus-Tracks. 13 der Lieder auf dem Album liegen jetzt &#8211; mehr als 50 Jahre nach ihrer Erstver\u00f6ffentlichung &#8211; erstmals digitalisiert vor&#8230;.<\/p>\n","protected":false},"author":1,"featured_media":20576,"comment_status":"open","ping_status":"open","sticky":false,"template":"","format":"standard","meta":{"footnotes":""},"categories":[2],"tags":[1533],"class_list":["post-20574","post","type-post","status-publish","format-standard","has-post-thumbnail","hentry","category-schlager","tag-udo-juergens","wpcat-2-id"],"_links":{"self":[{"href":"https:\/\/bergers-schlagerparadies.de\/index.php?rest_route=\/wp\/v2\/posts\/20574","targetHints":{"allow":["GET"]}}],"collection":[{"href":"https:\/\/bergers-schlagerparadies.de\/index.php?rest_route=\/wp\/v2\/posts"}],"about":[{"href":"https:\/\/bergers-schlagerparadies.de\/index.php?rest_route=\/wp\/v2\/types\/post"}],"author":[{"embeddable":true,"href":"https:\/\/bergers-schlagerparadies.de\/index.php?rest_route=\/wp\/v2\/users\/1"}],"replies":[{"embeddable":true,"href":"https:\/\/bergers-schlagerparadies.de\/index.php?rest_route=%2Fwp%2Fv2%2Fcomments&post=20574"}],"version-history":[{"count":1,"href":"https:\/\/bergers-schlagerparadies.de\/index.php?rest_route=\/wp\/v2\/posts\/20574\/revisions"}],"predecessor-version":[{"id":20577,"href":"https:\/\/bergers-schlagerparadies.de\/index.php?rest_route=\/wp\/v2\/posts\/20574\/revisions\/20577"}],"wp:featuredmedia":[{"embeddable":true,"href":"https:\/\/bergers-schlagerparadies.de\/index.php?rest_route=\/wp\/v2\/media\/20576"}],"wp:attachment":[{"href":"https:\/\/bergers-schlagerparadies.de\/index.php?rest_route=%2Fwp%2Fv2%2Fmedia&parent=20574"}],"wp:term":[{"taxonomy":"category","embeddable":true,"href":"https:\/\/bergers-schlagerparadies.de\/index.php?rest_route=%2Fwp%2Fv2%2Fcategories&post=20574"},{"taxonomy":"post_tag","embeddable":true,"href":"https:\/\/bergers-schlagerparadies.de\/index.php?rest_route=%2Fwp%2Fv2%2Ftags&post=20574"}],"curies":[{"name":"wp","href":"https:\/\/api.w.org\/{rel}","templated":true}]}}