{"id":20570,"date":"2023-09-15T10:30:07","date_gmt":"2023-09-15T08:30:07","guid":{"rendered":"https:\/\/bergers-schlagerparadies.de\/?p=20570"},"modified":"2023-09-18T13:09:20","modified_gmt":"2023-09-18T11:09:20","slug":"simone-leis-du-ich-lieb-dich-%c2%b7-bergers-schlagerparadies","status":"publish","type":"post","link":"https:\/\/bergers-schlagerparadies.de\/?p=20570","title":{"rendered":"Simone Leis &#8211; Du ich lieb&#8216; Dich \u00b7 Berger\u00b4s Schlagerparadies"},"content":{"rendered":"<p><img loading=\"lazy\" decoding=\"async\" class=\"size-medium wp-image-20572 alignleft\" src=\"https:\/\/bergers-schlagerparadies.de\/wp-content\/uploads\/2023\/09\/Simone-Leis-Du-ich-lieb-Dich-300x300.jpeg\" alt=\"\" width=\"300\" height=\"300\" srcset=\"https:\/\/bergers-schlagerparadies.de\/wp-content\/uploads\/2023\/09\/Simone-Leis-Du-ich-lieb-Dich-300x300.jpeg 300w, https:\/\/bergers-schlagerparadies.de\/wp-content\/uploads\/2023\/09\/Simone-Leis-Du-ich-lieb-Dich-1024x1024.jpeg 1024w, https:\/\/bergers-schlagerparadies.de\/wp-content\/uploads\/2023\/09\/Simone-Leis-Du-ich-lieb-Dich-150x150.jpeg 150w, https:\/\/bergers-schlagerparadies.de\/wp-content\/uploads\/2023\/09\/Simone-Leis-Du-ich-lieb-Dich-768x768.jpeg 768w, https:\/\/bergers-schlagerparadies.de\/wp-content\/uploads\/2023\/09\/Simone-Leis-Du-ich-lieb-Dich-1188x1188.jpeg 1188w, https:\/\/bergers-schlagerparadies.de\/wp-content\/uploads\/2023\/09\/Simone-Leis-Du-ich-lieb-Dich-100x100.jpeg 100w, https:\/\/bergers-schlagerparadies.de\/wp-content\/uploads\/2023\/09\/Simone-Leis-Du-ich-lieb-Dich.jpeg 1200w\" sizes=\"auto, (max-width: 300px) 100vw, 300px\" \/>Geboren am 12.12.1975 und aufgewachsen ist Simone Leis im Schwalm-Eder-Kreis in Nordhessen.<br \/>\nIn ihrer Jugend hatte sie f\u00fcnf Jahre E-Orgel Unterricht<br \/>\nbei einer privaten Musiklehrerin.<br \/>\nZuhause bei ihren Eltern spielte Schlagermusik immer eine gro\u00dfe Rolle.<br \/>\nDie Idee Coversongs professionell aufzunehmen wurde endlich in 2022 umgesetzt. Es entstanden bei Johannes Lowien (SongDesign in Fulda) vier Coversongs<br \/>\nvon Claudia Jung, Juliane Werding, Beatrice Egli und Allessa.<br \/>\nMit ihrem Einstieg in die Schlagerwelt wird nun der Coversong \u201cDu ich lieb\u2018 Dich\u201c, (Original 1992 von Claudia Jung), am 15.09.2023 neu ver\u00f6ffentlicht. Damals war Adam Schairer der Komponist und Texter Gordon Namleit.<br \/>\nProduzent der Neuaufnahme ist J\u00f6rg Lamster (Wetcat Studio Uslar).<br \/>\nDer Song \u201cDu ich lieb\u2018 Dich\u201c hat einen neuen modernen Sound bekommen, der von der Originalmelodie nicht abweicht.<br \/>\nSchon nach den ersten Takten kommt Leben in die F\u00fc\u00dfe und die klare deutliche Stimme von Simone Leis erz\u00e4hlt die Geschichte von vergangener Liebe, Leidenschaft und Sehnsucht.<\/p>\n<p><span style=\"color: #800000;\"><strong>Quelle: recordjet<\/strong><\/span><\/p>\n<p><span style=\"color: #800000;\"><strong>Dieser Song ist ab dem 15.09.2023 in allen bekannten Onlineshops erh\u00e4ltlich!<\/strong><\/span><\/p>\n<p><span style=\"color: #800000;\"><strong>Airdate (f\u00fcr Radiosender): 15.09.2023<\/strong><\/span><\/p>\n","protected":false},"excerpt":{"rendered":"<p>Geboren am 12.12.1975 und aufgewachsen ist Simone Leis im Schwalm-Eder-Kreis in Nordhessen. In ihrer Jugend hatte sie f\u00fcnf Jahre E-Orgel Unterricht bei einer privaten Musiklehrerin. Zuhause bei ihren Eltern spielte Schlagermusik immer eine gro\u00dfe Rolle. Die Idee Coversongs professionell aufzunehmen wurde endlich in 2022 umgesetzt. Es entstanden bei Johannes Lowien (SongDesign in Fulda) vier Coversongs von Claudia Jung, Juliane Werding, Beatrice Egli und Allessa. Mit ihrem Einstieg in die Schlagerwelt wird nun der Coversong \u201cDu ich lieb\u2018 Dich\u201c, (Original 1992 von Claudia Jung), am 15.09.2023 neu ver\u00f6ffentlicht. Damals war Adam Schairer der Komponist und Texter Gordon Namleit. Produzent der Neuaufnahme ist J\u00f6rg Lamster (Wetcat Studio&#8230;<\/p>\n","protected":false},"author":1,"featured_media":20572,"comment_status":"open","ping_status":"open","sticky":false,"template":"","format":"standard","meta":{"footnotes":""},"categories":[2],"tags":[2113],"class_list":["post-20570","post","type-post","status-publish","format-standard","has-post-thumbnail","hentry","category-schlager","tag-simone-leis","wpcat-2-id"],"_links":{"self":[{"href":"https:\/\/bergers-schlagerparadies.de\/index.php?rest_route=\/wp\/v2\/posts\/20570","targetHints":{"allow":["GET"]}}],"collection":[{"href":"https:\/\/bergers-schlagerparadies.de\/index.php?rest_route=\/wp\/v2\/posts"}],"about":[{"href":"https:\/\/bergers-schlagerparadies.de\/index.php?rest_route=\/wp\/v2\/types\/post"}],"author":[{"embeddable":true,"href":"https:\/\/bergers-schlagerparadies.de\/index.php?rest_route=\/wp\/v2\/users\/1"}],"replies":[{"embeddable":true,"href":"https:\/\/bergers-schlagerparadies.de\/index.php?rest_route=%2Fwp%2Fv2%2Fcomments&post=20570"}],"version-history":[{"count":1,"href":"https:\/\/bergers-schlagerparadies.de\/index.php?rest_route=\/wp\/v2\/posts\/20570\/revisions"}],"predecessor-version":[{"id":20573,"href":"https:\/\/bergers-schlagerparadies.de\/index.php?rest_route=\/wp\/v2\/posts\/20570\/revisions\/20573"}],"wp:featuredmedia":[{"embeddable":true,"href":"https:\/\/bergers-schlagerparadies.de\/index.php?rest_route=\/wp\/v2\/media\/20572"}],"wp:attachment":[{"href":"https:\/\/bergers-schlagerparadies.de\/index.php?rest_route=%2Fwp%2Fv2%2Fmedia&parent=20570"}],"wp:term":[{"taxonomy":"category","embeddable":true,"href":"https:\/\/bergers-schlagerparadies.de\/index.php?rest_route=%2Fwp%2Fv2%2Fcategories&post=20570"},{"taxonomy":"post_tag","embeddable":true,"href":"https:\/\/bergers-schlagerparadies.de\/index.php?rest_route=%2Fwp%2Fv2%2Ftags&post=20570"}],"curies":[{"name":"wp","href":"https:\/\/api.w.org\/{rel}","templated":true}]}}