{"id":20436,"date":"2023-09-25T10:30:09","date_gmt":"2023-09-25T08:30:09","guid":{"rendered":"https:\/\/bergers-schlagerparadies.de\/?p=20436"},"modified":"2023-09-17T14:59:21","modified_gmt":"2023-09-17T12:59:21","slug":"thomas-sundara-ich-halt-dich-fest-%c2%b7-bergers-schlagerparadies","status":"publish","type":"post","link":"https:\/\/bergers-schlagerparadies.de\/?p=20436","title":{"rendered":"Thomas Sundara &#8211; Ich halt dich fest \u00b7 Berger\u00b4s Schlagerparadies"},"content":{"rendered":"<p><img loading=\"lazy\" decoding=\"async\" class=\"size-medium wp-image-20438 alignleft\" src=\"https:\/\/bergers-schlagerparadies.de\/wp-content\/uploads\/2023\/09\/Thomas-Sundara-Ich-halt-dich-fest-300x300.jpeg\" alt=\"\" width=\"300\" height=\"300\" srcset=\"https:\/\/bergers-schlagerparadies.de\/wp-content\/uploads\/2023\/09\/Thomas-Sundara-Ich-halt-dich-fest-300x300.jpeg 300w, https:\/\/bergers-schlagerparadies.de\/wp-content\/uploads\/2023\/09\/Thomas-Sundara-Ich-halt-dich-fest-1024x1024.jpeg 1024w, https:\/\/bergers-schlagerparadies.de\/wp-content\/uploads\/2023\/09\/Thomas-Sundara-Ich-halt-dich-fest-150x150.jpeg 150w, https:\/\/bergers-schlagerparadies.de\/wp-content\/uploads\/2023\/09\/Thomas-Sundara-Ich-halt-dich-fest-768x768.jpeg 768w, https:\/\/bergers-schlagerparadies.de\/wp-content\/uploads\/2023\/09\/Thomas-Sundara-Ich-halt-dich-fest-1188x1188.jpeg 1188w, https:\/\/bergers-schlagerparadies.de\/wp-content\/uploads\/2023\/09\/Thomas-Sundara-Ich-halt-dich-fest-100x100.jpeg 100w, https:\/\/bergers-schlagerparadies.de\/wp-content\/uploads\/2023\/09\/Thomas-Sundara-Ich-halt-dich-fest.jpeg 1200w\" sizes=\"auto, (max-width: 300px) 100vw, 300px\" \/>Ich halt dich fest&#8220; markiert den Beginn einer aufregenden musikalischen Reise f\u00fcr Thomas Sundara. Die Single wird ab 29.09.2023 auf allen f\u00fchrenden Streaming-Plattformen sowie in digitalen Musikgesch\u00e4ften erh\u00e4ltlich sein. Schlagerfans und Liebhaber mitrei\u00dfender Pop-Musik k\u00f6nnen sich auf ein begeisterndes Erlebnis freuen.<\/p>\n<p>&nbsp;<\/p>\n<p>&nbsp;<\/p>\n<p>&nbsp;<\/p>\n<p>&nbsp;<\/p>\n<p><span style=\"color: #800000;\"><strong>Quelle: 2Base Records<\/strong><\/span><\/p>\n<p><span style=\"color: #800000;\"><strong>Dieser Song ist ab dem 29.09.2023 in allen bekannten Onlineshops erh\u00e4ltlich!<\/strong><\/span><\/p>\n<p><span style=\"color: #800000;\"><strong>Airdate (f\u00fcr Radiosender): 29.09.2023<\/strong><\/span><\/p>\n","protected":false},"excerpt":{"rendered":"<p>Ich halt dich fest&#8220; markiert den Beginn einer aufregenden musikalischen Reise f\u00fcr Thomas Sundara. Die Single wird ab 29.09.2023 auf allen f\u00fchrenden Streaming-Plattformen sowie in digitalen Musikgesch\u00e4ften erh\u00e4ltlich sein. Schlagerfans und Liebhaber mitrei\u00dfender Pop-Musik k\u00f6nnen sich auf ein begeisterndes Erlebnis freuen. &nbsp; &nbsp; &nbsp; &nbsp; Quelle: 2Base Records Dieser Song ist ab dem 29.09.2023 in allen bekannten Onlineshops erh\u00e4ltlich! Airdate (f\u00fcr Radiosender): 29.09.2023<\/p>\n","protected":false},"author":1,"featured_media":20438,"comment_status":"open","ping_status":"open","sticky":false,"template":"","format":"standard","meta":{"footnotes":""},"categories":[2],"tags":[2099],"class_list":["post-20436","post","type-post","status-publish","format-standard","has-post-thumbnail","hentry","category-schlager","tag-thomas-sundara","wpcat-2-id"],"_links":{"self":[{"href":"https:\/\/bergers-schlagerparadies.de\/index.php?rest_route=\/wp\/v2\/posts\/20436","targetHints":{"allow":["GET"]}}],"collection":[{"href":"https:\/\/bergers-schlagerparadies.de\/index.php?rest_route=\/wp\/v2\/posts"}],"about":[{"href":"https:\/\/bergers-schlagerparadies.de\/index.php?rest_route=\/wp\/v2\/types\/post"}],"author":[{"embeddable":true,"href":"https:\/\/bergers-schlagerparadies.de\/index.php?rest_route=\/wp\/v2\/users\/1"}],"replies":[{"embeddable":true,"href":"https:\/\/bergers-schlagerparadies.de\/index.php?rest_route=%2Fwp%2Fv2%2Fcomments&post=20436"}],"version-history":[{"count":1,"href":"https:\/\/bergers-schlagerparadies.de\/index.php?rest_route=\/wp\/v2\/posts\/20436\/revisions"}],"predecessor-version":[{"id":20439,"href":"https:\/\/bergers-schlagerparadies.de\/index.php?rest_route=\/wp\/v2\/posts\/20436\/revisions\/20439"}],"wp:featuredmedia":[{"embeddable":true,"href":"https:\/\/bergers-schlagerparadies.de\/index.php?rest_route=\/wp\/v2\/media\/20438"}],"wp:attachment":[{"href":"https:\/\/bergers-schlagerparadies.de\/index.php?rest_route=%2Fwp%2Fv2%2Fmedia&parent=20436"}],"wp:term":[{"taxonomy":"category","embeddable":true,"href":"https:\/\/bergers-schlagerparadies.de\/index.php?rest_route=%2Fwp%2Fv2%2Fcategories&post=20436"},{"taxonomy":"post_tag","embeddable":true,"href":"https:\/\/bergers-schlagerparadies.de\/index.php?rest_route=%2Fwp%2Fv2%2Ftags&post=20436"}],"curies":[{"name":"wp","href":"https:\/\/api.w.org\/{rel}","templated":true}]}}