{"id":20404,"date":"2023-09-08T13:33:27","date_gmt":"2023-09-08T11:33:27","guid":{"rendered":"https:\/\/bergers-schlagerparadies.de\/?p=20404"},"modified":"2023-09-08T13:33:27","modified_gmt":"2023-09-08T11:33:27","slug":"luna-klee-du-fuehlst-dich-gut-an-%c2%b7-bergers-schlagerparadies","status":"publish","type":"post","link":"https:\/\/bergers-schlagerparadies.de\/?p=20404","title":{"rendered":"Luna Klee &#8211; Du f\u00fchlst dich gut an \u00b7 Berger\u00b4s Schlagerparadies"},"content":{"rendered":"<p><img loading=\"lazy\" decoding=\"async\" class=\"size-medium wp-image-20406 alignleft\" src=\"https:\/\/bergers-schlagerparadies.de\/wp-content\/uploads\/2023\/09\/Luna-Klee-Du-fuehlst-dich-gut-an-300x300.jpg\" alt=\"\" width=\"300\" height=\"300\" srcset=\"https:\/\/bergers-schlagerparadies.de\/wp-content\/uploads\/2023\/09\/Luna-Klee-Du-fuehlst-dich-gut-an-300x300.jpg 300w, https:\/\/bergers-schlagerparadies.de\/wp-content\/uploads\/2023\/09\/Luna-Klee-Du-fuehlst-dich-gut-an-1024x1024.jpg 1024w, https:\/\/bergers-schlagerparadies.de\/wp-content\/uploads\/2023\/09\/Luna-Klee-Du-fuehlst-dich-gut-an-150x150.jpg 150w, https:\/\/bergers-schlagerparadies.de\/wp-content\/uploads\/2023\/09\/Luna-Klee-Du-fuehlst-dich-gut-an-768x768.jpg 768w, https:\/\/bergers-schlagerparadies.de\/wp-content\/uploads\/2023\/09\/Luna-Klee-Du-fuehlst-dich-gut-an-1200x1200.jpg 1200w, https:\/\/bergers-schlagerparadies.de\/wp-content\/uploads\/2023\/09\/Luna-Klee-Du-fuehlst-dich-gut-an-1188x1188.jpg 1188w, https:\/\/bergers-schlagerparadies.de\/wp-content\/uploads\/2023\/09\/Luna-Klee-Du-fuehlst-dich-gut-an-100x100.jpg 100w, https:\/\/bergers-schlagerparadies.de\/wp-content\/uploads\/2023\/09\/Luna-Klee-Du-fuehlst-dich-gut-an.jpg 1440w\" sizes=\"auto, (max-width: 300px) 100vw, 300px\" \/>Luna Klee geh\u00f6rt zu den Shooting-Stars der letzten zw\u00f6lf Schlager-Monate. Ob Beatrice Egli, Ross Antony oder Andy Borg und von Stefan Mross bis Florian Silbereisen \u2013 sie war in den beliebtesten TV-Shows zu Gast und durfte ihre Musik einem Millionenpublikum pr\u00e4sentieren. Mit s\u00e4mtlichen Singles &#8222;Dein Blick (Your Eyes)&#8220;, &#8222;Luftballon&#8220;, &#8222;Dezembertr\u00e4ume&#8220; (im Duett mit Ute Freudenberg) und zuletzt &#8222;Dann bist es du&#8220; war sie in den Spitzenr\u00e4ngen der Radiohitparaden platziert. Die Klickzahlen f\u00fcr ihre Videos und Auftritte sind inzwischen siebenstellig. Eine unglaubliche Leistung nach gerade mal einem Jahr auf der Schlager-Bildfl\u00e4che.<\/p>\n<p>Und jetzt hat die 17-j\u00e4hrige Coburgerin noch ein besonderes Ass im \u00c4rmel: Mit ihrer neuen Single &#8222;Du f\u00fchlst dich gut an&#8220; bringt sie einen Song an den Start, der von Komponisten-Legende Jean Frankfurter geschrieben wurde. Jean Frankfurter? Ist das nicht\u2026? Doch, genau! Der Mann, der Helene Fischer entdeckte. Und nicht nur sie \u2013 er zeichnet auch f\u00fcr die unglaublichen Karrieren von u.a. Michelle, Patrick Lindner, Kristina Bach und Claudia Jung verantwortlich, genau wie f\u00fcr Hits von &#8222;Butterfly&#8220; bis &#8222;Fehlerfrei&#8220; und von &#8222;Anita&#8220; bis &#8222;Flieg nicht so hoch, mein kleiner Freund&#8220;. Mit &#8222;Du f\u00fchlst dich gut an&#8220; hat er Luna Klee seine mutma\u00dflich letzte Neukomposition zur Verf\u00fcgung gestellt. Betextet wurde sie von Tobias Reitz.<\/p>\n<p>&#8222;Das ist eine gro\u00dfe Ehre&#8220;, strahlt Luna Klee. So kurz nach dem Start ins Musikgesch\u00e4ft kann sie ihr Gl\u00fcck manchmal immer noch nicht fassen. &#8222;Es ist so unglaublich viel passiert. Ich brauch zwischendurch immer mal wieder kleine Auszeiten um das alles zu verarbeiten.&#8220; Im Herbst 2021 siegte die sportbegeisterte und sozial engagierte Sch\u00fclerin beim SUPERillu-Wettbewerb &#8222;Schlagerstar von morgen&#8220;. Als &#8222;frisch und eloquent&#8220; bezeichnete sie Juror Bernhard Brink, und Ute Freudenberg bescheinigte Luna Klee eine &#8222;wunderbare Nat\u00fcrlichkeit&#8220;. Wie begeistert sie von der jungen K\u00fcnstlerin ist, zeigte Ute vor einem Millionenpublikum bei Florian Silbereisen, als sie alle mit der Nachricht \u00fcberraschte, dass sie Luna Klee als Gastk\u00fcnstlerin auf ihre Abschiedstournee einl\u00e4dt. Im Herbst ist die Grande Dame ein letztes Mal mit ihrer sensationellen Live-Band und Christian Lais als weiterem Gast unterwegs. &#8222;Ute ist unglaublich&#8220;, sagt Luna, &#8222;dass sie mir so eine Chance gibt, werde ich ihr nie vergessen. Sie hat mir bis hierher schon wahnsinnig viel geholfen. Ich hoffe, ich kann ihr ein bisschen was davon auf der Tour zur\u00fcckgeben. Die Konzerte werden gro\u00dfartig!&#8220;<\/p>\n<p>Luna Klees neue Single &#8222;Du f\u00fchlst dich gut an&#8220; enth\u00e4lt neben dem Album-Mix auch den Zero &amp; DeNiro Remix. Sie erscheint am 8. September 2023. Das Deb\u00fct-Album &#8222;Mein Kopf, mein Bauch, mein Herz&#8220; incl. der Hit-Singles &#8222;Dein Blick (Your Eyes)&#8220;, &#8222;Luftballon&#8220; und &#8222;Dann bist es du&#8220; ist weiterhin erh\u00e4ltlich. Mehr Infos unter www.luna-klee.de.<br \/>\n&#8212;&#8212;&#8212;&#8212;&#8212;&#8212;&#8212;&#8212;&#8212;&#8212;&#8212;&#8212;&#8212;&#8212;&#8212;&#8212;&#8212;&#8212;&#8212;&#8212;&#8212;&#8212;&#8212;<br \/>\nUte Freudenberg: Stark wie nie &#8211; 50 Jahre live<br \/>\nDie Abschiedstournee mit Special Guests: Christian Lais + Luna Klee<\/p>\n<p>27.10. Erfurt \u2013 AUSVERKAUFT<br \/>\n28.10. Magdeburg<br \/>\n29.10. Neubrandenburg<br \/>\n30.10. Rostock<br \/>\n03.11. Suhl<br \/>\n04.11. Cottbus<br \/>\n05.11. Schwedt<br \/>\n09.11. Leipzig \u2013 AUSVERKAUFT<br \/>\n10.11. Elsteraue (Zeitz)<br \/>\n11.11. Zwickau<br \/>\n12.11. Chemnitz \u2013 AUSVERKAUFT<br \/>\n16.11. Dresden \u2013 AUSVERKAUFT<br \/>\n17.11. Hoyerswerda \u2013 AUSVERKAUFT<br \/>\n18.11. Schwerin<br \/>\n24.11. Gera<br \/>\n25.11. Halle \u2013 AUSVERKAUFT<br \/>\n26.11. Neuruppin \u2013 AUSVERKAUFT<br \/>\n01.12. L\u00f6bau<br \/>\n02.12. Annaberg \u2013 Buchholz<br \/>\n03.12. Gotha \u2013 AUSVERKAUFT<br \/>\n04.12. Berlin \u2013 AUSVERKAUFT<br \/>\n08.12. Leinefelde<br \/>\n09.12. Stendal<br \/>\n11.12. Berlin \u2013 AUSVERKAUFT<br \/>\n15.12. Brandenburg<br \/>\n16.12. G\u00fcstrow<br \/>\n17.12. Falkensee<br \/>\n22.12. Erfurt \u2013 AUSVERKAUFT<\/p>\n<p><span style=\"color: #800000;\"><strong>Quelle: Telamo<\/strong><\/span><\/p>\n<p><span style=\"color: #800000;\"><strong>Dieser Song ist ab dem 15.09.2023 in allen bekannten Onlineshops erh\u00e4ltlich!<\/strong><\/span><\/p>\n<p><span style=\"color: #800000;\"><strong>Airdate (f\u00fcr Radiosender): 08.09.2023<\/strong><\/span><\/p>\n","protected":false},"excerpt":{"rendered":"<p>Luna Klee geh\u00f6rt zu den Shooting-Stars der letzten zw\u00f6lf Schlager-Monate. Ob Beatrice Egli, Ross Antony oder Andy Borg und von Stefan Mross bis Florian Silbereisen \u2013 sie war in den beliebtesten TV-Shows zu Gast und durfte ihre Musik einem Millionenpublikum pr\u00e4sentieren. Mit s\u00e4mtlichen Singles &#8222;Dein Blick (Your Eyes)&#8220;, &#8222;Luftballon&#8220;, &#8222;Dezembertr\u00e4ume&#8220; (im Duett mit Ute Freudenberg) und zuletzt &#8222;Dann bist es du&#8220; war sie in den Spitzenr\u00e4ngen der Radiohitparaden platziert. Die Klickzahlen f\u00fcr ihre Videos und Auftritte sind inzwischen siebenstellig. Eine unglaubliche Leistung nach gerade mal einem Jahr auf der Schlager-Bildfl\u00e4che. Und jetzt hat die 17-j\u00e4hrige Coburgerin noch ein besonderes Ass im \u00c4rmel: Mit ihrer neuen&#8230;<\/p>\n","protected":false},"author":1,"featured_media":20406,"comment_status":"open","ping_status":"open","sticky":false,"template":"","format":"standard","meta":{"footnotes":""},"categories":[2],"tags":[1294],"class_list":["post-20404","post","type-post","status-publish","format-standard","has-post-thumbnail","hentry","category-schlager","tag-luna-klee","wpcat-2-id"],"_links":{"self":[{"href":"https:\/\/bergers-schlagerparadies.de\/index.php?rest_route=\/wp\/v2\/posts\/20404","targetHints":{"allow":["GET"]}}],"collection":[{"href":"https:\/\/bergers-schlagerparadies.de\/index.php?rest_route=\/wp\/v2\/posts"}],"about":[{"href":"https:\/\/bergers-schlagerparadies.de\/index.php?rest_route=\/wp\/v2\/types\/post"}],"author":[{"embeddable":true,"href":"https:\/\/bergers-schlagerparadies.de\/index.php?rest_route=\/wp\/v2\/users\/1"}],"replies":[{"embeddable":true,"href":"https:\/\/bergers-schlagerparadies.de\/index.php?rest_route=%2Fwp%2Fv2%2Fcomments&post=20404"}],"version-history":[{"count":1,"href":"https:\/\/bergers-schlagerparadies.de\/index.php?rest_route=\/wp\/v2\/posts\/20404\/revisions"}],"predecessor-version":[{"id":20407,"href":"https:\/\/bergers-schlagerparadies.de\/index.php?rest_route=\/wp\/v2\/posts\/20404\/revisions\/20407"}],"wp:featuredmedia":[{"embeddable":true,"href":"https:\/\/bergers-schlagerparadies.de\/index.php?rest_route=\/wp\/v2\/media\/20406"}],"wp:attachment":[{"href":"https:\/\/bergers-schlagerparadies.de\/index.php?rest_route=%2Fwp%2Fv2%2Fmedia&parent=20404"}],"wp:term":[{"taxonomy":"category","embeddable":true,"href":"https:\/\/bergers-schlagerparadies.de\/index.php?rest_route=%2Fwp%2Fv2%2Fcategories&post=20404"},{"taxonomy":"post_tag","embeddable":true,"href":"https:\/\/bergers-schlagerparadies.de\/index.php?rest_route=%2Fwp%2Fv2%2Ftags&post=20404"}],"curies":[{"name":"wp","href":"https:\/\/api.w.org\/{rel}","templated":true}]}}