{"id":20394,"date":"2023-09-08T12:58:54","date_gmt":"2023-09-08T10:58:54","guid":{"rendered":"https:\/\/bergers-schlagerparadies.de\/?p=20394"},"modified":"2023-09-08T13:00:07","modified_gmt":"2023-09-08T11:00:07","slug":"freddy-breck-das-beste-%c2%b7-bergers-schlagerparadies","status":"publish","type":"post","link":"https:\/\/bergers-schlagerparadies.de\/?p=20394","title":{"rendered":"Freddy Breck &#8211; Das Beste (Doppel Album) \u00b7 Berger\u00b4s Schlagerparadies"},"content":{"rendered":"<p><img loading=\"lazy\" decoding=\"async\" class=\"size-medium wp-image-20396 alignleft\" src=\"https:\/\/bergers-schlagerparadies.de\/wp-content\/uploads\/2023\/09\/Freddy-Breck-Das-Beste-300x300.jpg\" alt=\"\" width=\"300\" height=\"300\" srcset=\"https:\/\/bergers-schlagerparadies.de\/wp-content\/uploads\/2023\/09\/Freddy-Breck-Das-Beste-300x300.jpg 300w, https:\/\/bergers-schlagerparadies.de\/wp-content\/uploads\/2023\/09\/Freddy-Breck-Das-Beste-1024x1024.jpg 1024w, https:\/\/bergers-schlagerparadies.de\/wp-content\/uploads\/2023\/09\/Freddy-Breck-Das-Beste-150x150.jpg 150w, https:\/\/bergers-schlagerparadies.de\/wp-content\/uploads\/2023\/09\/Freddy-Breck-Das-Beste-768x767.jpg 768w, https:\/\/bergers-schlagerparadies.de\/wp-content\/uploads\/2023\/09\/Freddy-Breck-Das-Beste-1536x1536.jpg 1536w, https:\/\/bergers-schlagerparadies.de\/wp-content\/uploads\/2023\/09\/Freddy-Breck-Das-Beste-2048x2048.jpg 2048w, https:\/\/bergers-schlagerparadies.de\/wp-content\/uploads\/2023\/09\/Freddy-Breck-Das-Beste-1200x1200.jpg 1200w, https:\/\/bergers-schlagerparadies.de\/wp-content\/uploads\/2023\/09\/Freddy-Breck-Das-Beste-1188x1187.jpg 1188w, https:\/\/bergers-schlagerparadies.de\/wp-content\/uploads\/2023\/09\/Freddy-Breck-Das-Beste-100x100.jpg 100w\" sizes=\"auto, (max-width: 300px) 100vw, 300px\" \/>Sandk\u00f6rner \u2013 Ganz sicher sein pers\u00f6nlichstes Lied!<br \/>\nEinf\u00fchlsam, authentisch und bewegend interpretiert er mit einzigartiger Stimme diese Geschichte, die das Leben schreibt. Ein tiefsinniger Text, der uns ber\u00fchrt und mit dem wir uns alle identifizieren k\u00f6nnen.<br \/>\nEin besonderes Lied aus dem Album \u201eErinnerung an Freddy Breck &#8211; Das Beste<\/p>\n<p>Seine Mega-Hits der 70er, wie \u201eRote Rosen\u201c, \u201eBianca\u201c, \u201e\u00dcberall auf der Welt\u201c machten ihn zu einem Star der Extraklasse im In- und Ausland. Seine Hits synchronisierte er in vielen Sprachen und seine internationale Karriere begann. 35 Goldene und 5 Platinschallplatten darf er sein Eigen nennen. Man liebte den deutschen Schlagers\u00e4nger, der den Klassikern wie Verdi, Tschaikowski und Franz von Supp\u00e9 ein modern-musikalisches Gewand anzog, \u00fcber die Grenzen Europas hinaus.<\/p>\n<p>1999 wurde das Duo \u201eAstrid &amp; Freddy Breck\u201c geboren. Ganz nach dem Motto \u201eZusammen durchs Leben, zusammen durch die Show\u201c.<\/p>\n<p>Was Bleibt ist Erinnerung. 2008 ging er f\u00fcr immer von uns. Wir erinnern uns gerne an einen wunderbaren Menschen und seine unvergessenen Melodien.<br \/>\nFreddy Breck \u2013 ein Mann, der f\u00fcr seine Berufung S\u00e4nger, Entertainer, Komponist, Produzent und liebender Ehemann zu sein, lebte. Ein Mann, der nicht nur positiv dachte, sondern auch so handelte und lebte. Ein Mann, der Millionen von Menschen gl\u00fccklich machte mit seiner Musik, weil er es als seine Mission ansah, ihnen den oft so grauen Alltag etwas zu versch\u00f6nen.<\/p>\n<p>Freddy Breck \u2013 Er wird immer bei uns sein, denn wir werden ihn nie vergessen und seine \u201eRote Rosen\u201c werden niemals verbl\u00fchen.<\/p>\n<p><span style=\"color: #800000;\"><strong>Quelle: RUBIN Records<\/strong><\/span><\/p>\n<p><span style=\"color: #800000;\"><strong>Dieses Album ist ab dem 08.09.2023 in allen bekannten Onlineshops erh\u00e4ltlich!<\/strong><\/span><\/p>\n<p><span style=\"color: #800000;\"><strong>Airdate (f\u00fcr Radiosender): 08.09.2023<\/strong><\/span><\/p>\n","protected":false},"excerpt":{"rendered":"<p>Sandk\u00f6rner \u2013 Ganz sicher sein pers\u00f6nlichstes Lied! Einf\u00fchlsam, authentisch und bewegend interpretiert er mit einzigartiger Stimme diese Geschichte, die das Leben schreibt. Ein tiefsinniger Text, der uns ber\u00fchrt und mit dem wir uns alle identifizieren k\u00f6nnen. Ein besonderes Lied aus dem Album \u201eErinnerung an Freddy Breck &#8211; Das Beste Seine Mega-Hits der 70er, wie \u201eRote Rosen\u201c, \u201eBianca\u201c, \u201e\u00dcberall auf der Welt\u201c machten ihn zu einem Star der Extraklasse im In- und Ausland. Seine Hits synchronisierte er in vielen Sprachen und seine internationale Karriere begann. 35 Goldene und 5 Platinschallplatten darf er sein Eigen nennen. Man liebte den deutschen Schlagers\u00e4nger, der den Klassikern wie Verdi, Tschaikowski&#8230;<\/p>\n","protected":false},"author":1,"featured_media":20396,"comment_status":"open","ping_status":"open","sticky":false,"template":"","format":"standard","meta":{"footnotes":""},"categories":[2],"tags":[2095],"class_list":["post-20394","post","type-post","status-publish","format-standard","has-post-thumbnail","hentry","category-schlager","tag-freddy-breck","wpcat-2-id"],"_links":{"self":[{"href":"https:\/\/bergers-schlagerparadies.de\/index.php?rest_route=\/wp\/v2\/posts\/20394","targetHints":{"allow":["GET"]}}],"collection":[{"href":"https:\/\/bergers-schlagerparadies.de\/index.php?rest_route=\/wp\/v2\/posts"}],"about":[{"href":"https:\/\/bergers-schlagerparadies.de\/index.php?rest_route=\/wp\/v2\/types\/post"}],"author":[{"embeddable":true,"href":"https:\/\/bergers-schlagerparadies.de\/index.php?rest_route=\/wp\/v2\/users\/1"}],"replies":[{"embeddable":true,"href":"https:\/\/bergers-schlagerparadies.de\/index.php?rest_route=%2Fwp%2Fv2%2Fcomments&post=20394"}],"version-history":[{"count":3,"href":"https:\/\/bergers-schlagerparadies.de\/index.php?rest_route=\/wp\/v2\/posts\/20394\/revisions"}],"predecessor-version":[{"id":20399,"href":"https:\/\/bergers-schlagerparadies.de\/index.php?rest_route=\/wp\/v2\/posts\/20394\/revisions\/20399"}],"wp:featuredmedia":[{"embeddable":true,"href":"https:\/\/bergers-schlagerparadies.de\/index.php?rest_route=\/wp\/v2\/media\/20396"}],"wp:attachment":[{"href":"https:\/\/bergers-schlagerparadies.de\/index.php?rest_route=%2Fwp%2Fv2%2Fmedia&parent=20394"}],"wp:term":[{"taxonomy":"category","embeddable":true,"href":"https:\/\/bergers-schlagerparadies.de\/index.php?rest_route=%2Fwp%2Fv2%2Fcategories&post=20394"},{"taxonomy":"post_tag","embeddable":true,"href":"https:\/\/bergers-schlagerparadies.de\/index.php?rest_route=%2Fwp%2Fv2%2Ftags&post=20394"}],"curies":[{"name":"wp","href":"https:\/\/api.w.org\/{rel}","templated":true}]}}