{"id":20390,"date":"2023-09-08T12:39:34","date_gmt":"2023-09-08T10:39:34","guid":{"rendered":"https:\/\/bergers-schlagerparadies.de\/?p=20390"},"modified":"2023-09-08T12:39:34","modified_gmt":"2023-09-08T10:39:34","slug":"die-draufgaenger-komet-%c2%b7-bergers-schlagerparadies","status":"publish","type":"post","link":"https:\/\/bergers-schlagerparadies.de\/?p=20390","title":{"rendered":"Die Draufg\u00e4nger &#8211; Komet \u00b7 Berger\u00b4s Schlagerparadies"},"content":{"rendered":"<p><img loading=\"lazy\" decoding=\"async\" class=\"size-medium wp-image-20392 alignleft\" src=\"https:\/\/bergers-schlagerparadies.de\/wp-content\/uploads\/2023\/09\/Die-Draufgaenger-Komet-300x300.jpg\" alt=\"\" width=\"300\" height=\"300\" srcset=\"https:\/\/bergers-schlagerparadies.de\/wp-content\/uploads\/2023\/09\/Die-Draufgaenger-Komet-300x300.jpg 300w, https:\/\/bergers-schlagerparadies.de\/wp-content\/uploads\/2023\/09\/Die-Draufgaenger-Komet-1024x1024.jpg 1024w, https:\/\/bergers-schlagerparadies.de\/wp-content\/uploads\/2023\/09\/Die-Draufgaenger-Komet-150x150.jpg 150w, https:\/\/bergers-schlagerparadies.de\/wp-content\/uploads\/2023\/09\/Die-Draufgaenger-Komet-768x768.jpg 768w, https:\/\/bergers-schlagerparadies.de\/wp-content\/uploads\/2023\/09\/Die-Draufgaenger-Komet-1188x1188.jpg 1188w, https:\/\/bergers-schlagerparadies.de\/wp-content\/uploads\/2023\/09\/Die-Draufgaenger-Komet-100x100.jpg 100w, https:\/\/bergers-schlagerparadies.de\/wp-content\/uploads\/2023\/09\/Die-Draufgaenger-Komet.jpg 1200w\" sizes=\"auto, (max-width: 300px) 100vw, 300px\" \/>Den ultimativen Superhit des Jahres gibt es jetzt auch als Draufg\u00e4nger-Version!<\/p>\n<p>Die Draufg\u00e4nger<br \/>\npr\u00e4sentieren den gr\u00f6\u00dften Hit des Jahres<br \/>\nMIT NOCH MEHR NACHDRUCK<\/p>\n<p>Die exklusive Cover-Single<br \/>\n\u201eKOMET\u201c<br \/>\nerscheint am 08. September (Electrola\/Universal Music)<\/p>\n<p>++ Ihr neues Album \u201eM\u00e4dchen &amp; M\u00e4rchen\u201c ist bereits ab dem 01. September verf\u00fcgbar ++<\/p>\n<p>Es gibt Sterne am Firmament, deren Schweif noch heller strahlt als alles andere \u2013 und so schicken auch Die Draufg\u00e4nger ihrem neuen Studioalbum in dieser Woche einen exklusiven Himmelsk\u00f6rper hinterher: Die brandneue Exklusiv-Single \u201eKomet\u201c \u2013 ihr Cover des Superhits des Jahres \u2013 kommt am 08. September! Jetzt reinh\u00f6ren!<\/p>\n<p>W\u00e4hrend das Original von Udo Lindenberg und Apache 207 in den letzten Monaten gleich reihenweise Rekorde brechen sollte, setzen Die Draufg\u00e4nger von Anfang an auf noch mehr Tempo, damit der \u201eKomet\u201c auch wirklich ein zweites Mal einschl\u00e4gt: \u201eVielleicht tut es weh, doch will auf Nummer sicher geh\u2019n\/Dass ich f\u00fcr immer leb, lass uns nochmal aufdreh\u2019n\u201c, singt die ultimative \u201eParty-Boyband aus \u00d6sterreich\u201c, die ihre Mission (Party!) auch im Weltraum so grandios umsetzt, dass selbst auf dem Dancefloor zwischenzeitlich Schwerelosigkeit herrschen d\u00fcrfte \ud83d\ude09<\/p>\n<p>Dank massiven Hits wie \u201eRapunzel\u201c oder auch der \u201eLandjugend\u201c l\u00e4ngst f\u00fcr ihren Trademark-Sound bekannt, bei dem etliche Genres (von Rock bis EDM!) auf ihre geliebten Volksmusik-Instrumente (Harmonika &amp; Posaune) treffen, verleihen sie nun auch dem Rekordhit des Jahres noch mehr volkst\u00fcmlichen Nachdruck \u2013 und verwandeln den \u201eKomet\u201c in eine astreine Stadion- und Party-Hymne zum Mitfeiern!<\/p>\n<p>Auch auf dem brandneuen Album kombiniert \u00d6sterreichs #1 Partyband immer wieder massiv-volkst\u00fcmlichen Wumms mit Pop-Appeal und noch mehr Tempo, um sich dar\u00fcber fabelhaften (weiblichen) und anderen Fabelwesen zu widmen: \u201eM\u00e4dchen &amp; M\u00e4rchen\u201c (V\u00d6: 01.09.) verspricht eine ganze Reihe von vertonten Flirts und Abenteuern, Erfindungen und Ausreden, denn im Studio seien wie von selbst \u201etats\u00e4chlich fast ausschlie\u00dflich Songs \u00fcber M\u00e4dchen (oder M\u00e4dchennamen) und \u00fcber M\u00e4rchen entstanden\u201c. Nat\u00fcrlich mit dabei sind auch die j\u00fcngsten Hits wie \u201eMarie\u201c, \u201eRapunzel\u201c oder \u201eGeh Manuela\u201c. Das insgesamt 18 Tracks vereinende Album mit dem unvergleichlichen \u201e100% zum Feiern gemacht\u201c-Siegel ist seit dem 01. September nicht nur als CD und digital, sondern auch als massiv erweiterte Fan-Edition erh\u00e4ltlich \u2013 inkl. CD, Kartenspiel (Gr\u00fcner Peter!), handsignierter Autogrammkarte &amp; Sticker.<\/p>\n<p>2001 als (Land-)Jugendband gegr\u00fcndet, 2007 dann bereits beim \u201eGrandprix der Volksmusik\u201c im Finale, treten die Ohrwurmgaranten aus der Steiermark seit vielen Jahren auch in den gr\u00f6\u00dften TV-Shows auf und krempeln mit ihren l\u00e4ssig-frechen Interpretationen die musikalische Landkarte auf links. Party lautet ihre Mission, Feierstimmung ist oberstes Ziel \u2013 und dieses Ziel erreichen sie auf mindestens 200 B\u00fchnen pro Jahr. Mit 534 Millionen Streams und rund 251 Millionen Views bei YouTube, pr\u00e4sentiert sich die vierk\u00f6pfige Feier-Combo \u2013 Albert-Mario Lampel, Rudi Haberl, Rene Wohlgemuth und Robert Wolf \u2013 auf dem neuen Longplayer sogar noch tanzbarer, noch anarchischer, noch augenzwinkernder. Vor allem jedoch sorgen sie nun daf\u00fcr, dass der \u201eKomet\u201c tats\u00e4chlich zum zweiten Mal einschl\u00e4gt!<\/p>\n<p>Die neue Standalone-Single \u201eKomet\u201c erscheint am 08. September bei Electrola.<\/p>\n<p><span style=\"color: #800000;\"><strong>Quelle: Electrola<\/strong><\/span><\/p>\n<p><span style=\"color: #800000;\"><strong>Dieser Song ist ab dem 08.09.2023 in allen bekannten Onlineshops erh\u00e4ltlich!<\/strong><\/span><\/p>\n<p><span style=\"color: #800000;\"><strong>Airdate (f\u00fcr Radiosender): 08.09.2023<\/strong><\/span><\/p>\n","protected":false},"excerpt":{"rendered":"<p>Den ultimativen Superhit des Jahres gibt es jetzt auch als Draufg\u00e4nger-Version! Die Draufg\u00e4nger pr\u00e4sentieren den gr\u00f6\u00dften Hit des Jahres MIT NOCH MEHR NACHDRUCK Die exklusive Cover-Single \u201eKOMET\u201c erscheint am 08. September (Electrola\/Universal Music) ++ Ihr neues Album \u201eM\u00e4dchen &amp; M\u00e4rchen\u201c ist bereits ab dem 01. September verf\u00fcgbar ++ Es gibt Sterne am Firmament, deren Schweif noch heller strahlt als alles andere \u2013 und so schicken auch Die Draufg\u00e4nger ihrem neuen Studioalbum in dieser Woche einen exklusiven Himmelsk\u00f6rper hinterher: Die brandneue Exklusiv-Single \u201eKomet\u201c \u2013 ihr Cover des Superhits des Jahres \u2013 kommt am 08. September! Jetzt reinh\u00f6ren! W\u00e4hrend das Original von Udo Lindenberg und Apache 207&#8230;<\/p>\n","protected":false},"author":1,"featured_media":20392,"comment_status":"open","ping_status":"open","sticky":false,"template":"","format":"standard","meta":{"footnotes":""},"categories":[2],"tags":[2094],"class_list":["post-20390","post","type-post","status-publish","format-standard","has-post-thumbnail","hentry","category-schlager","tag-die-draufgaenger","wpcat-2-id"],"_links":{"self":[{"href":"https:\/\/bergers-schlagerparadies.de\/index.php?rest_route=\/wp\/v2\/posts\/20390","targetHints":{"allow":["GET"]}}],"collection":[{"href":"https:\/\/bergers-schlagerparadies.de\/index.php?rest_route=\/wp\/v2\/posts"}],"about":[{"href":"https:\/\/bergers-schlagerparadies.de\/index.php?rest_route=\/wp\/v2\/types\/post"}],"author":[{"embeddable":true,"href":"https:\/\/bergers-schlagerparadies.de\/index.php?rest_route=\/wp\/v2\/users\/1"}],"replies":[{"embeddable":true,"href":"https:\/\/bergers-schlagerparadies.de\/index.php?rest_route=%2Fwp%2Fv2%2Fcomments&post=20390"}],"version-history":[{"count":1,"href":"https:\/\/bergers-schlagerparadies.de\/index.php?rest_route=\/wp\/v2\/posts\/20390\/revisions"}],"predecessor-version":[{"id":20393,"href":"https:\/\/bergers-schlagerparadies.de\/index.php?rest_route=\/wp\/v2\/posts\/20390\/revisions\/20393"}],"wp:featuredmedia":[{"embeddable":true,"href":"https:\/\/bergers-schlagerparadies.de\/index.php?rest_route=\/wp\/v2\/media\/20392"}],"wp:attachment":[{"href":"https:\/\/bergers-schlagerparadies.de\/index.php?rest_route=%2Fwp%2Fv2%2Fmedia&parent=20390"}],"wp:term":[{"taxonomy":"category","embeddable":true,"href":"https:\/\/bergers-schlagerparadies.de\/index.php?rest_route=%2Fwp%2Fv2%2Fcategories&post=20390"},{"taxonomy":"post_tag","embeddable":true,"href":"https:\/\/bergers-schlagerparadies.de\/index.php?rest_route=%2Fwp%2Fv2%2Ftags&post=20390"}],"curies":[{"name":"wp","href":"https:\/\/api.w.org\/{rel}","templated":true}]}}