{"id":20335,"date":"2023-09-07T15:57:12","date_gmt":"2023-09-07T13:57:12","guid":{"rendered":"https:\/\/bergers-schlagerparadies.de\/?p=20335"},"modified":"2023-09-07T15:57:12","modified_gmt":"2023-09-07T13:57:12","slug":"uwe-jensen-hoer-auf-dein-herz-%c2%b7-bergers-schlagerparadies","status":"publish","type":"post","link":"https:\/\/bergers-schlagerparadies.de\/?p=20335","title":{"rendered":"Uwe Jensen &#8211; H\u00f6r auf Dein Herz \u00b7 Berger\u00b4s Schlagerparadies"},"content":{"rendered":"<p><img loading=\"lazy\" decoding=\"async\" class=\"size-medium wp-image-20337 alignleft\" src=\"https:\/\/bergers-schlagerparadies.de\/wp-content\/uploads\/2023\/09\/Uwe-Jensen-Hoer-auf-Dein-Herz-300x300.jpg\" alt=\"\" width=\"300\" height=\"300\" srcset=\"https:\/\/bergers-schlagerparadies.de\/wp-content\/uploads\/2023\/09\/Uwe-Jensen-Hoer-auf-Dein-Herz-300x300.jpg 300w, https:\/\/bergers-schlagerparadies.de\/wp-content\/uploads\/2023\/09\/Uwe-Jensen-Hoer-auf-Dein-Herz-1024x1024.jpg 1024w, https:\/\/bergers-schlagerparadies.de\/wp-content\/uploads\/2023\/09\/Uwe-Jensen-Hoer-auf-Dein-Herz-150x150.jpg 150w, https:\/\/bergers-schlagerparadies.de\/wp-content\/uploads\/2023\/09\/Uwe-Jensen-Hoer-auf-Dein-Herz-768x768.jpg 768w, https:\/\/bergers-schlagerparadies.de\/wp-content\/uploads\/2023\/09\/Uwe-Jensen-Hoer-auf-Dein-Herz-1536x1536.jpg 1536w, https:\/\/bergers-schlagerparadies.de\/wp-content\/uploads\/2023\/09\/Uwe-Jensen-Hoer-auf-Dein-Herz-2048x2048.jpg 2048w, https:\/\/bergers-schlagerparadies.de\/wp-content\/uploads\/2023\/09\/Uwe-Jensen-Hoer-auf-Dein-Herz-1200x1200.jpg 1200w, https:\/\/bergers-schlagerparadies.de\/wp-content\/uploads\/2023\/09\/Uwe-Jensen-Hoer-auf-Dein-Herz-1188x1188.jpg 1188w, https:\/\/bergers-schlagerparadies.de\/wp-content\/uploads\/2023\/09\/Uwe-Jensen-Hoer-auf-Dein-Herz-100x100.jpg 100w\" sizes=\"auto, (max-width: 300px) 100vw, 300px\" \/>Die neue Schlagersingle des Grand Seigneur des Schlagers \u201eH\u00f6r auf Dein Herz\u201c ist wieder ein romantischer Song \u00fcber das Herz und die Liebe. Beide geh\u00f6ren ja untrennbar zusammen. Mann\/ Frau sollten nach M\u00f6glichkeit in Liebesdingen meistens auf ihr Herz h\u00f6ren. Denn es ist darin unbestechlich.<br \/>\nEs ist eine Auskopplung aus seinem im Fr\u00fchjahr erschienenen Album \u201eEinfach Du\u201c.<br \/>\nUwe Jensen brachte mit diesem CD-Album sein Jubil\u00e4umswerk zum 50. B\u00fchnengeburtstag als S\u00e4nger auf den Markt. Es enth\u00e4lt 14 wunderbare Schlager zum h\u00f6ren, tr\u00e4umen und tanzen. Darunter ein Duett mit Jenny K\u00f6ppen und mit Tanja Lasch \u201eHalt mein Herz fest\u201c, welches vom Texterk\u00f6nig\/Komponist\/Produzent Burkhard Lasch geschrieben wurde.<\/p>\n<p>Seit gut 50 Jahren ist der sympathische und ewig jung gebliebene S\u00e4nger nun schon auf den B\u00fchnen der Republik in Ost und West zu bewundern. In der DDR wurde er damals schnell zum Star und umjubelten Interpreten. Nach der Wende ging die Karriere ununterbrochen weiter und sein Bekanntheitsgrat dehnte sich auch auf die alten Bundesl\u00e4nder aus. Es kamen neue Fans dazu und die alten hielten ihm die Treue.<br \/>\nSo k\u00f6nnen nun seine Fans von Ahlbeck bis Zugspitze diese tolle Jubil\u00e4ums-CD genie\u00dfen.<\/p>\n<p><span style=\"color: #800000;\"><strong>Quelle: Hitmix Music<\/strong><\/span><\/p>\n<p><span style=\"color: #800000;\"><strong>Dieser Song ist ab dem 08.09.2023 in allen bekannten Onlineshops erh\u00e4ltlich!<\/strong><\/span><\/p>\n<p><span style=\"color: #800000;\"><strong>Airdate (f\u00fcr Radiosender): 07.09.2023<\/strong><\/span><\/p>\n","protected":false},"excerpt":{"rendered":"<p>Die neue Schlagersingle des Grand Seigneur des Schlagers \u201eH\u00f6r auf Dein Herz\u201c ist wieder ein romantischer Song \u00fcber das Herz und die Liebe. Beide geh\u00f6ren ja untrennbar zusammen. Mann\/ Frau sollten nach M\u00f6glichkeit in Liebesdingen meistens auf ihr Herz h\u00f6ren. Denn es ist darin unbestechlich. Es ist eine Auskopplung aus seinem im Fr\u00fchjahr erschienenen Album \u201eEinfach Du\u201c. Uwe Jensen brachte mit diesem CD-Album sein Jubil\u00e4umswerk zum 50. B\u00fchnengeburtstag als S\u00e4nger auf den Markt. Es enth\u00e4lt 14 wunderbare Schlager zum h\u00f6ren, tr\u00e4umen und tanzen. Darunter ein Duett mit Jenny K\u00f6ppen und mit Tanja Lasch \u201eHalt mein Herz fest\u201c, welches vom Texterk\u00f6nig\/Komponist\/Produzent Burkhard Lasch geschrieben wurde. Seit&#8230;<\/p>\n","protected":false},"author":1,"featured_media":20337,"comment_status":"open","ping_status":"open","sticky":false,"template":"","format":"standard","meta":{"footnotes":""},"categories":[2],"tags":[1728],"class_list":["post-20335","post","type-post","status-publish","format-standard","has-post-thumbnail","hentry","category-schlager","tag-uwe-jensen","wpcat-2-id"],"_links":{"self":[{"href":"https:\/\/bergers-schlagerparadies.de\/index.php?rest_route=\/wp\/v2\/posts\/20335","targetHints":{"allow":["GET"]}}],"collection":[{"href":"https:\/\/bergers-schlagerparadies.de\/index.php?rest_route=\/wp\/v2\/posts"}],"about":[{"href":"https:\/\/bergers-schlagerparadies.de\/index.php?rest_route=\/wp\/v2\/types\/post"}],"author":[{"embeddable":true,"href":"https:\/\/bergers-schlagerparadies.de\/index.php?rest_route=\/wp\/v2\/users\/1"}],"replies":[{"embeddable":true,"href":"https:\/\/bergers-schlagerparadies.de\/index.php?rest_route=%2Fwp%2Fv2%2Fcomments&post=20335"}],"version-history":[{"count":1,"href":"https:\/\/bergers-schlagerparadies.de\/index.php?rest_route=\/wp\/v2\/posts\/20335\/revisions"}],"predecessor-version":[{"id":20338,"href":"https:\/\/bergers-schlagerparadies.de\/index.php?rest_route=\/wp\/v2\/posts\/20335\/revisions\/20338"}],"wp:featuredmedia":[{"embeddable":true,"href":"https:\/\/bergers-schlagerparadies.de\/index.php?rest_route=\/wp\/v2\/media\/20337"}],"wp:attachment":[{"href":"https:\/\/bergers-schlagerparadies.de\/index.php?rest_route=%2Fwp%2Fv2%2Fmedia&parent=20335"}],"wp:term":[{"taxonomy":"category","embeddable":true,"href":"https:\/\/bergers-schlagerparadies.de\/index.php?rest_route=%2Fwp%2Fv2%2Fcategories&post=20335"},{"taxonomy":"post_tag","embeddable":true,"href":"https:\/\/bergers-schlagerparadies.de\/index.php?rest_route=%2Fwp%2Fv2%2Ftags&post=20335"}],"curies":[{"name":"wp","href":"https:\/\/api.w.org\/{rel}","templated":true}]}}