{"id":20252,"date":"2023-09-01T14:15:24","date_gmt":"2023-09-01T12:15:24","guid":{"rendered":"https:\/\/bergers-schlagerparadies.de\/?p=20252"},"modified":"2023-09-01T14:15:24","modified_gmt":"2023-09-01T12:15:24","slug":"renate-neumayr-und-i-tanz-mit-dir-%c2%b7-bergers-schlagerparadies","status":"publish","type":"post","link":"https:\/\/bergers-schlagerparadies.de\/?p=20252","title":{"rendered":"Renate Neumayr &#8211; Und i tanz mit dir \u00b7 Berger\u00b4s Schlagerparadies"},"content":{"rendered":"<p><img loading=\"lazy\" decoding=\"async\" class=\"size-medium wp-image-20254 alignleft\" src=\"https:\/\/bergers-schlagerparadies.de\/wp-content\/uploads\/2023\/09\/Renate-Neumayr-Und-i-tanz-mit-dir-300x300.jpg\" alt=\"\" width=\"300\" height=\"300\" srcset=\"https:\/\/bergers-schlagerparadies.de\/wp-content\/uploads\/2023\/09\/Renate-Neumayr-Und-i-tanz-mit-dir-300x300.jpg 300w, https:\/\/bergers-schlagerparadies.de\/wp-content\/uploads\/2023\/09\/Renate-Neumayr-Und-i-tanz-mit-dir-1024x1024.jpg 1024w, https:\/\/bergers-schlagerparadies.de\/wp-content\/uploads\/2023\/09\/Renate-Neumayr-Und-i-tanz-mit-dir-150x150.jpg 150w, https:\/\/bergers-schlagerparadies.de\/wp-content\/uploads\/2023\/09\/Renate-Neumayr-Und-i-tanz-mit-dir-768x768.jpg 768w, https:\/\/bergers-schlagerparadies.de\/wp-content\/uploads\/2023\/09\/Renate-Neumayr-Und-i-tanz-mit-dir-1536x1536.jpg 1536w, https:\/\/bergers-schlagerparadies.de\/wp-content\/uploads\/2023\/09\/Renate-Neumayr-Und-i-tanz-mit-dir-2048x2048.jpg 2048w, https:\/\/bergers-schlagerparadies.de\/wp-content\/uploads\/2023\/09\/Renate-Neumayr-Und-i-tanz-mit-dir-1200x1200.jpg 1200w, https:\/\/bergers-schlagerparadies.de\/wp-content\/uploads\/2023\/09\/Renate-Neumayr-Und-i-tanz-mit-dir-1188x1188.jpg 1188w, https:\/\/bergers-schlagerparadies.de\/wp-content\/uploads\/2023\/09\/Renate-Neumayr-Und-i-tanz-mit-dir-100x100.jpg 100w\" sizes=\"auto, (max-width: 300px) 100vw, 300px\" \/>Mit sonnigem Gem\u00fct und leidenschaftlicher Power begeistert die sympathische Singer-Songwriterin aus Krumbach in der Buckligen Welt (N\u00d6) seit vielen Jahren ihr Publikum. Am Donnerstag den 31.8. ver\u00f6ffentlicht Renate Neumayr ihre 38. Radiosingle \u201eUnd i tanz mit dir\u201c. Der neue Titel zeigt moderne und jung klingende Elemente und ist ein mitrei\u00dfender Popschlager, der sofort ins Ohr geht und mit hippen Beats \u00fcberzeugt. Lasst uns wieder mehr tanzen!<br \/>\nDie erfolgreiche Vorpremiere von \u201eUnd i tanz mit dir\u201c war k\u00fcrzlich am 8. Juli 2023 vor 8000 Menschen beim Warm up der TV Show \u201eStarnacht am W\u00f6rthersee\u201c.<\/p>\n<p><span style=\"color: #800000;\"><strong>Quelle: Planet Sound Records<\/strong><\/span><\/p>\n<p><span style=\"color: #800000;\"><strong>Dieser Song ist ab dem 31.08.2023 in allen bekannten Onlineshops erh\u00e4ltlich!<\/strong><\/span><\/p>\n<p><span style=\"color: #800000;\"><strong>Airdate (f\u00fcr Radiosender): 31.08.2023<\/strong><\/span><\/p>\n","protected":false},"excerpt":{"rendered":"<p>Mit sonnigem Gem\u00fct und leidenschaftlicher Power begeistert die sympathische Singer-Songwriterin aus Krumbach in der Buckligen Welt (N\u00d6) seit vielen Jahren ihr Publikum. Am Donnerstag den 31.8. ver\u00f6ffentlicht Renate Neumayr ihre 38. Radiosingle \u201eUnd i tanz mit dir\u201c. Der neue Titel zeigt moderne und jung klingende Elemente und ist ein mitrei\u00dfender Popschlager, der sofort ins Ohr geht und mit hippen Beats \u00fcberzeugt. Lasst uns wieder mehr tanzen! Die erfolgreiche Vorpremiere von \u201eUnd i tanz mit dir\u201c war k\u00fcrzlich am 8. Juli 2023 vor 8000 Menschen beim Warm up der TV Show \u201eStarnacht am W\u00f6rthersee\u201c. Quelle: Planet Sound Records Dieser Song ist ab dem 31.08.2023 in allen&#8230;<\/p>\n","protected":false},"author":1,"featured_media":20254,"comment_status":"open","ping_status":"open","sticky":false,"template":"","format":"standard","meta":{"footnotes":""},"categories":[2],"tags":[2076],"class_list":["post-20252","post","type-post","status-publish","format-standard","has-post-thumbnail","hentry","category-schlager","tag-renate-neumayr","wpcat-2-id"],"_links":{"self":[{"href":"https:\/\/bergers-schlagerparadies.de\/index.php?rest_route=\/wp\/v2\/posts\/20252","targetHints":{"allow":["GET"]}}],"collection":[{"href":"https:\/\/bergers-schlagerparadies.de\/index.php?rest_route=\/wp\/v2\/posts"}],"about":[{"href":"https:\/\/bergers-schlagerparadies.de\/index.php?rest_route=\/wp\/v2\/types\/post"}],"author":[{"embeddable":true,"href":"https:\/\/bergers-schlagerparadies.de\/index.php?rest_route=\/wp\/v2\/users\/1"}],"replies":[{"embeddable":true,"href":"https:\/\/bergers-schlagerparadies.de\/index.php?rest_route=%2Fwp%2Fv2%2Fcomments&post=20252"}],"version-history":[{"count":1,"href":"https:\/\/bergers-schlagerparadies.de\/index.php?rest_route=\/wp\/v2\/posts\/20252\/revisions"}],"predecessor-version":[{"id":20255,"href":"https:\/\/bergers-schlagerparadies.de\/index.php?rest_route=\/wp\/v2\/posts\/20252\/revisions\/20255"}],"wp:featuredmedia":[{"embeddable":true,"href":"https:\/\/bergers-schlagerparadies.de\/index.php?rest_route=\/wp\/v2\/media\/20254"}],"wp:attachment":[{"href":"https:\/\/bergers-schlagerparadies.de\/index.php?rest_route=%2Fwp%2Fv2%2Fmedia&parent=20252"}],"wp:term":[{"taxonomy":"category","embeddable":true,"href":"https:\/\/bergers-schlagerparadies.de\/index.php?rest_route=%2Fwp%2Fv2%2Fcategories&post=20252"},{"taxonomy":"post_tag","embeddable":true,"href":"https:\/\/bergers-schlagerparadies.de\/index.php?rest_route=%2Fwp%2Fv2%2Ftags&post=20252"}],"curies":[{"name":"wp","href":"https:\/\/api.w.org\/{rel}","templated":true}]}}