{"id":20244,"date":"2023-09-01T13:36:51","date_gmt":"2023-09-01T11:36:51","guid":{"rendered":"https:\/\/bergers-schlagerparadies.de\/?p=20244"},"modified":"2023-09-01T13:36:51","modified_gmt":"2023-09-01T11:36:51","slug":"adrian-underhill-better-side-%c2%b7-bergers-schlagerparadies","status":"publish","type":"post","link":"https:\/\/bergers-schlagerparadies.de\/?p=20244","title":{"rendered":"Adrian Underhill &#8211; BETTER SIDE \u00b7 Berger\u00b4s Schlagerparadies"},"content":{"rendered":"<p><img loading=\"lazy\" decoding=\"async\" class=\"size-medium wp-image-20246 alignleft\" src=\"https:\/\/bergers-schlagerparadies.de\/wp-content\/uploads\/2023\/09\/Adrian-Underhill-BETTER-SIDE-300x300.jpg\" alt=\"\" width=\"300\" height=\"300\" srcset=\"https:\/\/bergers-schlagerparadies.de\/wp-content\/uploads\/2023\/09\/Adrian-Underhill-BETTER-SIDE-300x300.jpg 300w, https:\/\/bergers-schlagerparadies.de\/wp-content\/uploads\/2023\/09\/Adrian-Underhill-BETTER-SIDE-1024x1024.jpg 1024w, https:\/\/bergers-schlagerparadies.de\/wp-content\/uploads\/2023\/09\/Adrian-Underhill-BETTER-SIDE-150x150.jpg 150w, https:\/\/bergers-schlagerparadies.de\/wp-content\/uploads\/2023\/09\/Adrian-Underhill-BETTER-SIDE-768x768.jpg 768w, https:\/\/bergers-schlagerparadies.de\/wp-content\/uploads\/2023\/09\/Adrian-Underhill-BETTER-SIDE-1536x1536.jpg 1536w, https:\/\/bergers-schlagerparadies.de\/wp-content\/uploads\/2023\/09\/Adrian-Underhill-BETTER-SIDE-1200x1200.jpg 1200w, https:\/\/bergers-schlagerparadies.de\/wp-content\/uploads\/2023\/09\/Adrian-Underhill-BETTER-SIDE-1188x1188.jpg 1188w, https:\/\/bergers-schlagerparadies.de\/wp-content\/uploads\/2023\/09\/Adrian-Underhill-BETTER-SIDE-100x100.jpg 100w, https:\/\/bergers-schlagerparadies.de\/wp-content\/uploads\/2023\/09\/Adrian-Underhill-BETTER-SIDE.jpg 1600w\" sizes=\"auto, (max-width: 300px) 100vw, 300px\" \/>Der kanadische K\u00fcnstler Adrian Underhill pr\u00e4sentiert heute die neue Single &#8222;Better Side&#8220; aus seinem kommenden Album After This, das am 29. September \u00fcber Next Door Records erscheint.<\/p>\n<p>Better Side vereint Element aus Indie &#8211; Pop und Dream Pop Elementen. Keyboards, Synthesizer, Sampler und Drumcomputer sind die Grundelemente seines Sounds der sich selten an Konventionen h\u00e4lt, sondern eine sehr eigene Handschrift entwickelt hat.<\/p>\n<p>&nbsp;<\/p>\n<p><span style=\"color: #800000;\"><strong>Quelle: Outside Music<\/strong><\/span><\/p>\n<p><span style=\"color: #800000;\"><strong>Dieser Song ist ab dem 31.08.2023 in allen bekannten Onlineshops erh\u00e4ltlich!<\/strong><\/span><\/p>\n<p><span style=\"color: #800000;\"><strong>Airdate (f\u00fcr Radiosender): 31.08.2023<\/strong><\/span><\/p>\n","protected":false},"excerpt":{"rendered":"<p>Der kanadische K\u00fcnstler Adrian Underhill pr\u00e4sentiert heute die neue Single &#8222;Better Side&#8220; aus seinem kommenden Album After This, das am 29. September \u00fcber Next Door Records erscheint. Better Side vereint Element aus Indie &#8211; Pop und Dream Pop Elementen. Keyboards, Synthesizer, Sampler und Drumcomputer sind die Grundelemente seines Sounds der sich selten an Konventionen h\u00e4lt, sondern eine sehr eigene Handschrift entwickelt hat. &nbsp; Quelle: Outside Music Dieser Song ist ab dem 31.08.2023 in allen bekannten Onlineshops erh\u00e4ltlich! Airdate (f\u00fcr Radiosender): 31.08.2023<\/p>\n","protected":false},"author":1,"featured_media":20246,"comment_status":"open","ping_status":"open","sticky":false,"template":"","format":"standard","meta":{"footnotes":""},"categories":[2],"tags":[2074],"class_list":["post-20244","post","type-post","status-publish","format-standard","has-post-thumbnail","hentry","category-schlager","tag-adrian-underhill","wpcat-2-id"],"_links":{"self":[{"href":"https:\/\/bergers-schlagerparadies.de\/index.php?rest_route=\/wp\/v2\/posts\/20244","targetHints":{"allow":["GET"]}}],"collection":[{"href":"https:\/\/bergers-schlagerparadies.de\/index.php?rest_route=\/wp\/v2\/posts"}],"about":[{"href":"https:\/\/bergers-schlagerparadies.de\/index.php?rest_route=\/wp\/v2\/types\/post"}],"author":[{"embeddable":true,"href":"https:\/\/bergers-schlagerparadies.de\/index.php?rest_route=\/wp\/v2\/users\/1"}],"replies":[{"embeddable":true,"href":"https:\/\/bergers-schlagerparadies.de\/index.php?rest_route=%2Fwp%2Fv2%2Fcomments&post=20244"}],"version-history":[{"count":1,"href":"https:\/\/bergers-schlagerparadies.de\/index.php?rest_route=\/wp\/v2\/posts\/20244\/revisions"}],"predecessor-version":[{"id":20247,"href":"https:\/\/bergers-schlagerparadies.de\/index.php?rest_route=\/wp\/v2\/posts\/20244\/revisions\/20247"}],"wp:featuredmedia":[{"embeddable":true,"href":"https:\/\/bergers-schlagerparadies.de\/index.php?rest_route=\/wp\/v2\/media\/20246"}],"wp:attachment":[{"href":"https:\/\/bergers-schlagerparadies.de\/index.php?rest_route=%2Fwp%2Fv2%2Fmedia&parent=20244"}],"wp:term":[{"taxonomy":"category","embeddable":true,"href":"https:\/\/bergers-schlagerparadies.de\/index.php?rest_route=%2Fwp%2Fv2%2Fcategories&post=20244"},{"taxonomy":"post_tag","embeddable":true,"href":"https:\/\/bergers-schlagerparadies.de\/index.php?rest_route=%2Fwp%2Fv2%2Ftags&post=20244"}],"curies":[{"name":"wp","href":"https:\/\/api.w.org\/{rel}","templated":true}]}}