{"id":20236,"date":"2023-09-01T13:07:11","date_gmt":"2023-09-01T11:07:11","guid":{"rendered":"https:\/\/bergers-schlagerparadies.de\/?p=20236"},"modified":"2023-09-01T13:07:11","modified_gmt":"2023-09-01T11:07:11","slug":"peter-sebastian-tina-heeschen-ganz-tief-in-meinem-herzen-duett-%c2%b7-bergers-schlagerparadies","status":"publish","type":"post","link":"https:\/\/bergers-schlagerparadies.de\/?p=20236","title":{"rendered":"Peter Sebastian &#038; Tina Heeschen &#8211; Ganz Tief in meinem Herzen (Duett) \u00b7 Berger\u00b4s Schlagerparadies"},"content":{"rendered":"<p><img loading=\"lazy\" decoding=\"async\" class=\"size-medium wp-image-20238 alignleft\" src=\"https:\/\/bergers-schlagerparadies.de\/wp-content\/uploads\/2023\/09\/Peter-Sebastian-Tina-Heeschen-Ganz-Tief-in-meinem-Herzen-Duett-300x300.jpg\" alt=\"\" width=\"300\" height=\"300\" srcset=\"https:\/\/bergers-schlagerparadies.de\/wp-content\/uploads\/2023\/09\/Peter-Sebastian-Tina-Heeschen-Ganz-Tief-in-meinem-Herzen-Duett-300x300.jpg 300w, https:\/\/bergers-schlagerparadies.de\/wp-content\/uploads\/2023\/09\/Peter-Sebastian-Tina-Heeschen-Ganz-Tief-in-meinem-Herzen-Duett-1024x1024.jpg 1024w, https:\/\/bergers-schlagerparadies.de\/wp-content\/uploads\/2023\/09\/Peter-Sebastian-Tina-Heeschen-Ganz-Tief-in-meinem-Herzen-Duett-150x150.jpg 150w, https:\/\/bergers-schlagerparadies.de\/wp-content\/uploads\/2023\/09\/Peter-Sebastian-Tina-Heeschen-Ganz-Tief-in-meinem-Herzen-Duett-768x768.jpg 768w, https:\/\/bergers-schlagerparadies.de\/wp-content\/uploads\/2023\/09\/Peter-Sebastian-Tina-Heeschen-Ganz-Tief-in-meinem-Herzen-Duett-1200x1200.jpg 1200w, https:\/\/bergers-schlagerparadies.de\/wp-content\/uploads\/2023\/09\/Peter-Sebastian-Tina-Heeschen-Ganz-Tief-in-meinem-Herzen-Duett-1188x1188.jpg 1188w, https:\/\/bergers-schlagerparadies.de\/wp-content\/uploads\/2023\/09\/Peter-Sebastian-Tina-Heeschen-Ganz-Tief-in-meinem-Herzen-Duett-100x100.jpg 100w, https:\/\/bergers-schlagerparadies.de\/wp-content\/uploads\/2023\/09\/Peter-Sebastian-Tina-Heeschen-Ganz-Tief-in-meinem-Herzen-Duett.jpg 1440w\" sizes=\"auto, (max-width: 300px) 100vw, 300px\" \/>Der Hamburger Produzent, S\u00e4nger und Entertainer PETER SEBASTIAN ist daf\u00fcr bekannt, Talente zu f\u00f6rdern. Vor einigen Wochen hatte er einen Auftritt, bei dem auch die S\u00e4ngerin TINA HEESCHEN aufgetreten ist. Sofort war PETER von der glockenklaren Stimme und der charismatischen Ausstrahlung der Interpretin begeistert und sprach sie an, ob sie sich ein Duett mit ihm vorstellen k\u00f6nne.<br \/>\nDie Sympathie beruhte auf Gegenseitigkeit. PETER rannte bei TINA offene T\u00fcren ein, denn die engagierte S\u00e4ngerin, die schon seit ihrer Schulzeit begeistert Musicalmelodien und Schlager singt, wurde zwar bei vielen gro\u00dfen Events wie der Kieler Woche oder sogar im Vorprogramm von DJ \u00d6TZI gebucht und ist eine gefragte Hochzeitss\u00e4ngerin, einen eigenen Tontr\u00e4ger hat sie jedoch bislang noch nie aufgenommen.<\/p>\n<p>Und nun kam PETER eine tolle Idee. Ein sehr sch\u00f6ner Titel seines Repertoires ist \u201eGanz tief in meinem Herzen\u201c. Dieser Song ist bislang noch nie als Duett-Titel ver\u00f6ffentlicht worden \u2013 die Idee, den Song nun gemeinsam mit TINA neu aufzunehmen, ist insofern naheliegend, als die glockenklare Sopranstimme der blonden Sch\u00f6nheit perfekt zur angenehmen tiefen Bassstimme PETER SEBASTIANS passt.<\/p>\n<p>Und so erg\u00e4nzen sich die Stimmen von TINA und PETER perfekt. In den Strophen abwechselnd \u2013 und im Refrain perfekt zweistimmig gesungen, so dass der herrliche Kontrast der Stimmen besonders hervorsticht. Inhaltlich geht es in dem Song um eine Beziehung, die zwar beendet ist, bei der aber immer noch eine bestimmte Sehnsucht nach dem geliebten Partner vorhanden ist. \u201eGanz tief in meinem Herzen, da bist noch immer du\u201c. Und das Happy End ist nicht unrealistisch \u2013 im Song hei\u00dft es n\u00e4mlich: \u201eEs ist noch nicht zu sp\u00e4t\u201c.<\/p>\n<p>P\u00fcnktlich zum Sommer wurde der Titel mit bew\u00e4hrtem Team produziert. Im Wetcat Studio wurde der Titel von Toningenieur J\u00d6RG LAMSTER arrangiert und programmiert.<\/p>\n<p>Der radiotaugliche Song ist extrem gut tanzbar und wird die DJs der Clubs und Discotheken erfreuen. Einmal mehr beweist PETER SEBASTIAN seine Vielseitigkeit \u2013 nach dem nachdenklichen Titel \u201eIch bin bei dir, auch wenn es schwierig wird\u201c gibt er sich nun wieder als \u201eMr. Gute Laune\u201c die Ehre \u2013 gemeinsam mit TINA HEESCHEN.<\/p>\n<p><span style=\"color: #800000;\"><strong>Quelle: TOI TOI TOI-RECORDS<\/strong><\/span><\/p>\n<p><span style=\"color: #800000;\"><strong>Dieser Song ist ab dem 01.09.2023 in allen bekannten Onlineshops erh\u00e4ltlich!<\/strong><\/span><\/p>\n<p><span style=\"color: #800000;\"><strong>Airdate (f\u00fcr Radiosender): 01.09.2023<\/strong><\/span><\/p>\n","protected":false},"excerpt":{"rendered":"<p>Der Hamburger Produzent, S\u00e4nger und Entertainer PETER SEBASTIAN ist daf\u00fcr bekannt, Talente zu f\u00f6rdern. Vor einigen Wochen hatte er einen Auftritt, bei dem auch die S\u00e4ngerin TINA HEESCHEN aufgetreten ist. Sofort war PETER von der glockenklaren Stimme und der charismatischen Ausstrahlung der Interpretin begeistert und sprach sie an, ob sie sich ein Duett mit ihm vorstellen k\u00f6nne. Die Sympathie beruhte auf Gegenseitigkeit. PETER rannte bei TINA offene T\u00fcren ein, denn die engagierte S\u00e4ngerin, die schon seit ihrer Schulzeit begeistert Musicalmelodien und Schlager singt, wurde zwar bei vielen gro\u00dfen Events wie der Kieler Woche oder sogar im Vorprogramm von DJ \u00d6TZI gebucht und ist eine gefragte&#8230;<\/p>\n","protected":false},"author":1,"featured_media":20238,"comment_status":"open","ping_status":"open","sticky":false,"template":"","format":"standard","meta":{"footnotes":""},"categories":[2],"tags":[2073],"class_list":["post-20236","post","type-post","status-publish","format-standard","has-post-thumbnail","hentry","category-schlager","tag-peter-sebastian-tina-heeschen","wpcat-2-id"],"_links":{"self":[{"href":"https:\/\/bergers-schlagerparadies.de\/index.php?rest_route=\/wp\/v2\/posts\/20236","targetHints":{"allow":["GET"]}}],"collection":[{"href":"https:\/\/bergers-schlagerparadies.de\/index.php?rest_route=\/wp\/v2\/posts"}],"about":[{"href":"https:\/\/bergers-schlagerparadies.de\/index.php?rest_route=\/wp\/v2\/types\/post"}],"author":[{"embeddable":true,"href":"https:\/\/bergers-schlagerparadies.de\/index.php?rest_route=\/wp\/v2\/users\/1"}],"replies":[{"embeddable":true,"href":"https:\/\/bergers-schlagerparadies.de\/index.php?rest_route=%2Fwp%2Fv2%2Fcomments&post=20236"}],"version-history":[{"count":1,"href":"https:\/\/bergers-schlagerparadies.de\/index.php?rest_route=\/wp\/v2\/posts\/20236\/revisions"}],"predecessor-version":[{"id":20239,"href":"https:\/\/bergers-schlagerparadies.de\/index.php?rest_route=\/wp\/v2\/posts\/20236\/revisions\/20239"}],"wp:featuredmedia":[{"embeddable":true,"href":"https:\/\/bergers-schlagerparadies.de\/index.php?rest_route=\/wp\/v2\/media\/20238"}],"wp:attachment":[{"href":"https:\/\/bergers-schlagerparadies.de\/index.php?rest_route=%2Fwp%2Fv2%2Fmedia&parent=20236"}],"wp:term":[{"taxonomy":"category","embeddable":true,"href":"https:\/\/bergers-schlagerparadies.de\/index.php?rest_route=%2Fwp%2Fv2%2Fcategories&post=20236"},{"taxonomy":"post_tag","embeddable":true,"href":"https:\/\/bergers-schlagerparadies.de\/index.php?rest_route=%2Fwp%2Fv2%2Ftags&post=20236"}],"curies":[{"name":"wp","href":"https:\/\/api.w.org\/{rel}","templated":true}]}}