{"id":20113,"date":"2023-08-29T22:15:39","date_gmt":"2023-08-29T20:15:39","guid":{"rendered":"https:\/\/bergers-schlagerparadies.de\/?p=20113"},"modified":"2023-08-29T22:15:39","modified_gmt":"2023-08-29T20:15:39","slug":"frank-andre-meine-welt-steht-auf-dem-kopf-%c2%b7-bergers-schlagerparadies","status":"publish","type":"post","link":"https:\/\/bergers-schlagerparadies.de\/?p=20113","title":{"rendered":"Frank Andre &#8211; Meine Welt steht auf dem Kopf \u00b7 Berger\u00b4s Schlagerparadies"},"content":{"rendered":"<p><img loading=\"lazy\" decoding=\"async\" class=\"size-medium wp-image-20115 alignleft\" src=\"https:\/\/bergers-schlagerparadies.de\/wp-content\/uploads\/2023\/08\/Frank-Andre-Meine-Welt-steht-auf-dem-Kopf-300x300.jpg\" alt=\"\" width=\"300\" height=\"300\" srcset=\"https:\/\/bergers-schlagerparadies.de\/wp-content\/uploads\/2023\/08\/Frank-Andre-Meine-Welt-steht-auf-dem-Kopf-300x300.jpg 300w, https:\/\/bergers-schlagerparadies.de\/wp-content\/uploads\/2023\/08\/Frank-Andre-Meine-Welt-steht-auf-dem-Kopf-1024x1024.jpg 1024w, https:\/\/bergers-schlagerparadies.de\/wp-content\/uploads\/2023\/08\/Frank-Andre-Meine-Welt-steht-auf-dem-Kopf-150x150.jpg 150w, https:\/\/bergers-schlagerparadies.de\/wp-content\/uploads\/2023\/08\/Frank-Andre-Meine-Welt-steht-auf-dem-Kopf-768x768.jpg 768w, https:\/\/bergers-schlagerparadies.de\/wp-content\/uploads\/2023\/08\/Frank-Andre-Meine-Welt-steht-auf-dem-Kopf-1188x1188.jpg 1188w, https:\/\/bergers-schlagerparadies.de\/wp-content\/uploads\/2023\/08\/Frank-Andre-Meine-Welt-steht-auf-dem-Kopf-100x100.jpg 100w, https:\/\/bergers-schlagerparadies.de\/wp-content\/uploads\/2023\/08\/Frank-Andre-Meine-Welt-steht-auf-dem-Kopf.jpg 1200w\" sizes=\"auto, (max-width: 300px) 100vw, 300px\" \/>Frank Andre ist der Sommerhitk\u00f6nig 2023 (ARD &#8211; Immer wieder sonntags)<\/p>\n<p>Der Schlagers\u00e4nger Frank Andre hat manchmal das Gef\u00fchl das seine Welt auf dem Kopf steht, denn auch wenn im Leben alles gut l\u00e4uft kommen in ihm immer Zweifel auf, ob all seine Entscheidungen in seinem Leben, die er so trifft, die richtigen sind und es gibt auch Probleme und Anl\u00e4sse wo man nicht die richtigen Worte findet und im Endeffekt geht doch alles gut.<\/p>\n<p>Dann gibt es da einen Menschen der zu Dir sagt: \u201eDu denkst zu viel dar\u00fcber nach, es ist alles gut so wie es ist!\u201c<br \/>\nDieser stimmungsvolle Song stammt aus der Feder von Franco Ferraro und den dazu tiefgr\u00fcndigen Text dazu schrieb Sabina Reithofer.<\/p>\n<p>Ver\u00f6ffentlicht wird der Song auf dem Label \u201eMusic Television (Special Marketing)\u201c.<\/p>\n<p><span style=\"color: #800000;\"><strong>Quelle: Music Television (Special Marketing)<\/strong><\/span><\/p>\n<p><span style=\"color: #800000;\"><strong>Dieser Song ist ab dem 25.08.2023 in allen bekannten Onlineshops erh\u00e4ltlich!<\/strong><\/span><\/p>\n<p><span style=\"color: #800000;\"><strong>Airdate (f\u00fcr Radiosender): 28.08.2023<\/strong><\/span><\/p>\n","protected":false},"excerpt":{"rendered":"<p>Frank Andre ist der Sommerhitk\u00f6nig 2023 (ARD &#8211; Immer wieder sonntags) Der Schlagers\u00e4nger Frank Andre hat manchmal das Gef\u00fchl das seine Welt auf dem Kopf steht, denn auch wenn im Leben alles gut l\u00e4uft kommen in ihm immer Zweifel auf, ob all seine Entscheidungen in seinem Leben, die er so trifft, die richtigen sind und es gibt auch Probleme und Anl\u00e4sse wo man nicht die richtigen Worte findet und im Endeffekt geht doch alles gut. Dann gibt es da einen Menschen der zu Dir sagt: \u201eDu denkst zu viel dar\u00fcber nach, es ist alles gut so wie es ist!\u201c Dieser stimmungsvolle Song stammt aus der&#8230;<\/p>\n","protected":false},"author":1,"featured_media":20115,"comment_status":"open","ping_status":"open","sticky":false,"template":"","format":"standard","meta":{"footnotes":""},"categories":[2],"tags":[2065],"class_list":["post-20113","post","type-post","status-publish","format-standard","has-post-thumbnail","hentry","category-schlager","tag-frank-andre","wpcat-2-id"],"_links":{"self":[{"href":"https:\/\/bergers-schlagerparadies.de\/index.php?rest_route=\/wp\/v2\/posts\/20113","targetHints":{"allow":["GET"]}}],"collection":[{"href":"https:\/\/bergers-schlagerparadies.de\/index.php?rest_route=\/wp\/v2\/posts"}],"about":[{"href":"https:\/\/bergers-schlagerparadies.de\/index.php?rest_route=\/wp\/v2\/types\/post"}],"author":[{"embeddable":true,"href":"https:\/\/bergers-schlagerparadies.de\/index.php?rest_route=\/wp\/v2\/users\/1"}],"replies":[{"embeddable":true,"href":"https:\/\/bergers-schlagerparadies.de\/index.php?rest_route=%2Fwp%2Fv2%2Fcomments&post=20113"}],"version-history":[{"count":1,"href":"https:\/\/bergers-schlagerparadies.de\/index.php?rest_route=\/wp\/v2\/posts\/20113\/revisions"}],"predecessor-version":[{"id":20116,"href":"https:\/\/bergers-schlagerparadies.de\/index.php?rest_route=\/wp\/v2\/posts\/20113\/revisions\/20116"}],"wp:featuredmedia":[{"embeddable":true,"href":"https:\/\/bergers-schlagerparadies.de\/index.php?rest_route=\/wp\/v2\/media\/20115"}],"wp:attachment":[{"href":"https:\/\/bergers-schlagerparadies.de\/index.php?rest_route=%2Fwp%2Fv2%2Fmedia&parent=20113"}],"wp:term":[{"taxonomy":"category","embeddable":true,"href":"https:\/\/bergers-schlagerparadies.de\/index.php?rest_route=%2Fwp%2Fv2%2Fcategories&post=20113"},{"taxonomy":"post_tag","embeddable":true,"href":"https:\/\/bergers-schlagerparadies.de\/index.php?rest_route=%2Fwp%2Fv2%2Ftags&post=20113"}],"curies":[{"name":"wp","href":"https:\/\/api.w.org\/{rel}","templated":true}]}}