{"id":20087,"date":"2023-09-04T10:30:19","date_gmt":"2023-09-04T08:30:19","guid":{"rendered":"https:\/\/bergers-schlagerparadies.de\/?p=20087"},"modified":"2023-08-29T21:30:58","modified_gmt":"2023-08-29T19:30:58","slug":"von-gruendorf-nicht-einmal-gewarnt-%c2%b7-bergers-schlagerparadies","status":"publish","type":"post","link":"https:\/\/bergers-schlagerparadies.de\/?p=20087","title":{"rendered":"Von Gr\u00fcndorf &#8211; Nicht einmal gewarnt \u00b7 Berger\u00b4s Schlagerparadies"},"content":{"rendered":"<p><img loading=\"lazy\" decoding=\"async\" class=\"size-medium wp-image-20089 alignleft\" src=\"https:\/\/bergers-schlagerparadies.de\/wp-content\/uploads\/2023\/08\/Von-Gruendorf-Nicht-einmal-gewarnt-300x300.jpg\" alt=\"\" width=\"300\" height=\"300\" srcset=\"https:\/\/bergers-schlagerparadies.de\/wp-content\/uploads\/2023\/08\/Von-Gruendorf-Nicht-einmal-gewarnt-300x300.jpg 300w, https:\/\/bergers-schlagerparadies.de\/wp-content\/uploads\/2023\/08\/Von-Gruendorf-Nicht-einmal-gewarnt-1024x1024.jpg 1024w, https:\/\/bergers-schlagerparadies.de\/wp-content\/uploads\/2023\/08\/Von-Gruendorf-Nicht-einmal-gewarnt-150x150.jpg 150w, https:\/\/bergers-schlagerparadies.de\/wp-content\/uploads\/2023\/08\/Von-Gruendorf-Nicht-einmal-gewarnt-768x768.jpg 768w, https:\/\/bergers-schlagerparadies.de\/wp-content\/uploads\/2023\/08\/Von-Gruendorf-Nicht-einmal-gewarnt-1536x1536.jpg 1536w, https:\/\/bergers-schlagerparadies.de\/wp-content\/uploads\/2023\/08\/Von-Gruendorf-Nicht-einmal-gewarnt-2048x2048.jpg 2048w, https:\/\/bergers-schlagerparadies.de\/wp-content\/uploads\/2023\/08\/Von-Gruendorf-Nicht-einmal-gewarnt-1200x1200.jpg 1200w, https:\/\/bergers-schlagerparadies.de\/wp-content\/uploads\/2023\/08\/Von-Gruendorf-Nicht-einmal-gewarnt-1188x1188.jpg 1188w, https:\/\/bergers-schlagerparadies.de\/wp-content\/uploads\/2023\/08\/Von-Gruendorf-Nicht-einmal-gewarnt-100x100.jpg 100w\" sizes=\"auto, (max-width: 300px) 100vw, 300px\" \/>Eine Stimme, die tief ber\u00fchrt \u2013 Von Gr\u00fcndorf pr\u00e4sentiert seinen neuen Schlagerschatz &#8222;Nicht einmal gewarnt&#8220;.<br \/>\nEr ist nicht nur ein S\u00e4nger, sondern ein wahrer Gentleman mit Charisma, dessen Stimme sich unausl\u00f6schlich im Ged\u00e4chtnis verankert. Von Gr\u00fcndorf tritt mit &#8222;Nicht einmal gewarnt&#8220; eine weitere emotionale Klangreise in die Welt der Liebe und Leidenschaft mit uns an. Nach dem Erfolg von &#8222;Du wirst heut Nacht nicht gehn&#8220; bleibt Von Gr\u00fcndorf seiner musikalischen Passion treu und interpretiert erneut einen tollen Song voller Herz und Hingabe. Mit einer unverwechselbaren Stimme, die tief in die Seelen seiner Zuh\u00f6rer eindringt, und viel B\u00fchnenpr\u00e4senz, ist er zu einer eigenst\u00e4ndigen Marke geworden. Die begeisterte Fangemeinde von Von Gr\u00fcndorf ist l\u00e4ngst \u00fcber die Grenzen \u00d6sterreichs hinausgewachsen. Das Kreativteam von \u201eNicht einmal gewarnt\u201c besteht aus seinem Produzenten Christian Zierhofer und den etablierten Urhebern Franco Ferraro, Martin Isenegger und Thorsten Schmidt. Die TV-Premiere von \u201eNicht einmal gewarnt\u201c ist am Ver\u00f6ffentlichungstag auf Sonnenklar.TV bei der Jan Kunath &amp; Co. Holiday Show \u2013 da hei\u00dft es unbedingt Einschalten. Vermarktung und Vertrieb \u00fcbernehmen Stella Musica aus \u00d6sterreich und Mike\u2018s Music Media (Germany) im Team \u2013 und wir haben euch nicht einmal gewarnt\u2026<\/p>\n<p><span style=\"color: #800000;\"><strong>Quelle: 100 % deutsch<\/strong><\/span><\/p>\n<p><span style=\"color: #800000;\"><strong>Dieser Song ist ab dem 15.09.2023 in allen bekannten Onlineshops erh\u00e4ltlich!<\/strong><\/span><\/p>\n<p><span style=\"color: #800000;\"><strong>Airdate (f\u00fcr Radiosender): 08.09.2023<\/strong><\/span><\/p>\n","protected":false},"excerpt":{"rendered":"<p>Eine Stimme, die tief ber\u00fchrt \u2013 Von Gr\u00fcndorf pr\u00e4sentiert seinen neuen Schlagerschatz &#8222;Nicht einmal gewarnt&#8220;. Er ist nicht nur ein S\u00e4nger, sondern ein wahrer Gentleman mit Charisma, dessen Stimme sich unausl\u00f6schlich im Ged\u00e4chtnis verankert. Von Gr\u00fcndorf tritt mit &#8222;Nicht einmal gewarnt&#8220; eine weitere emotionale Klangreise in die Welt der Liebe und Leidenschaft mit uns an. Nach dem Erfolg von &#8222;Du wirst heut Nacht nicht gehn&#8220; bleibt Von Gr\u00fcndorf seiner musikalischen Passion treu und interpretiert erneut einen tollen Song voller Herz und Hingabe. Mit einer unverwechselbaren Stimme, die tief in die Seelen seiner Zuh\u00f6rer eindringt, und viel B\u00fchnenpr\u00e4senz, ist er zu einer eigenst\u00e4ndigen Marke geworden. Die&#8230;<\/p>\n","protected":false},"author":1,"featured_media":20089,"comment_status":"open","ping_status":"open","sticky":false,"template":"","format":"standard","meta":{"footnotes":""},"categories":[2],"tags":[183],"class_list":["post-20087","post","type-post","status-publish","format-standard","has-post-thumbnail","hentry","category-schlager","tag-von-gruendorf","wpcat-2-id"],"_links":{"self":[{"href":"https:\/\/bergers-schlagerparadies.de\/index.php?rest_route=\/wp\/v2\/posts\/20087","targetHints":{"allow":["GET"]}}],"collection":[{"href":"https:\/\/bergers-schlagerparadies.de\/index.php?rest_route=\/wp\/v2\/posts"}],"about":[{"href":"https:\/\/bergers-schlagerparadies.de\/index.php?rest_route=\/wp\/v2\/types\/post"}],"author":[{"embeddable":true,"href":"https:\/\/bergers-schlagerparadies.de\/index.php?rest_route=\/wp\/v2\/users\/1"}],"replies":[{"embeddable":true,"href":"https:\/\/bergers-schlagerparadies.de\/index.php?rest_route=%2Fwp%2Fv2%2Fcomments&post=20087"}],"version-history":[{"count":1,"href":"https:\/\/bergers-schlagerparadies.de\/index.php?rest_route=\/wp\/v2\/posts\/20087\/revisions"}],"predecessor-version":[{"id":20090,"href":"https:\/\/bergers-schlagerparadies.de\/index.php?rest_route=\/wp\/v2\/posts\/20087\/revisions\/20090"}],"wp:featuredmedia":[{"embeddable":true,"href":"https:\/\/bergers-schlagerparadies.de\/index.php?rest_route=\/wp\/v2\/media\/20089"}],"wp:attachment":[{"href":"https:\/\/bergers-schlagerparadies.de\/index.php?rest_route=%2Fwp%2Fv2%2Fmedia&parent=20087"}],"wp:term":[{"taxonomy":"category","embeddable":true,"href":"https:\/\/bergers-schlagerparadies.de\/index.php?rest_route=%2Fwp%2Fv2%2Fcategories&post=20087"},{"taxonomy":"post_tag","embeddable":true,"href":"https:\/\/bergers-schlagerparadies.de\/index.php?rest_route=%2Fwp%2Fv2%2Ftags&post=20087"}],"curies":[{"name":"wp","href":"https:\/\/api.w.org\/{rel}","templated":true}]}}