{"id":20067,"date":"2023-08-25T14:28:15","date_gmt":"2023-08-25T12:28:15","guid":{"rendered":"https:\/\/bergers-schlagerparadies.de\/?p=20067"},"modified":"2023-08-25T14:28:15","modified_gmt":"2023-08-25T12:28:15","slug":"julian-reim-grau-ii-%c2%b7-bergers-schlagerparadies","status":"publish","type":"post","link":"https:\/\/bergers-schlagerparadies.de\/?p=20067","title":{"rendered":"Julian Reim &#8211; Grau II \u00b7 Berger\u00b4s Schlagerparadies"},"content":{"rendered":"<p><img loading=\"lazy\" decoding=\"async\" class=\"size-medium wp-image-20069 alignleft\" src=\"https:\/\/bergers-schlagerparadies.de\/wp-content\/uploads\/2023\/08\/Julian-Reim-Grau-II-300x300.jpg\" alt=\"\" width=\"300\" height=\"300\" srcset=\"https:\/\/bergers-schlagerparadies.de\/wp-content\/uploads\/2023\/08\/Julian-Reim-Grau-II-300x300.jpg 300w, https:\/\/bergers-schlagerparadies.de\/wp-content\/uploads\/2023\/08\/Julian-Reim-Grau-II-1024x1024.jpg 1024w, https:\/\/bergers-schlagerparadies.de\/wp-content\/uploads\/2023\/08\/Julian-Reim-Grau-II-150x150.jpg 150w, https:\/\/bergers-schlagerparadies.de\/wp-content\/uploads\/2023\/08\/Julian-Reim-Grau-II-768x768.jpg 768w, https:\/\/bergers-schlagerparadies.de\/wp-content\/uploads\/2023\/08\/Julian-Reim-Grau-II-1188x1188.jpg 1188w, https:\/\/bergers-schlagerparadies.de\/wp-content\/uploads\/2023\/08\/Julian-Reim-Grau-II-100x100.jpg 100w, https:\/\/bergers-schlagerparadies.de\/wp-content\/uploads\/2023\/08\/Julian-Reim-Grau-II.jpg 1200w\" sizes=\"auto, (max-width: 300px) 100vw, 300px\" \/>Mit \u201eGrau II\u201c legt Julian Reim die 1.Single nach V\u00d6 seines Top 25-Deb\u00fctalbums \u201eIn meinem Kopf\u201c vor. Seine Musik ist anders: melancholisch, trotzdem frisch, tanzbar &amp; extrem eing\u00e4ngig. Der neue Song kn\u00fcpft an die Deb\u00fct-Hitsingle \u201eGrau\u201c an, handelt von der gleichen Frau &amp; wurde in \u00e4hnlicher Situation geschrieben. Heute jedoch aus einem v\u00f6llig anderen Blickwinkel: Auf \u201eGrau II\u201c verwandelt er seinen Herzschmerz in positive Energie &amp; Trauer in Selbstliebe. Popschlager meets pr\u00e4gnanten Discosound.<\/p>\n<p>&nbsp;<\/p>\n<p><span style=\"color: #800000;\"><strong>Quelle: SMD\/ RCA<\/strong><\/span><\/p>\n<p><span style=\"color: #800000;\"><strong>Dieser Song ist ab dem 25.08.2023 in allen bekannten Onlineshops erh\u00e4ltlich!<\/strong><\/span><\/p>\n<p><span style=\"color: #800000;\"><strong>Airdate (f\u00fcr Radiosender): 25.08.2023<\/strong><\/span><\/p>\n","protected":false},"excerpt":{"rendered":"<p>Mit \u201eGrau II\u201c legt Julian Reim die 1.Single nach V\u00d6 seines Top 25-Deb\u00fctalbums \u201eIn meinem Kopf\u201c vor. Seine Musik ist anders: melancholisch, trotzdem frisch, tanzbar &amp; extrem eing\u00e4ngig. Der neue Song kn\u00fcpft an die Deb\u00fct-Hitsingle \u201eGrau\u201c an, handelt von der gleichen Frau &amp; wurde in \u00e4hnlicher Situation geschrieben. Heute jedoch aus einem v\u00f6llig anderen Blickwinkel: Auf \u201eGrau II\u201c verwandelt er seinen Herzschmerz in positive Energie &amp; Trauer in Selbstliebe. Popschlager meets pr\u00e4gnanten Discosound. &nbsp; Quelle: SMD\/ RCA Dieser Song ist ab dem 25.08.2023 in allen bekannten Onlineshops erh\u00e4ltlich! Airdate (f\u00fcr Radiosender): 25.08.2023<\/p>\n","protected":false},"author":1,"featured_media":20069,"comment_status":"open","ping_status":"open","sticky":false,"template":"","format":"standard","meta":{"footnotes":""},"categories":[2],"tags":[96],"class_list":["post-20067","post","type-post","status-publish","format-standard","has-post-thumbnail","hentry","category-schlager","tag-julian-reim","wpcat-2-id"],"_links":{"self":[{"href":"https:\/\/bergers-schlagerparadies.de\/index.php?rest_route=\/wp\/v2\/posts\/20067","targetHints":{"allow":["GET"]}}],"collection":[{"href":"https:\/\/bergers-schlagerparadies.de\/index.php?rest_route=\/wp\/v2\/posts"}],"about":[{"href":"https:\/\/bergers-schlagerparadies.de\/index.php?rest_route=\/wp\/v2\/types\/post"}],"author":[{"embeddable":true,"href":"https:\/\/bergers-schlagerparadies.de\/index.php?rest_route=\/wp\/v2\/users\/1"}],"replies":[{"embeddable":true,"href":"https:\/\/bergers-schlagerparadies.de\/index.php?rest_route=%2Fwp%2Fv2%2Fcomments&post=20067"}],"version-history":[{"count":1,"href":"https:\/\/bergers-schlagerparadies.de\/index.php?rest_route=\/wp\/v2\/posts\/20067\/revisions"}],"predecessor-version":[{"id":20070,"href":"https:\/\/bergers-schlagerparadies.de\/index.php?rest_route=\/wp\/v2\/posts\/20067\/revisions\/20070"}],"wp:featuredmedia":[{"embeddable":true,"href":"https:\/\/bergers-schlagerparadies.de\/index.php?rest_route=\/wp\/v2\/media\/20069"}],"wp:attachment":[{"href":"https:\/\/bergers-schlagerparadies.de\/index.php?rest_route=%2Fwp%2Fv2%2Fmedia&parent=20067"}],"wp:term":[{"taxonomy":"category","embeddable":true,"href":"https:\/\/bergers-schlagerparadies.de\/index.php?rest_route=%2Fwp%2Fv2%2Fcategories&post=20067"},{"taxonomy":"post_tag","embeddable":true,"href":"https:\/\/bergers-schlagerparadies.de\/index.php?rest_route=%2Fwp%2Fv2%2Ftags&post=20067"}],"curies":[{"name":"wp","href":"https:\/\/api.w.org\/{rel}","templated":true}]}}