{"id":19874,"date":"2023-08-21T10:30:18","date_gmt":"2023-08-21T08:30:18","guid":{"rendered":"https:\/\/bergers-schlagerparadies.de\/?p=19874"},"modified":"2023-08-17T20:50:21","modified_gmt":"2023-08-17T18:50:21","slug":"soehne-mannheims-hauptgewinn-feat-clara-louise-%c2%b7-bergers-schlagerparadies","status":"publish","type":"post","link":"https:\/\/bergers-schlagerparadies.de\/?p=19874","title":{"rendered":"S\u00f6hne Mannheims &#8211; Hauptgewinn (feat. Clara Louise) \u00b7 Berger\u00b4s Schlagerparadies"},"content":{"rendered":"<p><img loading=\"lazy\" decoding=\"async\" class=\"size-medium wp-image-19876 alignleft\" src=\"https:\/\/bergers-schlagerparadies.de\/wp-content\/uploads\/2023\/08\/Soehne-Mannheims-Hauptgewinn-feat.-Clara-Louise-300x300.jpg\" alt=\"\" width=\"300\" height=\"300\" srcset=\"https:\/\/bergers-schlagerparadies.de\/wp-content\/uploads\/2023\/08\/Soehne-Mannheims-Hauptgewinn-feat.-Clara-Louise-300x300.jpg 300w, https:\/\/bergers-schlagerparadies.de\/wp-content\/uploads\/2023\/08\/Soehne-Mannheims-Hauptgewinn-feat.-Clara-Louise-1024x1024.jpg 1024w, https:\/\/bergers-schlagerparadies.de\/wp-content\/uploads\/2023\/08\/Soehne-Mannheims-Hauptgewinn-feat.-Clara-Louise-150x150.jpg 150w, https:\/\/bergers-schlagerparadies.de\/wp-content\/uploads\/2023\/08\/Soehne-Mannheims-Hauptgewinn-feat.-Clara-Louise-768x768.jpg 768w, https:\/\/bergers-schlagerparadies.de\/wp-content\/uploads\/2023\/08\/Soehne-Mannheims-Hauptgewinn-feat.-Clara-Louise-1536x1536.jpg 1536w, https:\/\/bergers-schlagerparadies.de\/wp-content\/uploads\/2023\/08\/Soehne-Mannheims-Hauptgewinn-feat.-Clara-Louise-2048x2048.jpg 2048w, https:\/\/bergers-schlagerparadies.de\/wp-content\/uploads\/2023\/08\/Soehne-Mannheims-Hauptgewinn-feat.-Clara-Louise-1200x1200.jpg 1200w, https:\/\/bergers-schlagerparadies.de\/wp-content\/uploads\/2023\/08\/Soehne-Mannheims-Hauptgewinn-feat.-Clara-Louise-1188x1188.jpg 1188w, https:\/\/bergers-schlagerparadies.de\/wp-content\/uploads\/2023\/08\/Soehne-Mannheims-Hauptgewinn-feat.-Clara-Louise-100x100.jpg 100w\" sizes=\"auto, (max-width: 300px) 100vw, 300px\" \/>Der Sommer-Lovesong des Jahres kommt von den S\u00f6hnen Mannheims \u2013<br \/>\nund feiert vom 24. bis 30. August seine TV-Premiere: im \u201eBachelorette\u201c-Finale bei RTL.<br \/>\nDie Single &#8222;Hauptgewinn (feat. Clara Louise)&#8220; (V\u00d6\/Airdate: 23.08.) ist ein Novum in der 28-j\u00e4hrigen Geschichte der<br \/>\nS\u00f6hne. Erstmals ist die Band um eine Frauenstimme erweitert: Die in \u00d6sterreich lebende S\u00e4ngerin, Songschreiberin und<br \/>\nPoetin Clara Louise verbindet Musik mit Lyrik, Tiefgang mit Hoffnung und Lebendigkeit mit<br \/>\nMelancholie. Das passt zu den S\u00f6hnen Mannheims &#8211; und im Song entsteht eine magische musikalische<br \/>\nDreierbeziehung zwischen ihr und den Stimmen der S\u00f6hne-S\u00e4nger Dominic Sanz (Ex-Voice of Germany) und Michael Klimas, der den Song in seinem Wiener Studio produziert hat. &#8222;Hauptgewinn (feat. Clara Louise)&#8220; ist die letzte Single-Auskopplung, bevor am 15. September 2023 &#8222;Kompass&#8220; erscheint \u2013 das erste S\u00f6hne-Studioalbum seit sechs Jahren und das erste seit<br \/>\ndem Ausstieg von Xavier Naidoo im Jahr 2017.<\/p>\n<p><span style=\"color: #800000;\"><strong>Quelle: S\u00f6hne Mannheims GmbH<\/strong><\/span><\/p>\n<p><span style=\"color: #800000;\"><strong>Dieser Song ist ab dem 23.08.2023 in allen bekannten Onlineshops erh\u00e4ltlich!<\/strong><\/span><\/p>\n<p><span style=\"color: #800000;\"><strong>Airdate (f\u00fcr Radiosender): 23.08.2023<\/strong><\/span><\/p>\n","protected":false},"excerpt":{"rendered":"<p>Der Sommer-Lovesong des Jahres kommt von den S\u00f6hnen Mannheims \u2013 und feiert vom 24. bis 30. August seine TV-Premiere: im \u201eBachelorette\u201c-Finale bei RTL. Die Single &#8222;Hauptgewinn (feat. Clara Louise)&#8220; (V\u00d6\/Airdate: 23.08.) ist ein Novum in der 28-j\u00e4hrigen Geschichte der S\u00f6hne. Erstmals ist die Band um eine Frauenstimme erweitert: Die in \u00d6sterreich lebende S\u00e4ngerin, Songschreiberin und Poetin Clara Louise verbindet Musik mit Lyrik, Tiefgang mit Hoffnung und Lebendigkeit mit Melancholie. Das passt zu den S\u00f6hnen Mannheims &#8211; und im Song entsteht eine magische musikalische Dreierbeziehung zwischen ihr und den Stimmen der S\u00f6hne-S\u00e4nger Dominic Sanz (Ex-Voice of Germany) und Michael Klimas, der den Song in seinem Wiener&#8230;<\/p>\n","protected":false},"author":1,"featured_media":19876,"comment_status":"open","ping_status":"open","sticky":false,"template":"","format":"standard","meta":{"footnotes":""},"categories":[2],"tags":[1040],"class_list":["post-19874","post","type-post","status-publish","format-standard","has-post-thumbnail","hentry","category-schlager","tag-soehne-mannheims","wpcat-2-id"],"_links":{"self":[{"href":"https:\/\/bergers-schlagerparadies.de\/index.php?rest_route=\/wp\/v2\/posts\/19874","targetHints":{"allow":["GET"]}}],"collection":[{"href":"https:\/\/bergers-schlagerparadies.de\/index.php?rest_route=\/wp\/v2\/posts"}],"about":[{"href":"https:\/\/bergers-schlagerparadies.de\/index.php?rest_route=\/wp\/v2\/types\/post"}],"author":[{"embeddable":true,"href":"https:\/\/bergers-schlagerparadies.de\/index.php?rest_route=\/wp\/v2\/users\/1"}],"replies":[{"embeddable":true,"href":"https:\/\/bergers-schlagerparadies.de\/index.php?rest_route=%2Fwp%2Fv2%2Fcomments&post=19874"}],"version-history":[{"count":2,"href":"https:\/\/bergers-schlagerparadies.de\/index.php?rest_route=\/wp\/v2\/posts\/19874\/revisions"}],"predecessor-version":[{"id":19878,"href":"https:\/\/bergers-schlagerparadies.de\/index.php?rest_route=\/wp\/v2\/posts\/19874\/revisions\/19878"}],"wp:featuredmedia":[{"embeddable":true,"href":"https:\/\/bergers-schlagerparadies.de\/index.php?rest_route=\/wp\/v2\/media\/19876"}],"wp:attachment":[{"href":"https:\/\/bergers-schlagerparadies.de\/index.php?rest_route=%2Fwp%2Fv2%2Fmedia&parent=19874"}],"wp:term":[{"taxonomy":"category","embeddable":true,"href":"https:\/\/bergers-schlagerparadies.de\/index.php?rest_route=%2Fwp%2Fv2%2Fcategories&post=19874"},{"taxonomy":"post_tag","embeddable":true,"href":"https:\/\/bergers-schlagerparadies.de\/index.php?rest_route=%2Fwp%2Fv2%2Ftags&post=19874"}],"curies":[{"name":"wp","href":"https:\/\/api.w.org\/{rel}","templated":true}]}}