{"id":19747,"date":"2023-08-11T10:56:19","date_gmt":"2023-08-11T08:56:19","guid":{"rendered":"https:\/\/bergers-schlagerparadies.de\/?p=19747"},"modified":"2023-08-11T10:56:19","modified_gmt":"2023-08-11T08:56:19","slug":"gottfried-wuercher-wirst-du-mich-lieben-%c2%b7-bergers-schlagerparadies","status":"publish","type":"post","link":"https:\/\/bergers-schlagerparadies.de\/?p=19747","title":{"rendered":"Gottfried W\u00fcrcher &#8211; Wirst du mich lieben \u00b7 Berger\u00b4s Schlagerparadies"},"content":{"rendered":"<p><img loading=\"lazy\" decoding=\"async\" class=\"size-medium wp-image-19749 alignleft\" src=\"https:\/\/bergers-schlagerparadies.de\/wp-content\/uploads\/2023\/08\/Gottfried-Wuercher-Wirst-du-mich-lieben-300x300.jpg\" alt=\"\" width=\"300\" height=\"300\" srcset=\"https:\/\/bergers-schlagerparadies.de\/wp-content\/uploads\/2023\/08\/Gottfried-Wuercher-Wirst-du-mich-lieben-300x300.jpg 300w, https:\/\/bergers-schlagerparadies.de\/wp-content\/uploads\/2023\/08\/Gottfried-Wuercher-Wirst-du-mich-lieben-1024x1024.jpg 1024w, https:\/\/bergers-schlagerparadies.de\/wp-content\/uploads\/2023\/08\/Gottfried-Wuercher-Wirst-du-mich-lieben-150x150.jpg 150w, https:\/\/bergers-schlagerparadies.de\/wp-content\/uploads\/2023\/08\/Gottfried-Wuercher-Wirst-du-mich-lieben-768x768.jpg 768w, https:\/\/bergers-schlagerparadies.de\/wp-content\/uploads\/2023\/08\/Gottfried-Wuercher-Wirst-du-mich-lieben-1188x1188.jpg 1188w, https:\/\/bergers-schlagerparadies.de\/wp-content\/uploads\/2023\/08\/Gottfried-Wuercher-Wirst-du-mich-lieben-100x100.jpg 100w, https:\/\/bergers-schlagerparadies.de\/wp-content\/uploads\/2023\/08\/Gottfried-Wuercher-Wirst-du-mich-lieben.jpg 1200w\" sizes=\"auto, (max-width: 300px) 100vw, 300px\" \/>Gottfried \u201eFriedl\u201c W\u00fcrcher &#8211; \u201eWirst du mich lieben?\u201c<\/p>\n<p>Gottfried \u201eFriedl\u201c W\u00fcrcher is back. Diesmal nicht mit einem neuen Nockis-Album, sondern mit einer CD, die man durchaus als \u201eKindheitstraum\u201c bezeichnen kann. Nach durchlittener Krankheit ist Friedl W\u00fcrcher wieder fit und voller Tatendrang. Und wie es so ist, wenn einem die Gesundheit einen rechten Haken verpasst, besinnt man sich auf Wesentliches, in diesem Fall, auf Friedls lebenslange Liebe zur Countrymusik. Das am 15. September erscheinende Solo-Album \u201eEin bisschen Cowboy\u201c ist die Erf\u00fcllung seines<br \/>\n\u201eausto-american\u201c Dreams und wie man beim Reinh\u00f6ren schnell feststellt, ein einzigartiges Album im Country- und Schlagerfeeling.<\/p>\n<p>Friedl W\u00fccher dazu: \u201eCountry Musik war f\u00fcr mich immer der Traum von grenzenloser Freiheit. Ich tr\u00e4umte mich beim H\u00f6ren auf ein Motorrad oder in ein cooles Auto, das ich damals genau so wenig hatte, wie eine CD mit eigenen Songs im Country Style. Es reifte der Traum in mir \u2013 irgendwann machst du eine Produktion mit genau dieser Art von Musik. Nennen wir es einen Herzenswunsch, denn ein bisschen Cowboy steckt in jedem Mann.\u201c<\/p>\n<p>Die Singleauskopplung \u201eWirst du mich lieben?\u201c ist der erste Vorbote aus \u201eEin bisschen Cowboy\u201c. Der Song hat dieses typische, raue Live-Feeling der wirklich guten Countrysongs, Gitarren aller Art und der lockere Drumgroove bestimmen den Sound. Der Song vermittelt so ein Gef\u00fchl von Romantik, Liebe und easy living. Wobei die Lyrics durchaus Tiefgang haben und ehrliche Fragen nach der wahren Liebe stellen, danach, ob die Liebe auch in schlechten Zeiten h\u00e4lt, ob man dem Partner zu jeder Zeit vertrauen kann. Es geht grundlegend um \u201ein guten wie in schlechten Zeiten\u201c.<\/p>\n<p>\u201eWirst du mich lieben?\u201c ist ein ehrliches Lied, ganz aus dem wahren Leben &#8211; wie man es von Friedl W\u00fcrcher gewohnt ist.<\/p>\n<p>Gottfried \u201eFriedl\u201c W\u00fcrcher<br \/>\nDie Single \u201eWirst du mich lieben\u201c ist im MPN abgelegt und kann dort abgeh\u00f6rt und runtergeladen werden. Musik: Gottfried W\u00fcrcher \u2022 Text: Peter Wessely, Gaby Wessely \u2022 Verlag: Cloud Seven<\/p>\n<p><span style=\"color: #800000;\"><strong>Quelle: ELE\/ Electrola<\/strong><\/span><\/p>\n<p><span style=\"color: #800000;\"><strong>Dieser Song ist ab dem 11.08.2023 in allen bekannten Onlineshops erh\u00e4ltlich!<\/strong><\/span><\/p>\n<p><span style=\"color: #800000;\"><strong>Airdate (f\u00fcr Radiosender): 11.08.2023<\/strong><\/span><\/p>\n","protected":false},"excerpt":{"rendered":"<p>Gottfried \u201eFriedl\u201c W\u00fcrcher &#8211; \u201eWirst du mich lieben?\u201c Gottfried \u201eFriedl\u201c W\u00fcrcher is back. Diesmal nicht mit einem neuen Nockis-Album, sondern mit einer CD, die man durchaus als \u201eKindheitstraum\u201c bezeichnen kann. Nach durchlittener Krankheit ist Friedl W\u00fcrcher wieder fit und voller Tatendrang. Und wie es so ist, wenn einem die Gesundheit einen rechten Haken verpasst, besinnt man sich auf Wesentliches, in diesem Fall, auf Friedls lebenslange Liebe zur Countrymusik. Das am 15. September erscheinende Solo-Album \u201eEin bisschen Cowboy\u201c ist die Erf\u00fcllung seines \u201eausto-american\u201c Dreams und wie man beim Reinh\u00f6ren schnell feststellt, ein einzigartiges Album im Country- und Schlagerfeeling. Friedl W\u00fccher dazu: \u201eCountry Musik war f\u00fcr mich&#8230;<\/p>\n","protected":false},"author":1,"featured_media":19749,"comment_status":"open","ping_status":"open","sticky":false,"template":"","format":"standard","meta":{"footnotes":""},"categories":[2],"tags":[2019],"class_list":["post-19747","post","type-post","status-publish","format-standard","has-post-thumbnail","hentry","category-schlager","tag-gottfried-wuercher","wpcat-2-id"],"_links":{"self":[{"href":"https:\/\/bergers-schlagerparadies.de\/index.php?rest_route=\/wp\/v2\/posts\/19747","targetHints":{"allow":["GET"]}}],"collection":[{"href":"https:\/\/bergers-schlagerparadies.de\/index.php?rest_route=\/wp\/v2\/posts"}],"about":[{"href":"https:\/\/bergers-schlagerparadies.de\/index.php?rest_route=\/wp\/v2\/types\/post"}],"author":[{"embeddable":true,"href":"https:\/\/bergers-schlagerparadies.de\/index.php?rest_route=\/wp\/v2\/users\/1"}],"replies":[{"embeddable":true,"href":"https:\/\/bergers-schlagerparadies.de\/index.php?rest_route=%2Fwp%2Fv2%2Fcomments&post=19747"}],"version-history":[{"count":1,"href":"https:\/\/bergers-schlagerparadies.de\/index.php?rest_route=\/wp\/v2\/posts\/19747\/revisions"}],"predecessor-version":[{"id":19750,"href":"https:\/\/bergers-schlagerparadies.de\/index.php?rest_route=\/wp\/v2\/posts\/19747\/revisions\/19750"}],"wp:featuredmedia":[{"embeddable":true,"href":"https:\/\/bergers-schlagerparadies.de\/index.php?rest_route=\/wp\/v2\/media\/19749"}],"wp:attachment":[{"href":"https:\/\/bergers-schlagerparadies.de\/index.php?rest_route=%2Fwp%2Fv2%2Fmedia&parent=19747"}],"wp:term":[{"taxonomy":"category","embeddable":true,"href":"https:\/\/bergers-schlagerparadies.de\/index.php?rest_route=%2Fwp%2Fv2%2Fcategories&post=19747"},{"taxonomy":"post_tag","embeddable":true,"href":"https:\/\/bergers-schlagerparadies.de\/index.php?rest_route=%2Fwp%2Fv2%2Ftags&post=19747"}],"curies":[{"name":"wp","href":"https:\/\/api.w.org\/{rel}","templated":true}]}}