{"id":19476,"date":"2023-07-28T11:00:10","date_gmt":"2023-07-28T09:00:10","guid":{"rendered":"https:\/\/bergers-schlagerparadies.de\/?p=19476"},"modified":"2023-07-28T11:00:10","modified_gmt":"2023-07-28T09:00:10","slug":"sebastian-von-mletzko-und-ploetzlich-ist-es-fuer-immer-%c2%b7-bergers-schlagerparadies","status":"publish","type":"post","link":"https:\/\/bergers-schlagerparadies.de\/?p=19476","title":{"rendered":"Sebastian von Mletzko &#8211; Und pl\u00f6tzlich ist es f\u00fcr immer \u00b7 Berger\u00b4s Schlagerparadies"},"content":{"rendered":"<p><img loading=\"lazy\" decoding=\"async\" class=\"size-medium wp-image-19478 alignleft\" src=\"https:\/\/bergers-schlagerparadies.de\/wp-content\/uploads\/2023\/07\/Sebastian-von-Mletzko-Und-ploetzlich-ist-es-fuer-immer-300x300.jpg\" alt=\"\" width=\"300\" height=\"300\" srcset=\"https:\/\/bergers-schlagerparadies.de\/wp-content\/uploads\/2023\/07\/Sebastian-von-Mletzko-Und-ploetzlich-ist-es-fuer-immer-300x300.jpg 300w, https:\/\/bergers-schlagerparadies.de\/wp-content\/uploads\/2023\/07\/Sebastian-von-Mletzko-Und-ploetzlich-ist-es-fuer-immer-1024x1024.jpg 1024w, https:\/\/bergers-schlagerparadies.de\/wp-content\/uploads\/2023\/07\/Sebastian-von-Mletzko-Und-ploetzlich-ist-es-fuer-immer-150x150.jpg 150w, https:\/\/bergers-schlagerparadies.de\/wp-content\/uploads\/2023\/07\/Sebastian-von-Mletzko-Und-ploetzlich-ist-es-fuer-immer-768x768.jpg 768w, https:\/\/bergers-schlagerparadies.de\/wp-content\/uploads\/2023\/07\/Sebastian-von-Mletzko-Und-ploetzlich-ist-es-fuer-immer-1536x1536.jpg 1536w, https:\/\/bergers-schlagerparadies.de\/wp-content\/uploads\/2023\/07\/Sebastian-von-Mletzko-Und-ploetzlich-ist-es-fuer-immer-2048x2048.jpg 2048w, https:\/\/bergers-schlagerparadies.de\/wp-content\/uploads\/2023\/07\/Sebastian-von-Mletzko-Und-ploetzlich-ist-es-fuer-immer-1200x1200.jpg 1200w, https:\/\/bergers-schlagerparadies.de\/wp-content\/uploads\/2023\/07\/Sebastian-von-Mletzko-Und-ploetzlich-ist-es-fuer-immer-1188x1188.jpg 1188w, https:\/\/bergers-schlagerparadies.de\/wp-content\/uploads\/2023\/07\/Sebastian-von-Mletzko-Und-ploetzlich-ist-es-fuer-immer-100x100.jpg 100w\" sizes=\"auto, (max-width: 300px) 100vw, 300px\" \/>Sebastian von Mletzko \u2013 Und pl\u00f6tzlich ist es f\u00fcr immer<br \/>\nNach den erfolgreichen Platzierungen der letzten Songs \u201eLeider Geil\u201c und \u201eMorgen h\u00f6r ich auf \u2026\u201c<br \/>\nin den deutschen AirPlay Charts, m\u00f6chte Sebastian mit seinem neuen Song<br \/>\n\u201eUnd pl\u00f6tzlich ist es f\u00fcr immer\u201c nahtlos an diese Erfolge ankn\u00fcpfen.<\/p>\n<p>Nach dem Herzschmerz der letzten Single ,,Morgen h\u00f6r ich auf\u2026(an dich zu denken)\u201c,<br \/>\nhei\u00dft es nun in der Liebe ,,Und pl\u00f6tzlich ist es f\u00fcr immer\u201c.<\/p>\n<p>Sebastian stellte bei seinen zahlreichen Auftritten fest, dass sein Publikum diesen Titel liebt und entschloss sich die Gelegenheit zu nutzen und diesen Track im Studio aufzunehmen.<\/p>\n<p>,,Und pl\u00f6tzlich ist es f\u00fcr immer\u201c &#8211; Ein Song mit absoluten Ohrwurmcharakter.<br \/>\nHens Hensen, der unter anderem auch f\u00fcr Stars wie Thomas Anders, Semino Rossi, Beatrice Egli u.v.m. produziert, stand auch f\u00fcr \u201eUnd pl\u00f6tzlich ist es f\u00fcr immer\u201c an den Reglern und verleiht damit auch diesem Titel seine \u201ebesondere Note\u201c.<\/p>\n<p>,,Und pl\u00f6tzlich ist es f\u00fcr immer\u201c l\u00e4dt einfach zum Mitsingen und Tanzen ein.<br \/>\nAb 28.07.2023 in allen relevanten Online-Portalen.<\/p>\n<p><span style=\"color: #800000;\"><strong>Quelle: Monopol Records<\/strong><\/span><\/p>\n<p><span style=\"color: #800000;\"><strong>Dieser Song ist ab dem 28.07.2023 in allen bekannten Onlineshops erh\u00e4ltlich!<\/strong><\/span><\/p>\n<p><span style=\"color: #800000;\"><strong>Airdate (f\u00fcr Radiosender): 28.07.2023<\/strong><\/span><\/p>\n","protected":false},"excerpt":{"rendered":"<p>Sebastian von Mletzko \u2013 Und pl\u00f6tzlich ist es f\u00fcr immer Nach den erfolgreichen Platzierungen der letzten Songs \u201eLeider Geil\u201c und \u201eMorgen h\u00f6r ich auf \u2026\u201c in den deutschen AirPlay Charts, m\u00f6chte Sebastian mit seinem neuen Song \u201eUnd pl\u00f6tzlich ist es f\u00fcr immer\u201c nahtlos an diese Erfolge ankn\u00fcpfen. Nach dem Herzschmerz der letzten Single ,,Morgen h\u00f6r ich auf\u2026(an dich zu denken)\u201c, hei\u00dft es nun in der Liebe ,,Und pl\u00f6tzlich ist es f\u00fcr immer\u201c. Sebastian stellte bei seinen zahlreichen Auftritten fest, dass sein Publikum diesen Titel liebt und entschloss sich die Gelegenheit zu nutzen und diesen Track im Studio aufzunehmen. ,,Und pl\u00f6tzlich ist es f\u00fcr immer\u201c &#8211;&#8230;<\/p>\n","protected":false},"author":1,"featured_media":19478,"comment_status":"open","ping_status":"open","sticky":false,"template":"","format":"standard","meta":{"footnotes":""},"categories":[2],"tags":[469],"class_list":["post-19476","post","type-post","status-publish","format-standard","has-post-thumbnail","hentry","category-schlager","tag-sebastian-von-mletzko","wpcat-2-id"],"_links":{"self":[{"href":"https:\/\/bergers-schlagerparadies.de\/index.php?rest_route=\/wp\/v2\/posts\/19476","targetHints":{"allow":["GET"]}}],"collection":[{"href":"https:\/\/bergers-schlagerparadies.de\/index.php?rest_route=\/wp\/v2\/posts"}],"about":[{"href":"https:\/\/bergers-schlagerparadies.de\/index.php?rest_route=\/wp\/v2\/types\/post"}],"author":[{"embeddable":true,"href":"https:\/\/bergers-schlagerparadies.de\/index.php?rest_route=\/wp\/v2\/users\/1"}],"replies":[{"embeddable":true,"href":"https:\/\/bergers-schlagerparadies.de\/index.php?rest_route=%2Fwp%2Fv2%2Fcomments&post=19476"}],"version-history":[{"count":1,"href":"https:\/\/bergers-schlagerparadies.de\/index.php?rest_route=\/wp\/v2\/posts\/19476\/revisions"}],"predecessor-version":[{"id":19479,"href":"https:\/\/bergers-schlagerparadies.de\/index.php?rest_route=\/wp\/v2\/posts\/19476\/revisions\/19479"}],"wp:featuredmedia":[{"embeddable":true,"href":"https:\/\/bergers-schlagerparadies.de\/index.php?rest_route=\/wp\/v2\/media\/19478"}],"wp:attachment":[{"href":"https:\/\/bergers-schlagerparadies.de\/index.php?rest_route=%2Fwp%2Fv2%2Fmedia&parent=19476"}],"wp:term":[{"taxonomy":"category","embeddable":true,"href":"https:\/\/bergers-schlagerparadies.de\/index.php?rest_route=%2Fwp%2Fv2%2Fcategories&post=19476"},{"taxonomy":"post_tag","embeddable":true,"href":"https:\/\/bergers-schlagerparadies.de\/index.php?rest_route=%2Fwp%2Fv2%2Ftags&post=19476"}],"curies":[{"name":"wp","href":"https:\/\/api.w.org\/{rel}","templated":true}]}}