{"id":19435,"date":"2023-07-04T10:30:52","date_gmt":"2023-07-04T08:30:52","guid":{"rendered":"https:\/\/bergers-schlagerparadies.de\/?p=19435"},"modified":"2023-08-04T12:58:57","modified_gmt":"2023-08-04T10:58:57","slug":"sebastian-wurth-die-besten-tage-%c2%b7-bergers-schlagerparadies","status":"publish","type":"post","link":"https:\/\/bergers-schlagerparadies.de\/?p=19435","title":{"rendered":"Sebastian Wurth &#8211; Die besten Tage \u00b7 Berger\u00b4s Schlagerparadies"},"content":{"rendered":"<p><img loading=\"lazy\" decoding=\"async\" class=\"size-medium wp-image-19437 alignleft\" src=\"https:\/\/bergers-schlagerparadies.de\/wp-content\/uploads\/2023\/07\/Sebastian-Wurth-Die-besten-Tage-300x300.jpg\" alt=\"\" width=\"300\" height=\"300\" srcset=\"https:\/\/bergers-schlagerparadies.de\/wp-content\/uploads\/2023\/07\/Sebastian-Wurth-Die-besten-Tage-300x300.jpg 300w, https:\/\/bergers-schlagerparadies.de\/wp-content\/uploads\/2023\/07\/Sebastian-Wurth-Die-besten-Tage-1024x1024.jpg 1024w, https:\/\/bergers-schlagerparadies.de\/wp-content\/uploads\/2023\/07\/Sebastian-Wurth-Die-besten-Tage-150x150.jpg 150w, https:\/\/bergers-schlagerparadies.de\/wp-content\/uploads\/2023\/07\/Sebastian-Wurth-Die-besten-Tage-768x768.jpg 768w, https:\/\/bergers-schlagerparadies.de\/wp-content\/uploads\/2023\/07\/Sebastian-Wurth-Die-besten-Tage-1188x1188.jpg 1188w, https:\/\/bergers-schlagerparadies.de\/wp-content\/uploads\/2023\/07\/Sebastian-Wurth-Die-besten-Tage-100x100.jpg 100w, https:\/\/bergers-schlagerparadies.de\/wp-content\/uploads\/2023\/07\/Sebastian-Wurth-Die-besten-Tage.jpg 1200w\" sizes=\"auto, (max-width: 300px) 100vw, 300px\" \/>Sebastian Wurth steht mit seiner neuen Single Die besten Tage in den Startl\u00f6chern und die passt perfekt in den Sommer und die Festivalsaison. Im Song geht es darum, dass man sich im Leben manchmal verfahren muss um auf den richtigen Weg zu kommen.<\/p>\n<p>Geschrieben mit Kurt Stolle und Damian Ketteler &#8211; produziert von ecci &amp; jones, die u.a. f\u00fcr die j\u00fcngsten Hits von KAMRAD verantwortlich sind.<\/p>\n<p>F\u00fcr den Winter ist die Ver\u00f6ffentlichung der ersten EP geplant, die zweite Clubtour wird im Fr\u00fchjahr folgen.<\/p>\n<p><span style=\"color: #800000;\"><strong>Quelle: BMG RIGHTS MANAGEMENT<\/strong><\/span><\/p>\n<p><span style=\"color: #800000;\"><strong>Dieser Song ist ab dem 04.08.2023 in allen bekannten Onlineshops erh\u00e4ltlich!<\/strong><\/span><\/p>\n<p><span style=\"color: #800000;\"><strong>Airdate (f\u00fcr Radiosender): 04.08.2023<\/strong><\/span><\/p>\n","protected":false},"excerpt":{"rendered":"<p>Sebastian Wurth steht mit seiner neuen Single Die besten Tage in den Startl\u00f6chern und die passt perfekt in den Sommer und die Festivalsaison. Im Song geht es darum, dass man sich im Leben manchmal verfahren muss um auf den richtigen Weg zu kommen. Geschrieben mit Kurt Stolle und Damian Ketteler &#8211; produziert von ecci &amp; jones, die u.a. f\u00fcr die j\u00fcngsten Hits von KAMRAD verantwortlich sind. F\u00fcr den Winter ist die Ver\u00f6ffentlichung der ersten EP geplant, die zweite Clubtour wird im Fr\u00fchjahr folgen. Quelle: BMG RIGHTS MANAGEMENT Dieser Song ist ab dem 04.08.2023 in allen bekannten Onlineshops erh\u00e4ltlich! Airdate (f\u00fcr Radiosender): 04.08.2023<\/p>\n","protected":false},"author":1,"featured_media":19437,"comment_status":"open","ping_status":"open","sticky":false,"template":"","format":"standard","meta":{"footnotes":""},"categories":[2],"tags":[1983],"class_list":["post-19435","post","type-post","status-publish","format-standard","has-post-thumbnail","hentry","category-schlager","tag-sebastian-wurth","wpcat-2-id"],"_links":{"self":[{"href":"https:\/\/bergers-schlagerparadies.de\/index.php?rest_route=\/wp\/v2\/posts\/19435","targetHints":{"allow":["GET"]}}],"collection":[{"href":"https:\/\/bergers-schlagerparadies.de\/index.php?rest_route=\/wp\/v2\/posts"}],"about":[{"href":"https:\/\/bergers-schlagerparadies.de\/index.php?rest_route=\/wp\/v2\/types\/post"}],"author":[{"embeddable":true,"href":"https:\/\/bergers-schlagerparadies.de\/index.php?rest_route=\/wp\/v2\/users\/1"}],"replies":[{"embeddable":true,"href":"https:\/\/bergers-schlagerparadies.de\/index.php?rest_route=%2Fwp%2Fv2%2Fcomments&post=19435"}],"version-history":[{"count":1,"href":"https:\/\/bergers-schlagerparadies.de\/index.php?rest_route=\/wp\/v2\/posts\/19435\/revisions"}],"predecessor-version":[{"id":19438,"href":"https:\/\/bergers-schlagerparadies.de\/index.php?rest_route=\/wp\/v2\/posts\/19435\/revisions\/19438"}],"wp:featuredmedia":[{"embeddable":true,"href":"https:\/\/bergers-schlagerparadies.de\/index.php?rest_route=\/wp\/v2\/media\/19437"}],"wp:attachment":[{"href":"https:\/\/bergers-schlagerparadies.de\/index.php?rest_route=%2Fwp%2Fv2%2Fmedia&parent=19435"}],"wp:term":[{"taxonomy":"category","embeddable":true,"href":"https:\/\/bergers-schlagerparadies.de\/index.php?rest_route=%2Fwp%2Fv2%2Fcategories&post=19435"},{"taxonomy":"post_tag","embeddable":true,"href":"https:\/\/bergers-schlagerparadies.de\/index.php?rest_route=%2Fwp%2Fv2%2Ftags&post=19435"}],"curies":[{"name":"wp","href":"https:\/\/api.w.org\/{rel}","templated":true}]}}