{"id":19295,"date":"2023-07-21T12:02:05","date_gmt":"2023-07-21T10:02:05","guid":{"rendered":"https:\/\/bergers-schlagerparadies.de\/?p=19295"},"modified":"2023-07-21T12:02:05","modified_gmt":"2023-07-21T10:02:05","slug":"madlen-rausch-womit-hab-ich-dich-verdient-%c2%b7-bergers-schlagerparadies","status":"publish","type":"post","link":"https:\/\/bergers-schlagerparadies.de\/?p=19295","title":{"rendered":"Madlen Rausch &#8211; Womit hab ich dich verdient \u00b7 Berger\u00b4s Schlagerparadies"},"content":{"rendered":"<p><img loading=\"lazy\" decoding=\"async\" class=\"size-medium wp-image-19297 alignleft\" src=\"https:\/\/bergers-schlagerparadies.de\/wp-content\/uploads\/2023\/07\/Madlen-Rausch-Womit-hab-ich-dich-verdient-300x300.jpg\" alt=\"\" width=\"300\" height=\"300\" srcset=\"https:\/\/bergers-schlagerparadies.de\/wp-content\/uploads\/2023\/07\/Madlen-Rausch-Womit-hab-ich-dich-verdient-300x300.jpg 300w, https:\/\/bergers-schlagerparadies.de\/wp-content\/uploads\/2023\/07\/Madlen-Rausch-Womit-hab-ich-dich-verdient-1024x1024.jpg 1024w, https:\/\/bergers-schlagerparadies.de\/wp-content\/uploads\/2023\/07\/Madlen-Rausch-Womit-hab-ich-dich-verdient-150x150.jpg 150w, https:\/\/bergers-schlagerparadies.de\/wp-content\/uploads\/2023\/07\/Madlen-Rausch-Womit-hab-ich-dich-verdient-768x768.jpg 768w, https:\/\/bergers-schlagerparadies.de\/wp-content\/uploads\/2023\/07\/Madlen-Rausch-Womit-hab-ich-dich-verdient-1536x1536.jpg 1536w, https:\/\/bergers-schlagerparadies.de\/wp-content\/uploads\/2023\/07\/Madlen-Rausch-Womit-hab-ich-dich-verdient-1200x1200.jpg 1200w, https:\/\/bergers-schlagerparadies.de\/wp-content\/uploads\/2023\/07\/Madlen-Rausch-Womit-hab-ich-dich-verdient-1188x1188.jpg 1188w, https:\/\/bergers-schlagerparadies.de\/wp-content\/uploads\/2023\/07\/Madlen-Rausch-Womit-hab-ich-dich-verdient-100x100.jpg 100w, https:\/\/bergers-schlagerparadies.de\/wp-content\/uploads\/2023\/07\/Madlen-Rausch-Womit-hab-ich-dich-verdient.jpg 2000w\" sizes=\"auto, (max-width: 300px) 100vw, 300px\" \/>Mit bestechender Leichtigkeit und Lebensfreude taucht MADLEN RAUSCH in die Schlagerwelt ein. \u201eWomit hab ich dich verdient\u201c lautet die Frage der 28-j\u00e4hrigen Baden-W\u00fcrttembergerin mit der unverwechselbaren Stimme. MADLEN RAUSCH wei\u00df, was sie will und verfolgt ihren musikalischen Traum schon seit sie denken kann. Auch wenn sie zun\u00e4chst, wie es ihre schw\u00e4bische Familie liebevoll ausdr\u00fcckt, noch \u201ewas Gscheits\u201c machte und an der Uni Politikwissenschaften und Medienmanagement studierte. Bewegend ehrlich erz\u00e4hlt MADLEN RAUSCH mit ihrer Deb\u00fct Single, \u201eWomit hab ich dich verdient\u201c ihre eigene Geschichte. Ein mitrei\u00dfender Schlager, der ins Herz und die Beine geht und sich definitiv den Hitcharakter schon im Vorfeld sichert, perfekt arrangiert von den beiden Produzenten Felix Gauder und Armin Pertl.<br \/>\n\u201eIch bin im Gl\u00fccksrausch. Der Traum, meine eigenen Songs zu produzieren wird gerade wahr. Ein gro\u00dfartiges Team steht hinter mir, mein erster Plattenvertrag bei meinem Wunschlabel TELAMO und ich frag mich wirklich jeden Tag, womit ich das verdient habe. So entstand auch die Idee zur ersten Single.\u201c<br \/>\nDas Musikvideo wird ebenfalls am 21. Juli erscheinen. Kulisse f\u00fcr das Video \u2013 das GOP Variet\u00e9 Hannover. Kamera-Ass Marcel Brell setzte mit spielerischer Leichtigkeit cinematische Bilder in Szene, geleitet vom roten Faden, der mit hingebungsvoller Inspiration von Roberto Monden entwickelt wurde. F\u00fcr MADLEN RAUSCH war klar: \u201eIch m\u00f6chte meine eigene Geschichte erz\u00e4hlen. Meinen Weg, mit allen H\u00f6hen und Tiefen. Seinen Traum zu verfolgen, hei\u00dft auch oft R\u00fcckschl\u00e4ge einzustecken, sich immer wieder neu selbst herauszufordern und herausgefordert zu werden, wie das bei einem Casting ebenso ist.\u201c<br \/>\nAb 23. September 2023 erf\u00fcllt sich ein weiterer Kindheitstraum. Die erfolgreiche Veranstaltungsreihe \u201eSchlagernacht des Jahres\u201c feiert ihren 25. Geburtstag und MADLEN RAUSCH feiert mit. Im Gep\u00e4ck ihre ersten eigenen Songs. Messehalle Erfurt, Schleyerhalle Stuttgart, Versicherungsarena N\u00fcrnberg \u2013 irgendwie kann Madlen das alles noch gar nicht so richtig glauben und ist allen Beteiligten, ihrer Plattenfirma, ihren Produzenten, ihrem Management und Semmel Concerts unendlich dankbar f\u00fcr das Vertrauen in ihr fraglos bezauberndes Talent.<\/p>\n<p><span style=\"color: #800000;\"><strong>Quelle: Telamo<\/strong><\/span><\/p>\n<p><span style=\"color: #800000;\"><strong>Dieser Song ist ab dem 21.07.2023 in allen bekannten Onlineshops erh\u00e4ltlich!<\/strong><\/span><\/p>\n<p><span style=\"color: #800000;\"><strong>Airdate (f\u00fcr Radiosender): 21.07.2023<\/strong><\/span><\/p>\n","protected":false},"excerpt":{"rendered":"<p>Mit bestechender Leichtigkeit und Lebensfreude taucht MADLEN RAUSCH in die Schlagerwelt ein. \u201eWomit hab ich dich verdient\u201c lautet die Frage der 28-j\u00e4hrigen Baden-W\u00fcrttembergerin mit der unverwechselbaren Stimme. MADLEN RAUSCH wei\u00df, was sie will und verfolgt ihren musikalischen Traum schon seit sie denken kann. Auch wenn sie zun\u00e4chst, wie es ihre schw\u00e4bische Familie liebevoll ausdr\u00fcckt, noch \u201ewas Gscheits\u201c machte und an der Uni Politikwissenschaften und Medienmanagement studierte. Bewegend ehrlich erz\u00e4hlt MADLEN RAUSCH mit ihrer Deb\u00fct Single, \u201eWomit hab ich dich verdient\u201c ihre eigene Geschichte. Ein mitrei\u00dfender Schlager, der ins Herz und die Beine geht und sich definitiv den Hitcharakter schon im Vorfeld sichert, perfekt arrangiert von&#8230;<\/p>\n","protected":false},"author":1,"featured_media":19297,"comment_status":"open","ping_status":"open","sticky":false,"template":"","format":"standard","meta":{"footnotes":""},"categories":[2],"tags":[1966],"class_list":["post-19295","post","type-post","status-publish","format-standard","has-post-thumbnail","hentry","category-schlager","tag-madlen-rausch","wpcat-2-id"],"_links":{"self":[{"href":"https:\/\/bergers-schlagerparadies.de\/index.php?rest_route=\/wp\/v2\/posts\/19295","targetHints":{"allow":["GET"]}}],"collection":[{"href":"https:\/\/bergers-schlagerparadies.de\/index.php?rest_route=\/wp\/v2\/posts"}],"about":[{"href":"https:\/\/bergers-schlagerparadies.de\/index.php?rest_route=\/wp\/v2\/types\/post"}],"author":[{"embeddable":true,"href":"https:\/\/bergers-schlagerparadies.de\/index.php?rest_route=\/wp\/v2\/users\/1"}],"replies":[{"embeddable":true,"href":"https:\/\/bergers-schlagerparadies.de\/index.php?rest_route=%2Fwp%2Fv2%2Fcomments&post=19295"}],"version-history":[{"count":1,"href":"https:\/\/bergers-schlagerparadies.de\/index.php?rest_route=\/wp\/v2\/posts\/19295\/revisions"}],"predecessor-version":[{"id":19298,"href":"https:\/\/bergers-schlagerparadies.de\/index.php?rest_route=\/wp\/v2\/posts\/19295\/revisions\/19298"}],"wp:featuredmedia":[{"embeddable":true,"href":"https:\/\/bergers-schlagerparadies.de\/index.php?rest_route=\/wp\/v2\/media\/19297"}],"wp:attachment":[{"href":"https:\/\/bergers-schlagerparadies.de\/index.php?rest_route=%2Fwp%2Fv2%2Fmedia&parent=19295"}],"wp:term":[{"taxonomy":"category","embeddable":true,"href":"https:\/\/bergers-schlagerparadies.de\/index.php?rest_route=%2Fwp%2Fv2%2Fcategories&post=19295"},{"taxonomy":"post_tag","embeddable":true,"href":"https:\/\/bergers-schlagerparadies.de\/index.php?rest_route=%2Fwp%2Fv2%2Ftags&post=19295"}],"curies":[{"name":"wp","href":"https:\/\/api.w.org\/{rel}","templated":true}]}}