{"id":19262,"date":"2023-07-20T20:45:45","date_gmt":"2023-07-20T18:45:45","guid":{"rendered":"https:\/\/bergers-schlagerparadies.de\/?p=19262"},"modified":"2023-07-20T20:45:45","modified_gmt":"2023-07-20T18:45:45","slug":"manuel-spitzer-lueg-mich-nicht-an-%c2%b7-bergers-schlagerparadies","status":"publish","type":"post","link":"https:\/\/bergers-schlagerparadies.de\/?p=19262","title":{"rendered":"Manuel Spitzer &#8211; L\u00fcg mich nicht an \u00b7 Berger\u00b4s Schlagerparadies"},"content":{"rendered":"<p><img loading=\"lazy\" decoding=\"async\" class=\"size-medium wp-image-19264 alignleft\" src=\"https:\/\/bergers-schlagerparadies.de\/wp-content\/uploads\/2023\/07\/Manuel-Spitzer-Lueg-mich-nicht-an-300x300.jpg\" alt=\"\" width=\"300\" height=\"300\" srcset=\"https:\/\/bergers-schlagerparadies.de\/wp-content\/uploads\/2023\/07\/Manuel-Spitzer-Lueg-mich-nicht-an-300x300.jpg 300w, https:\/\/bergers-schlagerparadies.de\/wp-content\/uploads\/2023\/07\/Manuel-Spitzer-Lueg-mich-nicht-an-150x150.jpg 150w, https:\/\/bergers-schlagerparadies.de\/wp-content\/uploads\/2023\/07\/Manuel-Spitzer-Lueg-mich-nicht-an-768x768.jpg 768w, https:\/\/bergers-schlagerparadies.de\/wp-content\/uploads\/2023\/07\/Manuel-Spitzer-Lueg-mich-nicht-an-100x100.jpg 100w, https:\/\/bergers-schlagerparadies.de\/wp-content\/uploads\/2023\/07\/Manuel-Spitzer-Lueg-mich-nicht-an.jpg 800w\" sizes=\"auto, (max-width: 300px) 100vw, 300px\" \/>Wer kennt das Gef\u00fchl nicht?<\/p>\n<p>Man f\u00fchlt sich zerschlagen, unsicher und wei\u00df gerade nicht an welchem Punkt man steht. Es ist eine undefinierbare Situation, fast so, als w\u00fcrde man zwischen den Galaxien schweben. Man holt sich vom Freundeskreis und von Bekannten Meinungen und Ratschl\u00e4ge ein. Daraus versucht man sein eigenes Puzzle zu gestalten, jedoch kommt man schlussendlich immer wieder auf dieselben vier W\u00f6rter \u201eL\u00fcg mich nicht an\u201c. Genau so nennt sich die neue Single des Schlagerpop-S\u00e4ngers Manuel Spitzer.<\/p>\n<p>Gemeinsam mit dem Produzenten Lukas Lach, der f\u00fcr viele namhafte K\u00fcnstler*innen produziert, wurde aus dem Song eine poppige Dance-Nummer, die einen \u00fcber die Tanzfl\u00e4che schweben l\u00e4sst. Das Cover und Video dazu wurden wieder mit dem selbst gegr\u00fcndeten \u201eLIFEROCKER-TEAM\u201c von Manuel Spitzer umgesetzt.<\/p>\n<p>Der K\u00e4rntner w\u00fcnscht Euch mit seinem neuen Song \u201eL\u00fcg mich nicht an\u201c viel Spa\u00df beim Streamen und Downloaden.<\/p>\n<p><span style=\"color: #800000;\"><strong>Quelle: Fiesta Records<\/strong><\/span><\/p>\n<p><span style=\"color: #800000;\"><strong>Dieser Song ist ab dem 28.07.2023 in allen bekannten Onlineshops erh\u00e4ltlich!<\/strong><\/span><\/p>\n<p><span style=\"color: #800000;\"><strong>Airdate (f\u00fcr Radiosender): 21.07.2023<\/strong><\/span><\/p>\n","protected":false},"excerpt":{"rendered":"<p>Wer kennt das Gef\u00fchl nicht? Man f\u00fchlt sich zerschlagen, unsicher und wei\u00df gerade nicht an welchem Punkt man steht. Es ist eine undefinierbare Situation, fast so, als w\u00fcrde man zwischen den Galaxien schweben. Man holt sich vom Freundeskreis und von Bekannten Meinungen und Ratschl\u00e4ge ein. Daraus versucht man sein eigenes Puzzle zu gestalten, jedoch kommt man schlussendlich immer wieder auf dieselben vier W\u00f6rter \u201eL\u00fcg mich nicht an\u201c. Genau so nennt sich die neue Single des Schlagerpop-S\u00e4ngers Manuel Spitzer. Gemeinsam mit dem Produzenten Lukas Lach, der f\u00fcr viele namhafte K\u00fcnstler*innen produziert, wurde aus dem Song eine poppige Dance-Nummer, die einen \u00fcber die Tanzfl\u00e4che schweben l\u00e4sst. Das&#8230;<\/p>\n","protected":false},"author":1,"featured_media":19264,"comment_status":"open","ping_status":"open","sticky":false,"template":"","format":"standard","meta":{"footnotes":""},"categories":[2],"tags":[340],"class_list":["post-19262","post","type-post","status-publish","format-standard","has-post-thumbnail","hentry","category-schlager","tag-manuel-spitzer","wpcat-2-id"],"_links":{"self":[{"href":"https:\/\/bergers-schlagerparadies.de\/index.php?rest_route=\/wp\/v2\/posts\/19262","targetHints":{"allow":["GET"]}}],"collection":[{"href":"https:\/\/bergers-schlagerparadies.de\/index.php?rest_route=\/wp\/v2\/posts"}],"about":[{"href":"https:\/\/bergers-schlagerparadies.de\/index.php?rest_route=\/wp\/v2\/types\/post"}],"author":[{"embeddable":true,"href":"https:\/\/bergers-schlagerparadies.de\/index.php?rest_route=\/wp\/v2\/users\/1"}],"replies":[{"embeddable":true,"href":"https:\/\/bergers-schlagerparadies.de\/index.php?rest_route=%2Fwp%2Fv2%2Fcomments&post=19262"}],"version-history":[{"count":1,"href":"https:\/\/bergers-schlagerparadies.de\/index.php?rest_route=\/wp\/v2\/posts\/19262\/revisions"}],"predecessor-version":[{"id":19266,"href":"https:\/\/bergers-schlagerparadies.de\/index.php?rest_route=\/wp\/v2\/posts\/19262\/revisions\/19266"}],"wp:featuredmedia":[{"embeddable":true,"href":"https:\/\/bergers-schlagerparadies.de\/index.php?rest_route=\/wp\/v2\/media\/19264"}],"wp:attachment":[{"href":"https:\/\/bergers-schlagerparadies.de\/index.php?rest_route=%2Fwp%2Fv2%2Fmedia&parent=19262"}],"wp:term":[{"taxonomy":"category","embeddable":true,"href":"https:\/\/bergers-schlagerparadies.de\/index.php?rest_route=%2Fwp%2Fv2%2Fcategories&post=19262"},{"taxonomy":"post_tag","embeddable":true,"href":"https:\/\/bergers-schlagerparadies.de\/index.php?rest_route=%2Fwp%2Fv2%2Ftags&post=19262"}],"curies":[{"name":"wp","href":"https:\/\/api.w.org\/{rel}","templated":true}]}}