{"id":19257,"date":"2023-07-19T21:07:38","date_gmt":"2023-07-19T19:07:38","guid":{"rendered":"https:\/\/bergers-schlagerparadies.de\/?p=19257"},"modified":"2023-07-19T21:07:38","modified_gmt":"2023-07-19T19:07:38","slug":"der-schlagergotti-dann-leg-ich-schlager-auf-%c2%b7-bergers-schlagerparadies","status":"publish","type":"post","link":"https:\/\/bergers-schlagerparadies.de\/?p=19257","title":{"rendered":"Der SchlagerGotti &#8211; Dann leg ich Schlager auf \u00b7 Berger\u00b4s Schlagerparadies"},"content":{"rendered":"<p><img loading=\"lazy\" decoding=\"async\" class=\"size-medium wp-image-19259 alignleft\" src=\"https:\/\/bergers-schlagerparadies.de\/wp-content\/uploads\/2023\/07\/Der-SchlagerGotti-Dann-leg-ich-Schlager-auf-300x300.jpg\" alt=\"\" width=\"300\" height=\"300\" srcset=\"https:\/\/bergers-schlagerparadies.de\/wp-content\/uploads\/2023\/07\/Der-SchlagerGotti-Dann-leg-ich-Schlager-auf-300x300.jpg 300w, https:\/\/bergers-schlagerparadies.de\/wp-content\/uploads\/2023\/07\/Der-SchlagerGotti-Dann-leg-ich-Schlager-auf-1024x1024.jpg 1024w, https:\/\/bergers-schlagerparadies.de\/wp-content\/uploads\/2023\/07\/Der-SchlagerGotti-Dann-leg-ich-Schlager-auf-150x150.jpg 150w, https:\/\/bergers-schlagerparadies.de\/wp-content\/uploads\/2023\/07\/Der-SchlagerGotti-Dann-leg-ich-Schlager-auf-768x768.jpg 768w, https:\/\/bergers-schlagerparadies.de\/wp-content\/uploads\/2023\/07\/Der-SchlagerGotti-Dann-leg-ich-Schlager-auf-1536x1536.jpg 1536w, https:\/\/bergers-schlagerparadies.de\/wp-content\/uploads\/2023\/07\/Der-SchlagerGotti-Dann-leg-ich-Schlager-auf-2048x2048.jpg 2048w, https:\/\/bergers-schlagerparadies.de\/wp-content\/uploads\/2023\/07\/Der-SchlagerGotti-Dann-leg-ich-Schlager-auf-1200x1200.jpg 1200w, https:\/\/bergers-schlagerparadies.de\/wp-content\/uploads\/2023\/07\/Der-SchlagerGotti-Dann-leg-ich-Schlager-auf-1188x1188.jpg 1188w, https:\/\/bergers-schlagerparadies.de\/wp-content\/uploads\/2023\/07\/Der-SchlagerGotti-Dann-leg-ich-Schlager-auf-100x100.jpg 100w\" sizes=\"auto, (max-width: 300px) 100vw, 300px\" \/>&#8222;Dann Leg ich Schlager auf&#8220; &#8211; Der SchlagerGotti<br \/>\nWer glaubt, dass \u201eDann leg ich Schlager auf\u201c , \u00c4hnlichkeit mit den gro\u00dfen Erfolgen von &#8222;J\u00fcrgen Drews &#8220; hat, der hat recht.<br \/>\nHier hat das Erfolgsteam von J\u00fcrgen Drews die Finger im Spiel.<br \/>\nAlso, der &#8222;Schlagergotti&#8220; steht f\u00fcr &#8222;100% Schlager&#8220;.<br \/>\nVersprochen!<\/p>\n<p>&nbsp;<\/p>\n<p>&nbsp;<\/p>\n<p>&nbsp;<\/p>\n<p>&nbsp;<\/p>\n<p><span style=\"color: #800000;\"><strong>Quelle: Xtreme Sound Recordings<\/strong><\/span><\/p>\n<p><span style=\"color: #800000;\"><strong>Dieser Song ist ab dem 22.07.2023 in allen bekannten Onlineshops erh\u00e4ltlich!<\/strong><\/span><\/p>\n<p><span style=\"color: #800000;\"><strong>Airdate (f\u00fcr Radiosender): 18.07.2023<\/strong><\/span><\/p>\n","protected":false},"excerpt":{"rendered":"<p>&#8222;Dann Leg ich Schlager auf&#8220; &#8211; Der SchlagerGotti Wer glaubt, dass \u201eDann leg ich Schlager auf\u201c , \u00c4hnlichkeit mit den gro\u00dfen Erfolgen von &#8222;J\u00fcrgen Drews &#8220; hat, der hat recht. Hier hat das Erfolgsteam von J\u00fcrgen Drews die Finger im Spiel. Also, der &#8222;Schlagergotti&#8220; steht f\u00fcr &#8222;100% Schlager&#8220;. Versprochen! &nbsp; &nbsp; &nbsp; &nbsp; Quelle: Xtreme Sound Recordings Dieser Song ist ab dem 22.07.2023 in allen bekannten Onlineshops erh\u00e4ltlich! Airdate (f\u00fcr Radiosender): 18.07.2023<\/p>\n","protected":false},"author":1,"featured_media":19259,"comment_status":"open","ping_status":"open","sticky":false,"template":"","format":"standard","meta":{"footnotes":""},"categories":[2],"tags":[1963],"class_list":["post-19257","post","type-post","status-publish","format-standard","has-post-thumbnail","hentry","category-schlager","tag-der-schlagergotti","wpcat-2-id"],"_links":{"self":[{"href":"https:\/\/bergers-schlagerparadies.de\/index.php?rest_route=\/wp\/v2\/posts\/19257","targetHints":{"allow":["GET"]}}],"collection":[{"href":"https:\/\/bergers-schlagerparadies.de\/index.php?rest_route=\/wp\/v2\/posts"}],"about":[{"href":"https:\/\/bergers-schlagerparadies.de\/index.php?rest_route=\/wp\/v2\/types\/post"}],"author":[{"embeddable":true,"href":"https:\/\/bergers-schlagerparadies.de\/index.php?rest_route=\/wp\/v2\/users\/1"}],"replies":[{"embeddable":true,"href":"https:\/\/bergers-schlagerparadies.de\/index.php?rest_route=%2Fwp%2Fv2%2Fcomments&post=19257"}],"version-history":[{"count":1,"href":"https:\/\/bergers-schlagerparadies.de\/index.php?rest_route=\/wp\/v2\/posts\/19257\/revisions"}],"predecessor-version":[{"id":19260,"href":"https:\/\/bergers-schlagerparadies.de\/index.php?rest_route=\/wp\/v2\/posts\/19257\/revisions\/19260"}],"wp:featuredmedia":[{"embeddable":true,"href":"https:\/\/bergers-schlagerparadies.de\/index.php?rest_route=\/wp\/v2\/media\/19259"}],"wp:attachment":[{"href":"https:\/\/bergers-schlagerparadies.de\/index.php?rest_route=%2Fwp%2Fv2%2Fmedia&parent=19257"}],"wp:term":[{"taxonomy":"category","embeddable":true,"href":"https:\/\/bergers-schlagerparadies.de\/index.php?rest_route=%2Fwp%2Fv2%2Fcategories&post=19257"},{"taxonomy":"post_tag","embeddable":true,"href":"https:\/\/bergers-schlagerparadies.de\/index.php?rest_route=%2Fwp%2Fv2%2Ftags&post=19257"}],"curies":[{"name":"wp","href":"https:\/\/api.w.org\/{rel}","templated":true}]}}