{"id":19127,"date":"2023-07-14T11:11:30","date_gmt":"2023-07-14T09:11:30","guid":{"rendered":"https:\/\/bergers-schlagerparadies.de\/?p=19127"},"modified":"2023-07-14T11:11:30","modified_gmt":"2023-07-14T09:11:30","slug":"matthias-reim-die-hoehepunkte-der-arena-konzerte-live-album-%c2%b7-bergers-schlagerparadies","status":"publish","type":"post","link":"https:\/\/bergers-schlagerparadies.de\/?p=19127","title":{"rendered":"Matthias Reim &#8211; Die H\u00f6hepunkte der Arena-Konzerte &#8211; Live! (Album) \u00b7 Berger\u00b4s Schlagerparadies"},"content":{"rendered":"<p><img loading=\"lazy\" decoding=\"async\" class=\"size-medium wp-image-18993 alignleft\" src=\"https:\/\/bergers-schlagerparadies.de\/wp-content\/uploads\/2023\/07\/Matthias-Reim-Ich-hab-mich-so-auf-dich-gefreut-Radio-Edit-300x300.jpg\" alt=\"\" width=\"300\" height=\"300\" srcset=\"https:\/\/bergers-schlagerparadies.de\/wp-content\/uploads\/2023\/07\/Matthias-Reim-Ich-hab-mich-so-auf-dich-gefreut-Radio-Edit-300x300.jpg 300w, https:\/\/bergers-schlagerparadies.de\/wp-content\/uploads\/2023\/07\/Matthias-Reim-Ich-hab-mich-so-auf-dich-gefreut-Radio-Edit-1024x1024.jpg 1024w, https:\/\/bergers-schlagerparadies.de\/wp-content\/uploads\/2023\/07\/Matthias-Reim-Ich-hab-mich-so-auf-dich-gefreut-Radio-Edit-150x150.jpg 150w, https:\/\/bergers-schlagerparadies.de\/wp-content\/uploads\/2023\/07\/Matthias-Reim-Ich-hab-mich-so-auf-dich-gefreut-Radio-Edit-768x768.jpg 768w, https:\/\/bergers-schlagerparadies.de\/wp-content\/uploads\/2023\/07\/Matthias-Reim-Ich-hab-mich-so-auf-dich-gefreut-Radio-Edit-1536x1536.jpg 1536w, https:\/\/bergers-schlagerparadies.de\/wp-content\/uploads\/2023\/07\/Matthias-Reim-Ich-hab-mich-so-auf-dich-gefreut-Radio-Edit-2048x2048.jpg 2048w, https:\/\/bergers-schlagerparadies.de\/wp-content\/uploads\/2023\/07\/Matthias-Reim-Ich-hab-mich-so-auf-dich-gefreut-Radio-Edit-1200x1200.jpg 1200w, https:\/\/bergers-schlagerparadies.de\/wp-content\/uploads\/2023\/07\/Matthias-Reim-Ich-hab-mich-so-auf-dich-gefreut-Radio-Edit-1188x1188.jpg 1188w, https:\/\/bergers-schlagerparadies.de\/wp-content\/uploads\/2023\/07\/Matthias-Reim-Ich-hab-mich-so-auf-dich-gefreut-Radio-Edit-100x100.jpg 100w\" sizes=\"auto, (max-width: 300px) 100vw, 300px\" \/>Denkt man an die Legenden deutscher Musik, f\u00fchrt absolut kein Weg an ihm vorbei: Matthias Reim! Sein unverkennbar rockiger Stil pr\u00e4gt seit 30 Jahren Pop und Schlager und machte ihn zu einem der beliebtesten deutschen K\u00fcnstler, der auch noch heute Vollgas auf der B\u00fchne gibt. Um das triumphale neue Live-Konzept zu w\u00fcrdigen, erscheinen am 14.07. \u201eDie H\u00f6hepunkte der Arena-Konzerte &#8211; Live!\u201c. Fokustrack ist der Hit &#8222;Ich hab&#8216; mich so auf dich gefreut&#8220;<\/p>\n<p>&nbsp;<\/p>\n<p>&nbsp;<\/p>\n<p><span style=\"color: #800000;\"><strong>Quelle: SMD\/ RCA<\/strong><\/span><\/p>\n<p><span style=\"color: #800000;\"><strong>Dieses Live Album ist ab dem 14.07.2023 in allen bekannten Onlineshops erh\u00e4ltlich!<\/strong><\/span><\/p>\n<p><span style=\"color: #800000;\"><strong>Airdate (f\u00fcr Radiosender): 14.07.2023<\/strong><\/span><\/p>\n<p>&nbsp;<\/p>\n","protected":false},"excerpt":{"rendered":"<p>Denkt man an die Legenden deutscher Musik, f\u00fchrt absolut kein Weg an ihm vorbei: Matthias Reim! Sein unverkennbar rockiger Stil pr\u00e4gt seit 30 Jahren Pop und Schlager und machte ihn zu einem der beliebtesten deutschen K\u00fcnstler, der auch noch heute Vollgas auf der B\u00fchne gibt. Um das triumphale neue Live-Konzept zu w\u00fcrdigen, erscheinen am 14.07. \u201eDie H\u00f6hepunkte der Arena-Konzerte &#8211; Live!\u201c. Fokustrack ist der Hit &#8222;Ich hab&#8216; mich so auf dich gefreut&#8220; &nbsp; &nbsp; Quelle: SMD\/ RCA Dieses Live Album ist ab dem 14.07.2023 in allen bekannten Onlineshops erh\u00e4ltlich! Airdate (f\u00fcr Radiosender): 14.07.2023 &nbsp;<\/p>\n","protected":false},"author":1,"featured_media":18993,"comment_status":"open","ping_status":"open","sticky":false,"template":"","format":"standard","meta":{"footnotes":""},"categories":[2],"tags":[238],"class_list":["post-19127","post","type-post","status-publish","format-standard","has-post-thumbnail","hentry","category-schlager","tag-matthias-reim","wpcat-2-id"],"_links":{"self":[{"href":"https:\/\/bergers-schlagerparadies.de\/index.php?rest_route=\/wp\/v2\/posts\/19127","targetHints":{"allow":["GET"]}}],"collection":[{"href":"https:\/\/bergers-schlagerparadies.de\/index.php?rest_route=\/wp\/v2\/posts"}],"about":[{"href":"https:\/\/bergers-schlagerparadies.de\/index.php?rest_route=\/wp\/v2\/types\/post"}],"author":[{"embeddable":true,"href":"https:\/\/bergers-schlagerparadies.de\/index.php?rest_route=\/wp\/v2\/users\/1"}],"replies":[{"embeddable":true,"href":"https:\/\/bergers-schlagerparadies.de\/index.php?rest_route=%2Fwp%2Fv2%2Fcomments&post=19127"}],"version-history":[{"count":1,"href":"https:\/\/bergers-schlagerparadies.de\/index.php?rest_route=\/wp\/v2\/posts\/19127\/revisions"}],"predecessor-version":[{"id":19129,"href":"https:\/\/bergers-schlagerparadies.de\/index.php?rest_route=\/wp\/v2\/posts\/19127\/revisions\/19129"}],"wp:featuredmedia":[{"embeddable":true,"href":"https:\/\/bergers-schlagerparadies.de\/index.php?rest_route=\/wp\/v2\/media\/18993"}],"wp:attachment":[{"href":"https:\/\/bergers-schlagerparadies.de\/index.php?rest_route=%2Fwp%2Fv2%2Fmedia&parent=19127"}],"wp:term":[{"taxonomy":"category","embeddable":true,"href":"https:\/\/bergers-schlagerparadies.de\/index.php?rest_route=%2Fwp%2Fv2%2Fcategories&post=19127"},{"taxonomy":"post_tag","embeddable":true,"href":"https:\/\/bergers-schlagerparadies.de\/index.php?rest_route=%2Fwp%2Fv2%2Ftags&post=19127"}],"curies":[{"name":"wp","href":"https:\/\/api.w.org\/{rel}","templated":true}]}}