{"id":19105,"date":"2023-07-14T09:29:56","date_gmt":"2023-07-14T07:29:56","guid":{"rendered":"https:\/\/bergers-schlagerparadies.de\/?p=19105"},"modified":"2023-07-14T09:29:56","modified_gmt":"2023-07-14T07:29:56","slug":"daniel-sommer-wie-ein-evergreen-%c2%b7-bergers-schlagerparadies","status":"publish","type":"post","link":"https:\/\/bergers-schlagerparadies.de\/?p=19105","title":{"rendered":"Daniel Sommer &#8211; Wie ein Evergreen \u00b7 Berger\u00b4s Schlagerparadies"},"content":{"rendered":"<p><img loading=\"lazy\" decoding=\"async\" class=\"size-medium wp-image-19107 alignleft\" src=\"https:\/\/bergers-schlagerparadies.de\/wp-content\/uploads\/2023\/07\/Daniel-Sommer-Wie-ein-Evergreen-300x300.jpg\" alt=\"\" width=\"300\" height=\"300\" srcset=\"https:\/\/bergers-schlagerparadies.de\/wp-content\/uploads\/2023\/07\/Daniel-Sommer-Wie-ein-Evergreen-300x300.jpg 300w, https:\/\/bergers-schlagerparadies.de\/wp-content\/uploads\/2023\/07\/Daniel-Sommer-Wie-ein-Evergreen-1024x1024.jpg 1024w, https:\/\/bergers-schlagerparadies.de\/wp-content\/uploads\/2023\/07\/Daniel-Sommer-Wie-ein-Evergreen-150x150.jpg 150w, https:\/\/bergers-schlagerparadies.de\/wp-content\/uploads\/2023\/07\/Daniel-Sommer-Wie-ein-Evergreen-768x768.jpg 768w, https:\/\/bergers-schlagerparadies.de\/wp-content\/uploads\/2023\/07\/Daniel-Sommer-Wie-ein-Evergreen-1200x1200.jpg 1200w, https:\/\/bergers-schlagerparadies.de\/wp-content\/uploads\/2023\/07\/Daniel-Sommer-Wie-ein-Evergreen-1188x1188.jpg 1188w, https:\/\/bergers-schlagerparadies.de\/wp-content\/uploads\/2023\/07\/Daniel-Sommer-Wie-ein-Evergreen-100x100.jpg 100w, https:\/\/bergers-schlagerparadies.de\/wp-content\/uploads\/2023\/07\/Daniel-Sommer-Wie-ein-Evergreen.jpg 1400w\" sizes=\"auto, (max-width: 300px) 100vw, 300px\" \/>\u201eWas f\u00fcr ein geiles Gef\u00fchl! (altern.: Mega-Gef\u00fchl) Wenn tausende Menschen vor der B\u00fchne stehen, deine Lieder mitsingen und eine gute Zeit haben &#8211; das hat absolutes Suchtpotential!\u201c Shootingstar Daniel Sommer begleitet aktuell Roland Kaiser auf ausgew\u00e4hlten Konzerten seiner Open Air-Tournee und begeistert die Kaiser-Fans im Vorprogramm mit seinen Songs. Besonders ein Lied l\u00e4sst aufhorchen: seine neue Single \u201eWie ein Evergreen\u201c, der am 14.07.2023 an die Radios geht.<\/p>\n<p>Bewegend und pers\u00f6nlich zugleich pr\u00e4sentiert sich Daniel Sommer in seiner neuen Single, die er seinem geliebten Gro\u00dfvater widmet. Von einem mitrei\u00dfenden Arrangement getragen, gew\u00e4hrt der Singer-Songwriter Einblicke in seine Kindheit. Zugleich aber auch ein musikalisches Dankesch\u00f6n an den Mann, mit dem er so viel erlebt und geteilt hat. Ob bei der Seepferdchen-Pr\u00fcfung oder beim ersten Schneemann, Opa Heinz hat Daniel bei entscheidenden Meilensteinen begleitet und ihn immer unterst\u00fctzt. Kein Wunder also \u2013 nein, vielmehr selbstverst\u00e4ndlich \u2013 dass er auch eine tragende Rolle im Videoclip der letzten Single seines Enkels \u201eMan darf doch wohl noch tr\u00e4umen\u201c \u00fcbernommen hat. Mit dem Titelsong seines Deb\u00fctalbums konnte Daniel Sommer k\u00fcrzlich nicht nur die H\u00f6rerhitparaden der Sender st\u00fcrmen, sondern kletterte sogar bis aufs Treppchen der hiesigen Airplaycharts Pop konservativ.<\/p>\n<p>\u201e\u2019Wie ein Evergreen\u2019 feiert nicht nur alle Opas und Papas, die f\u00fcr ihre Kleinen da sind, sondern alle besonderen Menschen da drau\u00dfen, die sich eben als \u201eEvergreens\u201c unsterblich gemacht haben und t\u00e4glich machen.\u201c so Sommer \u201eIch wei\u00df, es ist nicht immer leicht und man muss oft auch Opfer bringen, aber genau das ist es, was diese Menschen so besonders macht\u201c.<\/p>\n<p>Seine ersten Sporen verdiente sich der Wahl-D\u00fcsseldorfer bereits als Teenager mit seiner Gitarre in der Fu\u00dfg\u00e4ngerzone. Dass er heute als etablierter Songwriter f\u00fcr Superstars wie Maite Kelly (\u201eIch brauch einen Mann\u201c, \u201eF\u00fcr Gef\u00fchle kann man nichts\u201c) oder Roland Kaiser (\u201eGegen die Liebe kommt man nicht an\u201c) schreibt und mit ihnen arbeiten darf ist mittlerweile kein Geheimnis mehr und auch ein gro\u00dfer Teil seines wahrgewordenen Traumes. Obendrein dem Publikum auch als S\u00e4nger seine eigene Musik pr\u00e4sentieren zu d\u00fcrfen, setzt dem Gl\u00fccksgef\u00fchl dann aber noch die Krone auf.<\/p>\n<p>Daniel Sommers Deb\u00fctalbum \u201eMan darf doch wohl noch tr\u00e4umen\u201c ist am 26.05.2023 bei TELAMO erschienen. Die Single \u201eWie ein Evergreen\u201c geht am 14.07.2023 an die Radiosender.<\/p>\n<p><span style=\"color: #800000;\"><strong>Quelle: TELAMO<\/strong><\/span><\/p>\n<p><span style=\"color: #800000;\"><strong>Dieser Song ist ab dem 14.07.2023 in allen bekannten Onlineshops erh\u00e4ltlich!<\/strong><\/span><\/p>\n<p><span style=\"color: #800000;\"><strong>Airdate (f\u00fcr Radiosender): 14.07.2023<\/strong><\/span><\/p>\n","protected":false},"excerpt":{"rendered":"<p>\u201eWas f\u00fcr ein geiles Gef\u00fchl! (altern.: Mega-Gef\u00fchl) Wenn tausende Menschen vor der B\u00fchne stehen, deine Lieder mitsingen und eine gute Zeit haben &#8211; das hat absolutes Suchtpotential!\u201c Shootingstar Daniel Sommer begleitet aktuell Roland Kaiser auf ausgew\u00e4hlten Konzerten seiner Open Air-Tournee und begeistert die Kaiser-Fans im Vorprogramm mit seinen Songs. Besonders ein Lied l\u00e4sst aufhorchen: seine neue Single \u201eWie ein Evergreen\u201c, der am 14.07.2023 an die Radios geht. Bewegend und pers\u00f6nlich zugleich pr\u00e4sentiert sich Daniel Sommer in seiner neuen Single, die er seinem geliebten Gro\u00dfvater widmet. Von einem mitrei\u00dfenden Arrangement getragen, gew\u00e4hrt der Singer-Songwriter Einblicke in seine Kindheit. Zugleich aber auch ein musikalisches Dankesch\u00f6n an den&#8230;<\/p>\n","protected":false},"author":1,"featured_media":19107,"comment_status":"open","ping_status":"open","sticky":false,"template":"","format":"standard","meta":{"footnotes":""},"categories":[2],"tags":[920],"class_list":["post-19105","post","type-post","status-publish","format-standard","has-post-thumbnail","hentry","category-schlager","tag-daniel-sommer","wpcat-2-id"],"_links":{"self":[{"href":"https:\/\/bergers-schlagerparadies.de\/index.php?rest_route=\/wp\/v2\/posts\/19105","targetHints":{"allow":["GET"]}}],"collection":[{"href":"https:\/\/bergers-schlagerparadies.de\/index.php?rest_route=\/wp\/v2\/posts"}],"about":[{"href":"https:\/\/bergers-schlagerparadies.de\/index.php?rest_route=\/wp\/v2\/types\/post"}],"author":[{"embeddable":true,"href":"https:\/\/bergers-schlagerparadies.de\/index.php?rest_route=\/wp\/v2\/users\/1"}],"replies":[{"embeddable":true,"href":"https:\/\/bergers-schlagerparadies.de\/index.php?rest_route=%2Fwp%2Fv2%2Fcomments&post=19105"}],"version-history":[{"count":1,"href":"https:\/\/bergers-schlagerparadies.de\/index.php?rest_route=\/wp\/v2\/posts\/19105\/revisions"}],"predecessor-version":[{"id":19108,"href":"https:\/\/bergers-schlagerparadies.de\/index.php?rest_route=\/wp\/v2\/posts\/19105\/revisions\/19108"}],"wp:featuredmedia":[{"embeddable":true,"href":"https:\/\/bergers-schlagerparadies.de\/index.php?rest_route=\/wp\/v2\/media\/19107"}],"wp:attachment":[{"href":"https:\/\/bergers-schlagerparadies.de\/index.php?rest_route=%2Fwp%2Fv2%2Fmedia&parent=19105"}],"wp:term":[{"taxonomy":"category","embeddable":true,"href":"https:\/\/bergers-schlagerparadies.de\/index.php?rest_route=%2Fwp%2Fv2%2Fcategories&post=19105"},{"taxonomy":"post_tag","embeddable":true,"href":"https:\/\/bergers-schlagerparadies.de\/index.php?rest_route=%2Fwp%2Fv2%2Ftags&post=19105"}],"curies":[{"name":"wp","href":"https:\/\/api.w.org\/{rel}","templated":true}]}}