{"id":19092,"date":"2023-07-13T21:25:50","date_gmt":"2023-07-13T19:25:50","guid":{"rendered":"https:\/\/bergers-schlagerparadies.de\/?p=19092"},"modified":"2023-07-13T21:25:50","modified_gmt":"2023-07-13T19:25:50","slug":"paolo-p-sowas-von-klar-%c2%b7-bergers-schlagerparadies","status":"publish","type":"post","link":"https:\/\/bergers-schlagerparadies.de\/?p=19092","title":{"rendered":"Paolo P. &#8211; Sowas von klar \u00b7 Berger\u00b4s Schlagerparadies"},"content":{"rendered":"<p><img loading=\"lazy\" decoding=\"async\" class=\"size-medium wp-image-19094 alignleft\" src=\"https:\/\/bergers-schlagerparadies.de\/wp-content\/uploads\/2023\/07\/Paolo-P.-Sowas-von-klar-300x300.jpg\" alt=\"\" width=\"300\" height=\"300\" srcset=\"https:\/\/bergers-schlagerparadies.de\/wp-content\/uploads\/2023\/07\/Paolo-P.-Sowas-von-klar-300x300.jpg 300w, https:\/\/bergers-schlagerparadies.de\/wp-content\/uploads\/2023\/07\/Paolo-P.-Sowas-von-klar-150x150.jpg 150w, https:\/\/bergers-schlagerparadies.de\/wp-content\/uploads\/2023\/07\/Paolo-P.-Sowas-von-klar-100x100.jpg 100w, https:\/\/bergers-schlagerparadies.de\/wp-content\/uploads\/2023\/07\/Paolo-P.-Sowas-von-klar.jpg 600w\" sizes=\"auto, (max-width: 300px) 100vw, 300px\" \/>Endlich ist es so weit: Paolo P. geht mit seinem brandaktuellen Titel \u201eSowas von klar\u201c an den Start!<\/p>\n<p>F\u00fcr diesen Titel nahm der K\u00f6lner Interpret seinen langj\u00e4hrigen Produzenten Hans Haas (FoxTon Music) und die Texterin \u201eKathleen Tielscher\u201c mit ins Boot. Das Ergebnis dieser Zusammenarbeit kann sich durchaus h\u00f6ren und auch sehen lassen.<\/p>\n<p>Das passende Musikvideo wurde ebenso dazu abgedreht und wird zeitgleich mit der Single \u00fcber den YouTube-Channel des K\u00f6lner Erfolgslabels \u201eFiesta Records\u201c ver\u00f6ffentlicht.<\/p>\n<p>Fox Freunde und tanzw\u00fctige \u201eFox-Dancer\u201c werden ganz sicher auf ihre Kosten kommen &#8211; das ist mal \u201eSowas von klar\u201c!<\/p>\n<p><span style=\"color: #800000;\"><strong>Quelle: Fiesta Records<\/strong><\/span><\/p>\n<p><span style=\"color: #800000;\"><strong>Dieser Song ist ab dem 21.07.2023 in allen bekannten Onlineshops erh\u00e4ltlich!<\/strong><\/span><\/p>\n<p><span style=\"color: #800000;\"><strong>Airdate (f\u00fcr Radiosender): 14.07.2023<\/strong><\/span><\/p>\n","protected":false},"excerpt":{"rendered":"<p>Endlich ist es so weit: Paolo P. geht mit seinem brandaktuellen Titel \u201eSowas von klar\u201c an den Start! F\u00fcr diesen Titel nahm der K\u00f6lner Interpret seinen langj\u00e4hrigen Produzenten Hans Haas (FoxTon Music) und die Texterin \u201eKathleen Tielscher\u201c mit ins Boot. Das Ergebnis dieser Zusammenarbeit kann sich durchaus h\u00f6ren und auch sehen lassen. Das passende Musikvideo wurde ebenso dazu abgedreht und wird zeitgleich mit der Single \u00fcber den YouTube-Channel des K\u00f6lner Erfolgslabels \u201eFiesta Records\u201c ver\u00f6ffentlicht. Fox Freunde und tanzw\u00fctige \u201eFox-Dancer\u201c werden ganz sicher auf ihre Kosten kommen &#8211; das ist mal \u201eSowas von klar\u201c! Quelle: Fiesta Records Dieser Song ist ab dem 21.07.2023 in allen bekannten&#8230;<\/p>\n","protected":false},"author":1,"featured_media":19094,"comment_status":"open","ping_status":"open","sticky":false,"template":"","format":"standard","meta":{"footnotes":""},"categories":[2],"tags":[820],"class_list":["post-19092","post","type-post","status-publish","format-standard","has-post-thumbnail","hentry","category-schlager","tag-paolo-p","wpcat-2-id"],"_links":{"self":[{"href":"https:\/\/bergers-schlagerparadies.de\/index.php?rest_route=\/wp\/v2\/posts\/19092","targetHints":{"allow":["GET"]}}],"collection":[{"href":"https:\/\/bergers-schlagerparadies.de\/index.php?rest_route=\/wp\/v2\/posts"}],"about":[{"href":"https:\/\/bergers-schlagerparadies.de\/index.php?rest_route=\/wp\/v2\/types\/post"}],"author":[{"embeddable":true,"href":"https:\/\/bergers-schlagerparadies.de\/index.php?rest_route=\/wp\/v2\/users\/1"}],"replies":[{"embeddable":true,"href":"https:\/\/bergers-schlagerparadies.de\/index.php?rest_route=%2Fwp%2Fv2%2Fcomments&post=19092"}],"version-history":[{"count":1,"href":"https:\/\/bergers-schlagerparadies.de\/index.php?rest_route=\/wp\/v2\/posts\/19092\/revisions"}],"predecessor-version":[{"id":19095,"href":"https:\/\/bergers-schlagerparadies.de\/index.php?rest_route=\/wp\/v2\/posts\/19092\/revisions\/19095"}],"wp:featuredmedia":[{"embeddable":true,"href":"https:\/\/bergers-schlagerparadies.de\/index.php?rest_route=\/wp\/v2\/media\/19094"}],"wp:attachment":[{"href":"https:\/\/bergers-schlagerparadies.de\/index.php?rest_route=%2Fwp%2Fv2%2Fmedia&parent=19092"}],"wp:term":[{"taxonomy":"category","embeddable":true,"href":"https:\/\/bergers-schlagerparadies.de\/index.php?rest_route=%2Fwp%2Fv2%2Fcategories&post=19092"},{"taxonomy":"post_tag","embeddable":true,"href":"https:\/\/bergers-schlagerparadies.de\/index.php?rest_route=%2Fwp%2Fv2%2Ftags&post=19092"}],"curies":[{"name":"wp","href":"https:\/\/api.w.org\/{rel}","templated":true}]}}