{"id":19054,"date":"2023-07-12T21:24:24","date_gmt":"2023-07-12T19:24:24","guid":{"rendered":"https:\/\/bergers-schlagerparadies.de\/?p=19054"},"modified":"2023-07-12T21:24:24","modified_gmt":"2023-07-12T19:24:24","slug":"pola-okay-%c2%b7-bergers-schlagerparadies","status":"publish","type":"post","link":"https:\/\/bergers-schlagerparadies.de\/?p=19054","title":{"rendered":"POLA &#8211; Okay \u00b7 Berger\u00b4s Schlagerparadies"},"content":{"rendered":"<p><img loading=\"lazy\" decoding=\"async\" class=\"size-medium wp-image-19056 alignleft\" src=\"https:\/\/bergers-schlagerparadies.de\/wp-content\/uploads\/2023\/07\/POLA-Okay-300x300.jpg\" alt=\"\" width=\"300\" height=\"300\" srcset=\"https:\/\/bergers-schlagerparadies.de\/wp-content\/uploads\/2023\/07\/POLA-Okay-300x300.jpg 300w, https:\/\/bergers-schlagerparadies.de\/wp-content\/uploads\/2023\/07\/POLA-Okay-1024x1024.jpg 1024w, https:\/\/bergers-schlagerparadies.de\/wp-content\/uploads\/2023\/07\/POLA-Okay-150x150.jpg 150w, https:\/\/bergers-schlagerparadies.de\/wp-content\/uploads\/2023\/07\/POLA-Okay-768x768.jpg 768w, https:\/\/bergers-schlagerparadies.de\/wp-content\/uploads\/2023\/07\/POLA-Okay-1188x1188.jpg 1188w, https:\/\/bergers-schlagerparadies.de\/wp-content\/uploads\/2023\/07\/POLA-Okay-100x100.jpg 100w, https:\/\/bergers-schlagerparadies.de\/wp-content\/uploads\/2023\/07\/POLA-Okay.jpg 1200w\" sizes=\"auto, (max-width: 300px) 100vw, 300px\" \/>Der Song handelt von meinen Angstzust\u00e4nden unter denen ich lange gelitten habe. Es soll ein Song sein, der anderen Mut macht, mit seinen \u00c4ngsten leben zu k\u00f6nnen.<br \/>\nDer Song wird am selben Tag ver\u00f6ffentlicht an dem ich als Support Act bei SILBERMOND in Erfurt spiele. Ich bin bis einschlie\u00dflich 02.09. mit SILBERMOND auf Tour und stelle dort meine neuen Songs vor.<\/p>\n<p>&nbsp;<\/p>\n<p>&nbsp;<\/p>\n<p>&nbsp;<\/p>\n<p><span style=\"color: #800000;\"><strong>Quelle: RecordJet<\/strong><\/span><\/p>\n<p><span style=\"color: #800000;\"><strong>Dieser Song ist ab dem 14.07.2023 in allen bekannten Onlineshops erh\u00e4ltlich!<\/strong><\/span><\/p>\n<p><span style=\"color: #800000;\"><strong>Airdate (f\u00fcr Radiosender): 14.07.2023<\/strong><\/span><\/p>\n","protected":false},"excerpt":{"rendered":"<p>Der Song handelt von meinen Angstzust\u00e4nden unter denen ich lange gelitten habe. Es soll ein Song sein, der anderen Mut macht, mit seinen \u00c4ngsten leben zu k\u00f6nnen. Der Song wird am selben Tag ver\u00f6ffentlicht an dem ich als Support Act bei SILBERMOND in Erfurt spiele. Ich bin bis einschlie\u00dflich 02.09. mit SILBERMOND auf Tour und stelle dort meine neuen Songs vor. &nbsp; &nbsp; &nbsp; Quelle: RecordJet Dieser Song ist ab dem 14.07.2023 in allen bekannten Onlineshops erh\u00e4ltlich! Airdate (f\u00fcr Radiosender): 14.07.2023<\/p>\n","protected":false},"author":1,"featured_media":19056,"comment_status":"open","ping_status":"open","sticky":false,"template":"","format":"standard","meta":{"footnotes":""},"categories":[2],"tags":[1948],"class_list":["post-19054","post","type-post","status-publish","format-standard","has-post-thumbnail","hentry","category-schlager","tag-pola","wpcat-2-id"],"_links":{"self":[{"href":"https:\/\/bergers-schlagerparadies.de\/index.php?rest_route=\/wp\/v2\/posts\/19054","targetHints":{"allow":["GET"]}}],"collection":[{"href":"https:\/\/bergers-schlagerparadies.de\/index.php?rest_route=\/wp\/v2\/posts"}],"about":[{"href":"https:\/\/bergers-schlagerparadies.de\/index.php?rest_route=\/wp\/v2\/types\/post"}],"author":[{"embeddable":true,"href":"https:\/\/bergers-schlagerparadies.de\/index.php?rest_route=\/wp\/v2\/users\/1"}],"replies":[{"embeddable":true,"href":"https:\/\/bergers-schlagerparadies.de\/index.php?rest_route=%2Fwp%2Fv2%2Fcomments&post=19054"}],"version-history":[{"count":1,"href":"https:\/\/bergers-schlagerparadies.de\/index.php?rest_route=\/wp\/v2\/posts\/19054\/revisions"}],"predecessor-version":[{"id":19057,"href":"https:\/\/bergers-schlagerparadies.de\/index.php?rest_route=\/wp\/v2\/posts\/19054\/revisions\/19057"}],"wp:featuredmedia":[{"embeddable":true,"href":"https:\/\/bergers-schlagerparadies.de\/index.php?rest_route=\/wp\/v2\/media\/19056"}],"wp:attachment":[{"href":"https:\/\/bergers-schlagerparadies.de\/index.php?rest_route=%2Fwp%2Fv2%2Fmedia&parent=19054"}],"wp:term":[{"taxonomy":"category","embeddable":true,"href":"https:\/\/bergers-schlagerparadies.de\/index.php?rest_route=%2Fwp%2Fv2%2Fcategories&post=19054"},{"taxonomy":"post_tag","embeddable":true,"href":"https:\/\/bergers-schlagerparadies.de\/index.php?rest_route=%2Fwp%2Fv2%2Ftags&post=19054"}],"curies":[{"name":"wp","href":"https:\/\/api.w.org\/{rel}","templated":true}]}}